{"id":38800,"date":"2023-10-24T00:59:03","date_gmt":"2023-10-23T22:59:03","guid":{"rendered":"http:\/\/www.infokuryr.cz\/n\/?p=38800"},"modified":"2023-10-23T14:34:03","modified_gmt":"2023-10-23T12:34:03","slug":"petr-hannig-zkazonosne-vlny-se-vali-na-evropu","status":"publish","type":"post","link":"https:\/\/www.infokuryr.cz\/n\/2023\/10\/24\/petr-hannig-zkazonosne-vlny-se-vali-na-evropu\/","title":{"rendered":"Petr Hannig: Zk\u00e1zonosn\u00e9 vlny se val\u00ed na Evropu"},"content":{"rendered":"<div id=\"fb-root\"><\/div>\n<p><strong>St\u0159\u00edlen\u00ed do bezbrann\u00fdch civilist\u016f, u\u0159ez\u00e1v\u00e1n\u00ed hlav d\u011btem, zab\u00edjen\u00ed devades\u00e1tilet\u00fdch, to v\u0161echno jsou radik\u00e1ln\u00ed islamist\u00e9, kte\u0159\u00ed za\u00fato\u010dili z\u00a0p\u00e1sma Gazy.<\/strong><\/p>\n<p>Mysl\u00edte si, \u017ee se v\u00a0z\u00e1padn\u00edch st\u00e1tech Evropsk\u00e9 unie zvedne vlna solidarity s\u00a0t\u011bmito ob\u011btmi besti\u00e1ln\u00edho vra\u017ed\u011bn\u00ed? \u00d3 nikoliv. V\u016fbec ne. Pr\u00e1v\u011b naopak. Solidarita je pr\u00e1v\u011b s\u00a0on\u011bmi vrahy. V\u00a0p\u00e1smu Gazy volilo Hamas, ze kter\u00e9ho se rekrutovali oni vrazi, \u010dty\u0159i p\u011btiny obyvatelstva. \u010cili v\u00a0podstat\u011b i civiln\u00ed obyvatelstvo t\u00edm p\u00e1dem fand\u00ed \u0159\u00e1d\u011bn\u00ed lidsk\u00fdch besti\u00ed ze 7.\u00a0\u0159\u00edjna. A to nejenom v\u00a0p\u00e1smu Gazy, ale i na z\u00e1padn\u00edm b\u0159ehu Jord\u00e1nu.<\/p>\n<p>Nejenom hlavn\u00ed m\u011bsta z\u00e1padoevropsk\u00fdch zem\u00ed jsou plny demonstrac\u00ed na podporu Palestiny a proti st\u00e1tu Izrael. A nejenom demonstrac\u00ed. V\u00a0Berl\u00edn\u011b ho\u0159\u00ed auta, sta\u0159\u00ed profeso\u0159i jsou fyzicky napad\u00e1ni \u010dtrn\u00e1ctilet\u00fdmi v\u00fdrostky z\u00a0imigrantsk\u00e9ho prost\u0159ed\u00ed, jejich\u017e rodi\u010d\u016fm a tud\u00ed\u017e i jim poskytlo N\u011bmecko luxusn\u00ed \u017eivot bez pr\u00e1ce z\u00a0podpor, na kter\u00e9 se skl\u00e1daj\u00ed N\u011bmci sv\u00fdm soci\u00e1ln\u00edm syst\u00e9mem. Mlad\u00edci z\u00a0tohoto imigrantsk\u00e9ho prost\u0159ed\u00ed jim za to zapaluj\u00ed auta, maluj\u00ed nacistick\u00e9 symboly a \u017eidovsk\u00e9 hv\u011bzdy jako za Hitlera na domy nebo obchody.<\/p>\n<p>EU op\u011bt pokra\u010duje ve sv\u00e9 sebevra\u017eedn\u00e9 misi. Chce nav\u00fd\u0161it podporu p\u00e1smu Gazy s\u00a0t\u00edm, \u017ee by finan\u010dn\u00ed prost\u0159edky m\u011bly b\u00fdt kontrolov\u00e1ny, zdali jsou skute\u010dn\u011b vyu\u017e\u00edv\u00e1ny pouze pro humanit\u00e1rn\u00ed \u00fa\u010dely? Copak tomu tak n\u011bkdy bylo? Za co asi Hamas nakoupil ty v\u0161echny zbran\u011b, rakety? Za co vybudoval sta kilometr\u016f podzemn\u00edch chodeb? Copak z\u00e1padn\u00ed st\u00e1ty EU nemaj\u00ed dost probl\u00e9m\u016f se sv\u00fdmi imigranty, kter\u00fdm tak srde\u010dn\u011b otev\u0159ely svou n\u00e1ru\u010d? \u00bbWir schaffen das!\u00ab Ano, zvl\u00e1dneme to a\u017e do tot\u00e1ln\u00edho zni\u010den\u00ed Evropy.<\/p>\n<p>P\u0159i pohledu na b\u00e1rky, kter\u00fdmi neziskov\u00e9 organizace ze z\u00e1padn\u00edch zem\u00ed pod pl\u00e1\u0161t\u00edkem z\u00e1chrany po mo\u0159i pa\u0161uj\u00ed do Evropy tis\u00edce a tis\u00edce nov\u00fdch imigrant\u016f, se n\u00e1m d\u011bl\u00e1 p\u0159\u00edmo zle. Mlad\u00fdch mu\u017e\u016f v\u00a0pln\u00e9 s\u00edle. A kdy\u017e se d\u00edv\u00e1me na ony demonstrace a hlavn\u011b \u0159\u00e1d\u011bn\u00ed v\u00a0Berl\u00edn\u011b i jinde, jsou to ty sam\u00e9 typy, kter\u00e9 m\u011bn\u00ed starou kr\u00e1snou Evropu na m\u00edsto k\u00a0ne\u017eit\u00ed. Kde si nikdo nem\u016f\u017ee b\u00fdt jist\u00fd, \u017ee jej nep\u0159epadne n\u011bjak\u00fd n\u00e1bo\u017eensk\u00fd \u0161\u00edlenec.<\/p>\n<p>Jedno je v\u0161ak jist\u00e9. Tato pro Evropu zk\u00e1zonosn\u00e1 imigrace se mus\u00ed zastavit. V\u00a0Bruselu vra\u017edil Tunisan, kter\u00fd byl tak\u00e9 \u00bbzachr\u00e1n\u011bn\u00ab evropsk\u00fdmi neziskovkami ve St\u0159edozemn\u00edm mo\u0159i a p\u0159ist\u00e1l na italsk\u00e9 Lampeduse u\u017e v\u00a0roce\u00a02011. Pokou\u0161el se dostat azyl v\u00a0Norsku, \u0160v\u00e9dsku a nakonec zakotvil v\u00a0Belgii. Ze v\u0161ech t\u011bchto zem\u00ed byl vyho\u0161t\u011bn, ale z\u016fstal. Po vra\u017ed\u011b dvou \u0161v\u00e9dsk\u00fdch fotbalov\u00fdch fand\u016f byl tak bohorovn\u00fd, \u017ee se v\u016fbec neskr\u00fdval, ale v\u00a0poklidu pop\u00edjel k\u00e1vu v\u00a0bistru, kde jej dostihla policie. V\u00a0tomto p\u0159\u00edpad\u011b si jej vy\u017e\u00e1dalo u\u017e p\u0159ed rokem Tunisko k\u00a0trestn\u00edmu st\u00edh\u00e1n\u00ed, ale vlivem typick\u00e9ho \u0161lendri\u00e1nu na to nikdo z\u00a0p\u0159\u00edslu\u0161n\u00fdch \u00fa\u0159ad\u016f nereagoval. A\u017e nyn\u00ed odstoupil ministr.<\/p>\n<p><a href=\"https:\/\/stranapro.cz\/\"><img decoding=\"async\" loading=\"lazy\" class=\"wp-image-30218 aligncenter\" src=\"http:\/\/www.infokuryr.cz\/n\/wp-content\/uploads\/2023\/06\/PRO-banner-300x36.png\" alt=\"\" width=\"1358\" height=\"163\" srcset=\"https:\/\/www.infokuryr.cz\/n\/wp-content\/uploads\/2023\/06\/PRO-banner-300x36.png 300w, https:\/\/www.infokuryr.cz\/n\/wp-content\/uploads\/2023\/06\/PRO-banner-768x93.png 768w, https:\/\/www.infokuryr.cz\/n\/wp-content\/uploads\/2023\/06\/PRO-banner.png 849w\" sizes=\"(max-width: 1358px) 100vw, 1358px\" \/><\/a><\/p>\n<p>V\u011bt\u0161inou v\u0161ak sly\u0161\u00edme n\u00e1\u0159ky, \u017ee se neda\u0159\u00ed i odsouzen\u00e9 imigranty z\u00a0EU vyhostit. \u017de je nikdo z\u00a0jejich domovsk\u00fdch zem\u00ed nechce. Samoz\u0159ejm\u011b, kdy\u017e u\u017e tu jsou, tak se propadnou do kadlubu nejm\u00e9n\u011b pades\u00e1ti milion\u016f t\u011bchto lid\u00ed pob\u00fdvaj\u00edc\u00edch v\u00a0z\u00e1padn\u00ed, severn\u00ed a jihoz\u00e1padn\u00ed Evrop\u011b.<\/p>\n<p>Oni by se sem nem\u011bli v\u016fbec dostat. Ov\u0161em to je neuskute\u010dniteln\u00e1 v\u011bc, pokud budou platit i nad\u00e1le, v\u00a0tomto a\u017e v\u00e1le\u010dn\u00e9m stavu, z\u00e1kony a \u00famluvy, kter\u00e9 vznikaly za \u00fapln\u011b jin\u00fdch, dalo by se \u0159\u00edct, m\u00edrov\u00fdch podm\u00ednek. Jednou z\u00a0nich je \u00bb\u017denevsk\u00e1 \u00famluva o uprchl\u00edc\u00edch\u00ab.<\/p>\n<p>Evropsk\u00fd soud ve \u0160trasburku vydal v\u00a0roce\u00a02012 rozsudek, podle kter\u00e9ho byl Som\u00e1lec Hirsi Sadi Jarmaa vr\u00e1cen od italsk\u00e9ho ostrova Lampedusa zp\u011bt do Libye neopr\u00e1vn\u011bn\u011b. Pob\u0159e\u017en\u00ed str\u00e1\u017e poru\u0161ila podle soudc\u016f onu \u017denevskou \u00famluvu. Byla to pozv\u00e1nka pro statis\u00edce jemu podobn\u00fdch.<\/p>\n<p>N\u011bmecko na\u0159\u00edk\u00e1, \u017ee imigranty nezvl\u00e1d\u00e1. Ov\u0161em takt\u00e9\u017e v\u00a0roce\u00a02012 n\u011bmeck\u00fd \u00fastavn\u00ed soud rozhodl, \u017ee uprchl\u00edci, i ti odm\u00edtnut\u00ed \u017eadatel\u00e9 o azyl, mus\u00ed dost\u00e1vat stejn\u00e9 soci\u00e1ln\u00ed v\u00fdhody jako N\u011bmci. No \u0159ekn\u011bte. Nen\u00ed to perfektn\u00ed pozv\u00e1nka do soci\u00e1ln\u00edho r\u00e1je?<\/p>\n<p>Pokud se nezm\u011bn\u00ed v\u00a0EU tyto z\u00e1kony, kter\u00e9 p\u0159\u00edmo vyb\u00edzej\u00ed, aby se p\u0159es St\u0159edozemn\u00ed mo\u0159e a Balk\u00e1n k\u00a0n\u00e1m valily nov\u00e9 a nov\u00e9 vlny t\u011bch, od kter\u00fdch nem\u016f\u017eeme \u010dekat respektov\u00e1n\u00ed evropsk\u00fdch zvyklost\u00ed, nato\u017e z\u00e1kon\u016f, tak se bude Evropa pot\u00fdkat \u010d\u00edm d\u00e1l t\u00edm v\u00edc nejenom s\u00a0demonstracemi podporuj\u00edc\u00edmi besti\u00e1ln\u00ed vra\u017ed\u011bn\u00ed, ale i s vra\u017edami samotn\u00fdmi. Francie, N\u011bmecko, \u0160v\u00e9dsko, Belgie a dal\u0161\u00ed zem\u011b jich za\u017eily dost a dost. A n\u00e1s to, d\u00edky ministru Raku\u0161anovi, kter\u00fd podepsal migra\u010dn\u00ed pakt, v\u00a0dohledn\u00e9 dob\u011b \u010dek\u00e1 tak\u00e9.<\/p>\n<p>Up\u0159\u00edmn\u011b \u0159e\u010deno, chceme v\u016fbec v\u00a0takov\u00e9 Evropsk\u00e9 unii z\u016fstat? Nem\u011bly by st\u00e1ty, kter\u00e9 nemaj\u00ed na sv\u00fdch bedrech koloni\u00e1ln\u00ed minulost a jsou zat\u00edm v\u00a0podstat\u011b prosty t\u011bchto v\u016f\u010di evropsk\u00e9mu stylu \u017eivota nen\u00e1vistn\u011b nalad\u011bn\u00fdch komunit, uva\u017eovat o n\u011bjak\u00e9 jin\u00e9 form\u011b spolupr\u00e1ce, ne\u017e je ta v\u00a0podru\u010d\u00ed Bruselu?<\/p>\n<p><strong>Petr Hannig, p\u0159edseda Rozumn\u00fdch<\/strong><\/p>\n<p>&nbsp;<\/p>\n<p>&nbsp;<\/p>\n","protected":false},"excerpt":{"rendered":"<p>St\u0159\u00edlen\u00ed do bezbrann\u00fdch civilist\u016f, u\u0159ez\u00e1v\u00e1n\u00ed hlav d\u011btem, zab\u00edjen\u00ed devades\u00e1tilet\u00fdch, to v\u0161echno jsou radik\u00e1ln\u00ed islamist\u00e9, kte\u0159\u00ed&#8230;<\/p>\n","protected":false},"author":2,"featured_media":33742,"comment_status":"closed","ping_status":"closed","sticky":false,"template":"","format":"standard","meta":[],"categories":[6],"tags":[283,348,29,239],"_links":{"self":[{"href":"https:\/\/www.infokuryr.cz\/n\/wp-json\/wp\/v2\/posts\/38800"}],"collection":[{"href":"https:\/\/www.infokuryr.cz\/n\/wp-json\/wp\/v2\/posts"}],"about":[{"href":"https:\/\/www.infokuryr.cz\/n\/wp-json\/wp\/v2\/types\/post"}],"author":[{"embeddable":true,"href":"https:\/\/www.infokuryr.cz\/n\/wp-json\/wp\/v2\/users\/2"}],"replies":[{"embeddable":true,"href":"https:\/\/www.infokuryr.cz\/n\/wp-json\/wp\/v2\/comments?post=38800"}],"version-history":[{"count":0,"href":"https:\/\/www.infokuryr.cz\/n\/wp-json\/wp\/v2\/posts\/38800\/revisions"}],"wp:featuredmedia":[{"embeddable":true,"href":"https:\/\/www.infokuryr.cz\/n\/wp-json\/wp\/v2\/media\/33742"}],"wp:attachment":[{"href":"https:\/\/www.infokuryr.cz\/n\/wp-json\/wp\/v2\/media?parent=38800"}],"wp:term":[{"taxonomy":"category","embeddable":true,"href":"https:\/\/www.infokuryr.cz\/n\/wp-json\/wp\/v2\/categories?post=38800"},{"taxonomy":"post_tag","embeddable":true,"href":"https:\/\/www.infokuryr.cz\/n\/wp-json\/wp\/v2\/tags?post=38800"}],"curies":[{"name":"wp","href":"https:\/\/api.w.org\/{rel}","templated":true}]}}