{"id":38797,"date":"2023-10-23T06:21:36","date_gmt":"2023-10-23T04:21:36","guid":{"rendered":"http:\/\/www.infokuryr.cz\/n\/?p=38797"},"modified":"2023-10-23T06:21:36","modified_gmt":"2023-10-23T04:21:36","slug":"michael-svatos-valku-mezi-nato-a-ruskem-ma-odstartovat-povstani-v-estonsku","status":"publish","type":"post","link":"https:\/\/www.infokuryr.cz\/n\/2023\/10\/23\/michael-svatos-valku-mezi-nato-a-ruskem-ma-odstartovat-povstani-v-estonsku\/","title":{"rendered":"Michael Svato\u0161: V\u00e1lku mezi NATO a Ruskem m\u00e1 odstartovat \u201cpovst\u00e1n\u00ed v Estonsku\u201d!"},"content":{"rendered":"<div id=\"fb-root\"><\/div>\n<h2 class=\"post-title entry-title\">V\u00e1lku mezi NATO a Ruskem m\u00e1 odstartovat \u201cpovst\u00e1n\u00ed v Estonsku\u201d! \u0160okuj\u00edc\u00ed \u0159\u00edjnov\u00e9 propo\u010dty MMF srovnaly vl\u00e1dy Babi\u0161e a Fialy s d\u011bsiv\u00fdm v\u00fdsledkem!<\/h2>\n<p><a href=\"https:\/\/www.parlamentnilisty.cz\/arena\/rozhovory\/Okamura-dal-vyzvu-Babisovi-Aby-Fiala-konecne-skoncil-744753\">V \u010cR prob\u00edh\u00e1 od konce leto\u0161n\u00edho l\u00e9ta nekone\u010dn\u00e1 zjit\u0159en\u00e1 parlamentn\u00ed debata<\/a>, zda je Fiala hor\u0161\u00ed vlada\u0159, ne\u017e byl Babi\u0161, \u010di je tomu pr\u00e1v\u011b naopak. Velmi zaj\u00edmav\u00e9 srovn\u00e1n\u00ed k t\u00e9to h\u00e1dce evidentn\u011b p\u0159esp\u0159\u00edli\u0161 luxusn\u011b honorovan\u00fdch z\u00e1stupc\u016f \u010desk\u00e9ho lidu v poslaneck\u00e9 \u017evan\u00edrn\u011b ned\u00e1vno\u00a0<a href=\"https:\/\/twitter.com\/EricCrampton\/status\/1714442983465185365\">zve\u0159ejnil washingtonsk\u00fd Mezin\u00e1rodn\u00ed m\u011bnov\u00fd fond<\/a>. A podle jeho v\u00fdsledku, jsou oba dva vlada\u0159i spole\u010dn\u011b zodpov\u011bdn\u00ed za nejv\u011bt\u0161\u00ed selh\u00e1n\u00ed r\u016fstu HDP, p\u0159epo\u010dten\u00e9ho na hlavu ka\u017ed\u00e9ho ob\u010dana, na \u00fapln\u011b cel\u00e9m sv\u011bt\u011b!! Rozd\u00edl mezi o\u010dek\u00e1v\u00e1n\u00edm r\u016fstu v roce 2019, a skute\u010dn\u00fdm dosa\u017een\u00fdm r\u016fstem, (ve skute\u010dnosti propadem), v roce 2022, \u010din\u00ed podle MMF neuv\u011b\u0159iteln\u00fdch -12.5% na ka\u017ed\u00e9ho ob\u010dana \u010cR. A je cel\u00e9mu sv\u011btu d\u00e1v\u00e1n za absolutn\u011b odstra\u0161uj\u00edc\u00ed p\u0159\u00edklad zp\u016fsobu \u0159\u00edzen\u00ed st\u00e1tu!<\/p>\n<p>Slovensko, kter\u00e9 bylo\u00a0<a href=\"https:\/\/cs.wikipedia.org\/wiki\/Mezin%C3%A1rodn%C3%AD_m%C4%9Bnov%C3%BD_fond\">MMF<\/a>\u00a0vyhodnoceno jako 3. nejhor\u0161\u00ed zem\u011b cel\u00e9ho sv\u011bta, dos\u00e1hlo pouze v\u00fdsledku -6% o\u010dek\u00e1van\u00e9ho r\u016fstu HDP na ob\u010dana, a vl\u00e1da, kter\u00e1 to zp\u016fsobila, u\u017e byla tento m\u011bs\u00edc smetena! Graf MMF tak odpov\u00edd\u00e1 \u010cech\u016fm logicky na prostou ot\u00e1zku, kter\u00e1 je tr\u00e1p\u00ed \u2013 Pro\u010d je Fiala st\u00e1le u moci? Proto\u017ee i podle MMF by to s Babi\u0161em podle grafu nebylo lep\u0161\u00ed!<\/p>\n<p><img decoding=\"async\" loading=\"lazy\" class=\"wp-image-6461 aligncenter\" src=\"https:\/\/www.michalapetr.com\/wp-content\/uploads\/2023\/10\/F8rclOMa8AASV3M.png\" sizes=\"(max-width: 1266px) 100vw, 1266px\" srcset=\"https:\/\/www.michalapetr.com\/wp-content\/uploads\/2023\/10\/F8rclOMa8AASV3M.png 1266w, https:\/\/www.michalapetr.com\/wp-content\/uploads\/2023\/10\/F8rclOMa8AASV3M-300x212.png 300w, https:\/\/www.michalapetr.com\/wp-content\/uploads\/2023\/10\/F8rclOMa8AASV3M-1030x729.png 1030w, https:\/\/www.michalapetr.com\/wp-content\/uploads\/2023\/10\/F8rclOMa8AASV3M-768x544.png 768w, https:\/\/www.michalapetr.com\/wp-content\/uploads\/2023\/10\/F8rclOMa8AASV3M-260x185.png 260w, https:\/\/www.michalapetr.com\/wp-content\/uploads\/2023\/10\/F8rclOMa8AASV3M-705x499.png 705w, https:\/\/www.michalapetr.com\/wp-content\/uploads\/2023\/10\/F8rclOMa8AASV3M-450x318.png 450w\" alt=\"\" width=\"977\" height=\"691\" \/><\/p>\n<p>Velmi zaj\u00edmav\u00e9 je i um\u00edst\u011bn\u00ed Estonska na pozici 2. absolutn\u011b nejhor\u0161\u00ed zem\u011b sv\u011bta. Ob\u011b dv\u011b absolutn\u011b nejhor\u0161\u00ed zem\u011b sv\u011bta v propadu \u017eivotn\u00ed \u00farovn\u011b sv\u00fdch ob\u010dan\u016f v letech 2019-2022, \u010cR a Estonsko, maj\u00ed spole\u010dn\u00e9 prudk\u00e9 zv\u00fd\u0161en\u00ed vojensk\u00fdch v\u00fddaj\u016f a vysokou m\u00edru finan\u010dn\u00ed a ekonomick\u00e9 podpory kyjevsk\u00e9 Soldatesky ve v\u00e1lce proti moskevsk\u00e9mu Gosudarovi.<\/p>\n<p><a href=\"https:\/\/twitter.com\/MHReddell\/status\/1714438508855865818\/photo\/1\">Podle p\u016fvodn\u00edch propo\u010dt\u016f washingtonsk\u00e9ho MMF z roku 2019<\/a>\u00a0m\u011blo p\u0159itom Estonsko do konce roku 2022 dos\u00e1hnout 3. nejv\u011bt\u0161\u00edho zbohatnut\u00ed sv\u00fdch ob\u010dan\u016f na cel\u00e9m sv\u011bt\u011b (+12%), Slovensko 4. nejv\u011bt\u0161\u00edho zbohatnut\u00ed (+11%), a \u010cR 7. nejv\u011bt\u0161\u00edho zbohatnut\u00ed (+10%). V\u00fdsledek vl\u00e1d Babi\u0161\u016f, Fial\u016f, Matovi\u010d\u016f, a dal\u0161\u00edch podobn\u00fdch politick\u00fdch\u00a0<em><a href=\"https:\/\/ujc.avcr.cz\/jazykova-poradna\/zajimave-dotazy\/200326-luzr.html\">l\u00fazr\u016f<\/a><\/em>, je ov\u0161em p\u0159esn\u011b opa\u010dn\u00fd! \u010cesko je nejhor\u0161\u00ed (-12%), Slovensko druh\u00e9 nejhor\u0161\u00ed (-10%), a Estonsko t\u0159et\u00ed (-6%).<\/p>\n<p><img decoding=\"async\" loading=\"lazy\" class=\"wp-image-6463 aligncenter\" src=\"https:\/\/www.michalapetr.com\/wp-content\/uploads\/2023\/10\/F8rok0cb0AAY1iu-1.png\" sizes=\"(max-width: 1045px) 100vw, 1045px\" srcset=\"https:\/\/www.michalapetr.com\/wp-content\/uploads\/2023\/10\/F8rok0cb0AAY1iu-1.png 1045w, https:\/\/www.michalapetr.com\/wp-content\/uploads\/2023\/10\/F8rok0cb0AAY1iu-1-300x214.png 300w, https:\/\/www.michalapetr.com\/wp-content\/uploads\/2023\/10\/F8rok0cb0AAY1iu-1-1030x733.png 1030w, https:\/\/www.michalapetr.com\/wp-content\/uploads\/2023\/10\/F8rok0cb0AAY1iu-1-768x547.png 768w, https:\/\/www.michalapetr.com\/wp-content\/uploads\/2023\/10\/F8rok0cb0AAY1iu-1-260x185.png 260w, https:\/\/www.michalapetr.com\/wp-content\/uploads\/2023\/10\/F8rok0cb0AAY1iu-1-705x502.png 705w, https:\/\/www.michalapetr.com\/wp-content\/uploads\/2023\/10\/F8rok0cb0AAY1iu-1-450x320.png 450w\" alt=\"\" width=\"951\" height=\"677\" \/><\/p>\n<p>Ov\u011b\u0159en\u00fd historick\u00fd fakt \u0159\u00edk\u00e1, \u017ee:\u00a0<em>\u010c\u00edm je pokles \u017eivotn\u00ed \u00farovn\u011b ob\u010dan\u016f dramati\u010dt\u011bj\u0161\u00ed, t\u00edm se lid\u00e9 v\u00edce radikalizuj\u00ed<\/em>. Estonsko je toho typick\u00fdm p\u0159\u00edkladem. Estonsko nyn\u00ed zvy\u0161uje dan\u011b DPH (+2%), a z p\u0159\u00edjm\u016f (+2%), obdobn\u011b jako je \u010cech\u016fm zvy\u0161uje Fiala. Ale na rozd\u00edl od n\u011bj, Estonc\u016fm jejich vl\u00e1da nezast\u00edr\u00e1, \u017ee<a href=\"https:\/\/www.merkur.de\/politik\/wladimir-putin-angriff-nato-ostgrenze-russland-gegenangriff-berlin-deutschland-zr-92594244.html\">\u00a0zvy\u0161ov\u00e1n\u00ed dan\u00ed je nutn\u00e9 k pokryt\u00ed n\u00e1klad\u016f na dramatick\u00fd r\u016fst vojensk\u00fdch v\u00fddaj\u016f<\/a>!<\/p>\n<p>Eston\u0161t\u00ed minist\u0159i \u2013 obrany Hanno Pevkur, a zahrani\u010d\u00ed Margus Tsahkna \u2013\u00a0<a href=\"https:\/\/www.merkur.de\/politik\/wladimir-putin-angriff-nato-ostgrenze-russland-gegenangriff-berlin-deutschland-zr-92594244.html\">se letos v l\u00e9t\u011b na shrom\u00e1\u017ed\u011bn\u00edch hlavoun\u016f NATO nechali n\u011bkolikr\u00e1t hlasit\u011b sly\u0161et<\/a>, \u017ee Putin se chyst\u00e1 za\u010d\u00edt v\u00e1lku s NATO p\u0159epaden\u00edm Estonska, a ne \u00fatokem proti \u00fazk\u00e9mu koridoru Suwalki, kter\u00fd odd\u011bluje Kaliningrad od B\u011bloruska, jak se sna\u017e\u00ed do obran\u00fdch pl\u00e1n\u016f NATO prosadit polsko-litevsk\u00e1 v\u00e1le\u010dn\u00e1 klika. A do\u017eadovali se okam\u017eit\u00e9ho p\u0159em\u00edst\u011bn\u00ed desetitis\u00edc\u016f voj\u00e1k\u016f NATO na obranu Estonska! Estonci maj\u00ed na sv\u00e9m \u00fazem\u00ed zna\u010dnou ruskojazy\u010dnou populaci, zejm\u00e9na na v\u00fdchod\u011b zem\u011b, a ob\u00e1vaj\u00ed se jej\u00ed radikalizace, p\u0159\u00edpadn\u011b zah\u00e1jen\u00ed jak\u00e9hosi \u201crusk\u00e9ho\u201d povst\u00e1n\u00ed. Eston\u0161t\u00ed politici jsou nyn\u00ed velmi paranoidn\u00ed, a podlehli utkv\u011bl\u00e9 p\u0159edstav\u011b, \u017ee je Gosudar brzy p\u0159epadne, a rozpout\u00e1 v\u00e1lku s NATO!<\/p>\n<p>Podle analytick\u00fdch zji\u0161t\u011bn\u00ed z\u00e1padn\u00edch tajn\u00fdch slu\u017eeb, sice Putin nyn\u00ed disponuje nejnov\u011bji komplexn\u011b zrevidovan\u00fdmi tajn\u00fdmi pl\u00e1ny, jak ovl\u00e1dnout Estonsko, Loty\u0161sko a Litvu,\u00a0<a href=\"https:\/\/www.merkur.de\/politik\/baltikum-putin-geheimplaene-russland-estland-litauen-lettland-nato-eu-angriff-hybrid-ukraine-krieg-92237270.html\"><em>ale v t\u011bchto pl\u00e1nech v\u016fbec nepo\u010d\u00edt\u00e1 s vojensk\u00fdm \u00fatokem na tyto zem\u011b<\/em><\/a>! Podle t\u011bchto pl\u00e1n\u016f hodl\u00e1 Putin tyto pobaltsk\u00e9 zem\u011b z\u00edskat, \u010di sp\u00ed\u0161e paralyzovat jejich \u010dlenstv\u00ed v NATO a EU, nikoli vojensk\u00fdm \u00fatokem, ale m\u00edrov\u00fdm ovl\u00e1dnut\u00edm jejich politiky, m\u00e9di\u00ed, ekonomiky, a naklon\u011bn\u00edm jejich ob\u010dan\u016f pro spolupr\u00e1ci, a m\u00edrovou ne-eskalovanou koexistenci s Ruskem. Putin m\u00e1 pro m\u00edrov\u00e9 ovl\u00e1dnut\u00ed ka\u017ed\u00e9 pobaltsk\u00e9 zem\u011b individu\u00e1ln\u00ed pl\u00e1ny, a po\u010d\u00edt\u00e1 v nich s r\u016fstem nespokojenosti jejich ob\u010dan\u016f s ekonomick\u00fdm v\u00fdvojem sv\u00fdch zem\u00ed!\u00a0<a href=\"https:\/\/www.merkur.de\/politik\/wladimir-putin-angriff-nato-ostgrenze-russland-gegenangriff-berlin-deutschland-zr-92594244.html\">Podle estonsk\u00fdch vl\u00e1dn\u00edch \u00fadaj\u016f<\/a>, 70% ruskojazy\u010dn\u00fdch Estonc\u016f letos zat\u00edm podporuje obranu Estonska v p\u0159\u00edpad\u011b rusk\u00e9ho \u00fatoku, a 44% by se dokonce zapojilo do obrany Estonska proti Rusku. Kl\u00ed\u010dem k ovl\u00e1dnut\u00ed Pobalt\u00ed, jak se ukazuje, je tak sp\u00ed\u0161 r\u016fst ekonomiky a \u017eivotn\u00ed \u00farovn\u011b jeho ob\u010dan\u016f, ne\u017e kumulov\u00e1n\u00ed arm\u00e1d NATO a dramatick\u00fd r\u016fst vojensk\u00fdch v\u00fddaj\u016f, a dan\u00ed, a poplatk\u016f. Gosudar ve sv\u00fdch pl\u00e1nech vysloven\u011b po\u010d\u00edt\u00e1, \u017ee pouze d\u00edky dramatick\u00e9mu propadu \u017eivotn\u00ed \u00farovn\u011b, a r\u016fstu nespokojenosti s vl\u00e1dnouc\u00edmi politiky, m\u016f\u017ee pobaltskou oblast ovl\u00e1dnout, \u010di paralyzovat, nebo si ni naklonit. \u0158\u00edjnov\u00e9 \u00fadaje zve\u0159ejn\u011bn\u00e9 washingtonsk\u00fdm MMF mu d\u00e1vaj\u00ed za pravdu. Estonsko je 2. nejhor\u0161\u00ed (-10%), Litva (-5%), a Loty\u0161sko (-6%), se d\u011bl\u00ed o 6. a 7. nejhor\u0161\u00ed m\u00edsto na sv\u011bt\u011b!<\/p>\n<p><a href=\"https:\/\/stranapro.cz\/\"><img decoding=\"async\" loading=\"lazy\" class=\"wp-image-30218 aligncenter\" src=\"http:\/\/www.infokuryr.cz\/n\/wp-content\/uploads\/2023\/06\/PRO-banner-300x36.png\" alt=\"\" width=\"1367\" height=\"164\" srcset=\"https:\/\/www.infokuryr.cz\/n\/wp-content\/uploads\/2023\/06\/PRO-banner-300x36.png 300w, https:\/\/www.infokuryr.cz\/n\/wp-content\/uploads\/2023\/06\/PRO-banner-768x93.png 768w, https:\/\/www.infokuryr.cz\/n\/wp-content\/uploads\/2023\/06\/PRO-banner.png 849w\" sizes=\"(max-width: 1367px) 100vw, 1367px\" \/><\/a><\/p>\n<p><a href=\"https:\/\/www.emilkirkegaard.com\/p\/palestinians-in-your-country-what\">Velmi zaj\u00edmav\u00e1 data o \u0161okuj\u00edc\u00ed trestn\u00e9 \u010dinnosti a absolutn\u00ed nep\u0159izp\u016fsobivosti palestinsk\u00fdch uprchl\u00edk\u016f v Evrop\u011b zve\u0159ejnila d\u00e1nsk\u00e1 m\u00e9dia<\/a>! V roce 1992 D\u00e1nsko ud\u011blilo\u00a0<a href=\"https:\/\/da.wikipedia.org\/wiki\/Pal%C3%A6stinenserloven\">na z\u00e1klad\u011b zvl\u00e1\u0161tn\u00edho z\u00e1kona<\/a>\u00a0\u201ckolektivn\u00ed azyl\u201d 321 Palestinc\u016fm, a jejich potomk\u016fm. A proto\u017ee tato skupina Palestinc\u016f m\u00e1 od t\u00e9 doby v D\u00e1nsku zvl\u00e1\u0161tn\u00ed speci\u00e1ln\u00edm z\u00e1konem definovan\u00e9 pr\u00e1vn\u00ed postaven\u00ed, je mo\u017en\u00e9 ji sledovat a data o jejich \u017eivot\u011b v D\u00e1nsku vyhodnocovat. Zde jsou v\u00fdsledky jejich 40 let\u00e9ho \u017eivota v d\u00e1nsk\u00e9m azylu:<\/p>\n<ol>\n<li>Z 321 t\u011bchto palestinsk\u00fdch azylant\u016f\u00a0 jich v pr\u016fb\u011bhu des\u00edtek let azylu bylo 204 (64%) soudn\u011b potrest\u00e1no. Celkem 71 z nich skon\u010dilo na del\u0161\u00ed dobu ve v\u011bzen\u00ed. V\u011bt\u0161ina z t\u011bchto azylant\u016f nikdy nepracovala, \u017eila pouze ze soci\u00e1ln\u00edch d\u00e1vek, a pob\u00edrala p\u0159ed\u010dasn\u00fd d\u016fchod. Dnes jich v D\u00e1nsku \u017eije u\u017e jen 207. Ostatn\u00ed se bu\u010f odst\u011bhovali, a nebo zem\u0159eli.<\/li>\n<li>Z 999 p\u0159\u00edm\u00fdch potomk\u016f t\u011bchto palestinsk\u00fdch azylant\u016f jich u\u017e 339 (34%) bylo odsouzeno za z\u00e1va\u017enou trestnou \u010dinnost, a velk\u00e1 \u010d\u00e1st z nich trvale pob\u00edr\u00e1 soci\u00e1ln\u00ed d\u00e1vky, a nepracuje, p\u0159esto \u017ee se narodili v D\u00e1nsku, a chodili do d\u00e1nsk\u00fdch \u0161kol.<\/li>\n<li>Z dal\u0161\u00edch d\u00e1nsk\u00fdch statistik a v\u011bdeck\u00e9ho sledov\u00e1n\u00ed OSN Palestinc\u016f, Libanonc\u016f, Sy\u0159an\u016f a Som\u00e1lc\u016f vypl\u00fdv\u00e1, \u017ee vzhledem k v\u00e1le\u010dn\u00fdm traumat\u016fm, b\u00edd\u011b, a soci\u00e1ln\u00edmu prost\u0159ed\u00ed, ve kter\u00e9m vyr\u016fstali, dosahuj\u00ed pouze 85% pr\u016fm\u011brn\u00e9 z\u00e1padn\u00ed IQ. A tento handicap m\u00e1 odraz ve skute\u010dnosti, \u017ee pouze 34% z 26 705 dlouhodob\u00fdch azylant\u016f libanonsk\u00e9ho p\u016fvodu ve v\u011bku 30 a\u017e 64 let m\u00e1 trvalou pr\u00e1ci, a nebo podnik\u00e1, co\u017e je v D\u00e1nsku b\u011b\u017en\u00e9 u 80% etnicky d\u00e1nsk\u00e9 populace. H\u016f\u0159e ne\u017e Libanonci a Palestinci jsou na tom jen azylanti ze Som\u00e1lska a S\u00fdrie. Celkem 61% Libanonc\u016f a 75% Libanonek v D\u00e1nsku pob\u00edr\u00e1 p\u0159ed\u010dasn\u00e9 d\u016fchody, a nebo jin\u00e9 soci\u00e1ln\u00ed d\u00e1vky. V druh\u00e9 generaci dosahuj\u00ed mu\u017e\u0161t\u00ed potomci Libanonc\u016f, kte\u0159\u00ed se narodili v D\u00e1nsku, u\u017e tak\u0159ka stejn\u00e9 skoro 80% zam\u011bstnanosti jako D\u00e1nov\u00e9, \u017eeny v\u0161ak jen 65%.<\/li>\n<li>Ukazuje se tak jednozna\u010dn\u011b, \u017ee bezhlav\u00e9 p\u0159ij\u00edm\u00e1n\u00ed uprchl\u00edk\u016f bez d\u016fsledn\u00e9ho v\u00fdb\u011bru, zejm\u00e9na v prvn\u00ed generaci, ruinuje ve\u0159ejn\u00e9 d\u016fchodov\u00e9, zdravotn\u00ed a soci\u00e1ln\u00ed syst\u00e9my, a m\u00e1 prudce zvy\u0161uje kriminalitu. Z t\u011bchto dat zve\u0159ejn\u011bn\u00fdch OSN a vl\u00e1dou D\u00e1nska je jasn\u00e9, pro\u010d ani Jord\u00e1nsko, ani Egypt, ani \u017e\u00e1dn\u00e1 jin\u00e1 arabsk\u00e1 zem\u011b, necht\u011bj\u00ed na sv\u00e9 \u00fazem\u00ed p\u0159ij\u00edmat \u017e\u00e1dn\u00e9 uprchl\u00edky! Jejich ve\u0159ejn\u00e9 soci\u00e1ln\u00ed a zdravotn\u00ed syst\u00e9my by okam\u017eit\u011b zkolabovaly!<\/li>\n<\/ol>\n<p>Je na \u010dase, aby \u010desk\u00e9 vl\u00e1d\u011b n\u011bkdo podobn\u011b vysv\u011btlil tento imigra\u010dn\u00ed koloto\u010d, kter\u00fd ka\u017ed\u00fdm sv\u00fdm dal\u0161\u00edm oto\u010den\u00edm zp\u016fsobuje st\u00e1le dramati\u010dt\u011bj\u0161\u00ed vym\u00edr\u00e1n\u00ed \u010cech\u016f, Moravan\u016f a Slezan\u016f.<\/p>\n<p><img decoding=\"async\" loading=\"lazy\" class=\"wp-image-6465 aligncenter\" src=\"https:\/\/www.michalapetr.com\/wp-content\/uploads\/2023\/10\/F8vhm6mXoAAfTLW.png\" sizes=\"(max-width: 1200px) 100vw, 1200px\" srcset=\"https:\/\/www.michalapetr.com\/wp-content\/uploads\/2023\/10\/F8vhm6mXoAAfTLW.png 1200w, https:\/\/www.michalapetr.com\/wp-content\/uploads\/2023\/10\/F8vhm6mXoAAfTLW-300x284.png 300w, https:\/\/www.michalapetr.com\/wp-content\/uploads\/2023\/10\/F8vhm6mXoAAfTLW-1030x976.png 1030w, https:\/\/www.michalapetr.com\/wp-content\/uploads\/2023\/10\/F8vhm6mXoAAfTLW-768x728.png 768w, https:\/\/www.michalapetr.com\/wp-content\/uploads\/2023\/10\/F8vhm6mXoAAfTLW-705x668.png 705w, https:\/\/www.michalapetr.com\/wp-content\/uploads\/2023\/10\/F8vhm6mXoAAfTLW-450x426.png 450w\" alt=\"\" width=\"740\" height=\"701\" \/><\/p>\n<p>&nbsp;<\/p>\n<p>Vysv\u011btlen\u00ed jak se koloto\u010d ot\u00e1\u010d\u00ed po ose z leva nahoru doprava a dol\u016f: (1) Imigrace je vysok\u00e1. (2) Bydlen\u00ed je nedostupn\u00e9. (3) M\u00e9n\u011b ob\u010dan\u016f zakl\u00e1d\u00e1 rodiny. (4) Rod\u00ed se m\u00e9n\u011b d\u011bt\u00ed. (5) Je nedostatek zam\u011bstnanc\u016f! A koloto\u010d pokra\u010duje, proto\u017ee je nedostatek zam\u011bstnanc\u016f vl\u00e1da pozve imigranty a koloto\u010d se op\u011bt rozto\u010d\u00ed! Ka\u017ed\u00e9 jeho dal\u0161\u00ed oto\u010den\u00ed jen prohlubuje cel\u00fd probl\u00e9m! Jak uk\u00e1zala data d\u00e1nsk\u00e9 vl\u00e1dy i OSN, masov\u00e1 p\u0159\u00edsn\u011b nev\u00fdb\u011brov\u00e1 imigrace neevropsk\u00e9 populace do EU, jen prohlubuje evropsk\u00e9 probl\u00e9my!<\/p>\n<p>Jak tvrd\u00edme na MAP u\u017e roky, je t\u0159eba okam\u017eit\u011b zav\u00e9st p\u0159\u00edsn\u00e9 imigra\u010dn\u00ed syst\u00e9my Austr\u00e1lie a Japonska do evropsk\u00e9 praxe. A hlavn\u011b robotizovat!!!!! To je na ov\u0161em na na\u0161\u00ed fialovou hlavu asi p\u0159esp\u0159\u00edli\u0161 n\u00e1ro\u010dn\u00e9 k pochopen\u00ed, proto\u017ee v dob\u011b, kdy i ka\u017ed\u00e9 mal\u00e9 d\u00edt\u011b v\u00ed, \u017ee s n\u00e1stupem AI a robot\u016f do pr\u016fmyslu a slu\u017eeb, bude t\u0159eba produkovat v\u00edce elekt\u0159iny, tak Fiala v\u010dera vybubnoval sv\u016fj nejnov\u011bj\u0161\u00ed geni\u00e1ln\u00ed n\u00e1pad,\u00a0<a href=\"http:\/\/eznamzpravy.cz\/clanek\/ekonomika-byznys-trendy-analyzy-zivot-v-cesku-se-ma-zmenit-naruby-misto-uhli-uspory-jadro-a-vetrniky-238610#dop_ab_variant=0&amp;dop_source_zone_name=zpravy.sznhp.box&amp;source=hp&amp;seq_no=4&amp;utm_campaign=abtest228_personal_layout_3_varD&amp;utm_medium=z-boxiku&amp;utm_source=www.seznam.cz\">\u017ee dramaticky sn\u00ed\u017e\u00ed do roku 2030 v\u00fdrobu elekt\u0159iny v \u010cesku, aby se zal\u00edbil Eurokrat\u016fm v Bruselu<\/a>! A z tohoto pohledu se mi zd\u00e1, \u017ee i Babi\u0161 s Okamurou by p\u0159eci jen mohli p\u0159edstavovat lep\u0161\u00ed \u0159e\u0161en\u00ed pro budoucnost \u010cech\u016f, Moravan\u016f i Slezan\u016f! Jinak n\u00e1s \u010dek\u00e1 fialov\u00fd se\u0161up do temn\u00e9ho st\u0159edov\u011bku, k t\u011b\u017ek\u00e9mu nevolnictv\u00ed, a k n\u011bjak\u00e9mu nov\u00e9mu jhu od n\u011bjak\u00fdch nov\u00fdch Habsburk\u016f!<\/p>\n<p><a href=\"https:\/\/www.michalapetr.com\/map-1813-valku-mezi-nato-a-ruskem-ma-odstartovat-povstani-v-estonsku-sokujici-rijnove-propocty-mmf-srovnaly-vlady-babise-a-fialy-s-desivym-vysledkem\/\">Michael Svato\u0161<\/a><\/p>\n<p><img decoding=\"async\" loading=\"lazy\" class=\"alignnone size-full wp-image-27204\" src=\"http:\/\/www.infokuryr.cz\/n\/wp-content\/uploads\/2023\/05\/Michael_Svatos.png\" alt=\"\" width=\"180\" height=\"180\" srcset=\"https:\/\/www.infokuryr.cz\/n\/wp-content\/uploads\/2023\/05\/Michael_Svatos.png 180w, https:\/\/www.infokuryr.cz\/n\/wp-content\/uploads\/2023\/05\/Michael_Svatos-150x150.png 150w\" sizes=\"(max-width: 180px) 100vw, 180px\" \/><\/p>\n<p>&nbsp;<\/p>\n<p>&nbsp;<\/p>\n<p>&nbsp;<\/p>\n","protected":false},"excerpt":{"rendered":"<p>V\u00e1lku mezi NATO a Ruskem m\u00e1 odstartovat \u201cpovst\u00e1n\u00ed v Estonsku\u201d! \u0160okuj\u00edc\u00ed \u0159\u00edjnov\u00e9 propo\u010dty MMF srovnaly&#8230;<\/p>\n","protected":false},"author":2,"featured_media":31275,"comment_status":"closed","ping_status":"closed","sticky":false,"template":"","format":"standard","meta":[],"categories":[6],"tags":[1042,1504,39,535,22,40,99],"_links":{"self":[{"href":"https:\/\/www.infokuryr.cz\/n\/wp-json\/wp\/v2\/posts\/38797"}],"collection":[{"href":"https:\/\/www.infokuryr.cz\/n\/wp-json\/wp\/v2\/posts"}],"about":[{"href":"https:\/\/www.infokuryr.cz\/n\/wp-json\/wp\/v2\/types\/post"}],"author":[{"embeddable":true,"href":"https:\/\/www.infokuryr.cz\/n\/wp-json\/wp\/v2\/users\/2"}],"replies":[{"embeddable":true,"href":"https:\/\/www.infokuryr.cz\/n\/wp-json\/wp\/v2\/comments?post=38797"}],"version-history":[{"count":0,"href":"https:\/\/www.infokuryr.cz\/n\/wp-json\/wp\/v2\/posts\/38797\/revisions"}],"wp:featuredmedia":[{"embeddable":true,"href":"https:\/\/www.infokuryr.cz\/n\/wp-json\/wp\/v2\/media\/31275"}],"wp:attachment":[{"href":"https:\/\/www.infokuryr.cz\/n\/wp-json\/wp\/v2\/media?parent=38797"}],"wp:term":[{"taxonomy":"category","embeddable":true,"href":"https:\/\/www.infokuryr.cz\/n\/wp-json\/wp\/v2\/categories?post=38797"},{"taxonomy":"post_tag","embeddable":true,"href":"https:\/\/www.infokuryr.cz\/n\/wp-json\/wp\/v2\/tags?post=38797"}],"curies":[{"name":"wp","href":"https:\/\/api.w.org\/{rel}","templated":true}]}}