{"id":38775,"date":"2023-10-23T05:03:46","date_gmt":"2023-10-23T03:03:46","guid":{"rendered":"http:\/\/www.infokuryr.cz\/n\/?p=38775"},"modified":"2023-10-23T05:03:46","modified_gmt":"2023-10-23T03:03:46","slug":"ivan-stubna-martti-ahtisaariho-uz-v-pekle-vita-madeleine-albrightova","status":"publish","type":"post","link":"https:\/\/www.infokuryr.cz\/n\/2023\/10\/23\/ivan-stubna-martti-ahtisaariho-uz-v-pekle-vita-madeleine-albrightova\/","title":{"rendered":"Ivan \u0160tub\u0148a: Martti Ahtisaariho u\u017e v pekle v\u00edta Madeleine Albrightov\u00e1"},"content":{"rendered":"<div id=\"fb-root\"><\/div>\n<section class=\"perex\"><span>Alespo\u0148 douf\u00e1m.\u00a0I peklo je sv\u00fdm zp\u016fsobem spravedliv\u00e9, kdy\u017e obdr\u017e\u00ed klienta, aby pykal za sv\u00e9 zlo\u010diny a pozemsk\u00e9 h\u0159\u00edchy.\u00a0Kdo byl Martti Oiva Kalevi Ahtisaari?\u00a0B\u00fdval\u00fd finsk\u00fd prezident, nositel Nobelovy ceny za m\u00edr a b\u00fdval\u00fd zvl\u00e1\u0161tn\u00ed vyslanec OSN pro Kosovo.\u00a0\u010certi ho vzali k v\u00fdslechu k Luciferovi dne 16.10.\u00a02023. Zem\u0159el ve v\u011bku 87 let.<\/span><\/p>\n<\/section>\n<section class=\"clanek-obsah\">\n<h2><span>Ahtisaariho pl\u00e1n pro Kosovo<\/span><\/h2>\n<p><span>Kdy\u017e ho USA a Z\u00e1pad poslaly do B\u011blehradu s n\u00e1vrhem na ukon\u010den\u00ed v\u00e1lky NATO proti Jugosl\u00e1vii, jeho \u00fakolem bylo donutit prezidenta Jugosl\u00e1vie Slobodana Milo\u0161evi\u010de, aby p\u0159ijal podm\u00ednky USA a paktu NATO na ukon\u010den\u00ed v\u00e1lky.<\/span><\/p>\n<p><span>Gregory Elich (\u010dlen v\u00fdboru pro vy\u0161et\u0159ov\u00e1n\u00ed zlo\u010din\u016f NATO v roce 1999 v Jugosl\u00e1vii) na z\u00e1klad\u011b sv\u011bdectv\u00ed jugosl\u00e1vsk\u00fdch politik\u016f a z\u00e1padn\u00edch novin\u00e1\u0159\u016f, ale i ofici\u00e1ln\u00edch materi\u00e1l\u016f OSN o setk\u00e1n\u00ed Ahtisaariho s Milo\u0161evi\u010dem napsal jak se vyj\u00e1d\u0159il tajemn\u00edk Nobelovy komise Geir Lundestad o tom, :<\/span><\/p>\n<p><span>\u201eNeexistuje \u017e\u00e1dn\u00e1 alternativa k nez\u00e1visl\u00e9mu Kosovu.\u201c<\/span><\/p>\n<p><span>Nobelova cena se v posledn\u00ed dob\u011b stala zprofanovanou cenou, kter\u00e1 se ud\u011bluje na politickou objedn\u00e1vku.\u00a0Alespo\u0148 v oblasti boje za m\u00edr.\u00a0Ti, co rozhoduj\u00ed o jej\u00edm ud\u011blen\u00ed, maj\u00ed sami pok\u0159iven\u00e9 charaktery.\u00a0Krom\u011b Ahtisaariho ji dostal i Barack Obama (2009) \u010dlov\u011bk, kter\u00e9ho tak\u00e9 \u201ezdob\u00ed\u201c zlo\u010diny v dob\u011b jeho vrcholov\u00e9 politick\u00e9 kari\u00e9ry.\u00a0Nobelova cena m\u00edru Ahtisaarimu nebyla ud\u011blena za m\u00edr, ale za slu\u017eby ve prosp\u011bch neokoloni\u00e1ln\u00ed politiky USA.<\/span><\/p>\n<p><span>Ahtisaari dostal \u00fakol p\u0159edlo\u017eit Milo\u0161evi\u010di dokumenty na ukon\u010den\u00ed v\u00e1lky podle p\u0159edstav Z\u00e1padu.\u00a0Ahtisaari sv\u016fj \u00fakol zvl\u00e1dl.\u00a0Vyhr\u016f\u017ekami.\u00a0Kdy\u017e si Milo\u0161evi\u010d p\u0159e\u010detl dokumenty, zeptal se: \u201eCo se stane, kdy\u017e to nepodep\u00ed\u0161u?\u201c.\u00a0Ahtisaari ze stolu odsunul v\u00e1zu s kv\u011btinami a prohl\u00e1sil: \u201eB\u011blehrad bude jako tento st\u016fl.\u00a0Okam\u017eit\u011b za\u010dneme s plo\u0161n\u00fdm bombardov\u00e1n\u00edm m\u011bsta.\u201c Opakoval sv\u00e9 gesto a m\u00e1vl rukou po plo\u0161e stolu.\u00a0\u201eB\u011blehrad bude pak vypadat jako tento st\u016fl.\u00a0\u201e Po chv\u00edli ticha dodal: \u201eV pr\u016fb\u011bhu t\u00fddne zde bude p\u016fl milionu mrtv\u00fdch.\u201c<\/span><\/p>\n<p><span>Na tomto m\u00edst\u011b se \u017e\u00e1d\u00e1 dodat, \u017ee Ahtisaari byl doporu\u010den do funkce vyjednava\u010de tehdej\u0161\u00ed ministryn\u00ed zahrani\u010d\u00ed Madeleine Albrightovou, dal\u0161\u00ed zlo\u010dineckou p\u0159edstavitelkou americk\u00e9 politiky.\u00a0My\u0161lenka celoplo\u0161n\u00e9ho bombardov\u00e1n\u00ed Jugosl\u00e1vie poch\u00e1zela od americk\u00e9ho vraha, gener\u00e1la Wesleyho Clarka.\u00a0Rusk\u00fd prezident Boris Jelcin byl v t\u00e9 dob\u011b slab\u00fd, nev\u00fdrazn\u00fd prezident, jeho\u017e Z\u00e1pad nerespektoval.\u00a0Proto nakonec Jugosl\u00e1vie kapitulovala navzdory odhodl\u00e1n\u00ed vojska pokra\u010dovat v boji.\u00a0Milo\u0161evi\u010d tak zachr\u00e1nil spoustu \u017eivot\u016f sv\u00fdch ob\u010dan\u016f.\u00a0USA, kter\u00e9 v t\u00e9 dob\u011b uva\u017eovalo io pozemn\u00edm \u00fatoku, se t\u00e9to my\u0161lenky muselo vzd\u00e1t, proto\u017ee Srbov\u00e9 Ameri\u010dany \u010dekali.\u00a0Pokud by NATO za\u00fato\u010dilo na Jugosl\u00e1vii po zemi, byly by nastaly jatky.\u00a0NATO si v\u0161ak na tento sc\u00e9n\u00e1\u0159 netrouflo.\u00a0Vzhledem k bojeschopnosti srbsk\u00fdch vojensk\u00fdch jednotek by nebylo pochyb o v\u00edt\u011bzstv\u00ed Srb\u016f.<\/span><\/p>\n<p><span>Na Kosovu alb\u00e1n\u0161t\u00ed terorist\u00e9 z tzv.\u00a0UCK za\u010daly etnick\u00e9 \u010distky, vra\u017edily a vyh\u00e1n\u011bly z \u00fazem\u00ed mno\u017estv\u00ed nealb\u00e1nsk\u00e9ho obyvatelstva.\u00a0Vyp\u00e1lili jim rodinn\u00e9 domy.\u00a0Vyp\u00e1leno bylo i kolem 80 pravoslavn\u00fdch chr\u00e1m\u016f a ni\u010dili v\u0161e, co jim st\u00e1lo v cest\u011b.\u00a0To v\u0161e za n\u011bm\u00e9ho souhlasu voj\u00e1k\u016f NATO, kte\u0159\u00ed vstoupili do Kosova.<\/span><\/p>\n<p><span>Martti Ahtisaari nese spoluodpov\u011bdnost za destabilizaci Srbska a za pl\u00e1n, kter\u00fd zpracoval pro vytvo\u0159en\u00ed ukraden\u00e9ho \u00fazem\u00ed Kosovo.\u00a0Pl\u00e1n je zn\u00e1m pod n\u00e1zvem Ahtisaariho pl\u00e1n, kter\u00fd \u0159e\u0161\u00ed statut Kosova rok p\u0159edt\u00edm ne\u017e Z\u00e1pad um\u011ble a n\u00e1siln\u011b toto \u00fazem\u00ed od Srbska odtrhl v roce 2008. Ahtisaariho pl\u00e1n se zmi\u0148uje iv Deklaraci nez\u00e1vislosti p\u0159ijat\u00e9 shrom\u00e1\u017ed\u011bn\u00edm Kosova Srbska, kter\u00e9 tento Pl\u00e1n nikdy nep\u0159ijalo.\u00a0Jeho Pl\u00e1n nep\u0159ijala ani RB OSN.\u00a0Ahtisaari jako odm\u011bnu z\u00edskal Nobelovu cenu za m\u00edr v roce 2008. Za to, \u017ee splnil pl\u00e1n uloupen\u00ed Kosova av souladu s po\u017eadavky USA ho p\u0159edal do spr\u00e1vy kosovsk\u00fdch zlo\u010dinc\u016f v \u010dele s Ha\u0161imem Tha\u010dim.\u00a0(dnes soud\u011bn\u00fdm v Haagu).\u00a0Martti Ahtisaari tak dostal Nobelovu cenu za sv\u00e9 \u201em\u00edrov\u00e9 \u00fasil\u00ed\u201c.\u00a0V p\u0159ekladu to znamenalo, \u017ee splnil americk\u00e9 posl\u00e1n\u00ed s poru\u0161en\u00edm rezoluce Rady bezpe\u010dnosti OSN \u010d.j.\u00a01244, Helsinsk\u00e9ho z\u00e1v\u011bre\u010dn\u00e9ho aktu a dal\u0161\u00edch norem mezin\u00e1rodn\u00edho pr\u00e1va.<\/span><\/p>\n<p><span>Z\u00e1v\u011bre\u010dn\u00e1 dohoda mezi Jugosl\u00e1vi\u00ed a NATO byla vyj\u00e1d\u0159ena v rezoluci Rady bezpe\u010dnosti OSN \u010d. 1000\/2000.\u00a01244, kter\u00e1 byla implementov\u00e1na jednostrann\u00fdm zp\u016fsobem.\u00a0USA a NATO dostalo v\u0161echno, co cht\u011blo, ale ty aspekty rezoluce, kter\u00e9 se mu nel\u00edbily, nebyly nikdy implementov\u00e1ny.\u00a0Uveden\u00e1 rezoluce je dodnes poru\u0161ov\u00e1na a mezin\u00e1rodn\u011b nerespektov\u00e1na na p\u0159\u00edkaz USA.<\/span><\/p>\n<p><span style=\"font-size: 18pt;\"><strong>V\u00edce na:<\/strong><\/span><\/p>\n<p><a href=\"https:\/\/www.bbc.com\/serbian\/lat\/srbija-67121110\" target=\"_blank\" rel=\"external noopener\">https:\/\/www.bbc.com\/serbian\/lat\/srbija-67121110<\/a><\/p>\n<p><a href=\"https:\/\/n1info.rs\/vesti\/preminuo-marti-ahtisari\/\" target=\"_blank\" rel=\"external noopener\">https:\/\/n1info.rs\/vesti\/preminuo-marti-ahtisari\/<\/a><\/p>\n<p><a href=\"https:\/\/gregoryelich.org\/2008\/10\/14\/how-the-nobel-peace-prize-was-won\/\" target=\"_blank\" rel=\"external noopener\">https:\/\/gregoryelich.org\/2008\/10\/14\/how-the-nobel-peace-prize-was-won\/<\/a><\/p>\n<p><em>Z m\u011bsta SNP Ivan \u0160tub\u0148a<\/em><\/p>\n<\/section>\n<p>&nbsp;<\/p>\n<p><a href=\"https:\/\/stranapro.cz\/\"><img decoding=\"async\" loading=\"lazy\" class=\"wp-image-30218 aligncenter\" src=\"http:\/\/www.infokuryr.cz\/n\/wp-content\/uploads\/2023\/06\/PRO-banner-300x36.png\" alt=\"\" width=\"1367\" height=\"164\" srcset=\"https:\/\/www.infokuryr.cz\/n\/wp-content\/uploads\/2023\/06\/PRO-banner-300x36.png 300w, https:\/\/www.infokuryr.cz\/n\/wp-content\/uploads\/2023\/06\/PRO-banner-768x93.png 768w, https:\/\/www.infokuryr.cz\/n\/wp-content\/uploads\/2023\/06\/PRO-banner.png 849w\" sizes=\"(max-width: 1367px) 100vw, 1367px\" \/><\/a><\/p>\n<p>&nbsp;<\/p>\n<p>&nbsp;<\/p>\n<p>&nbsp;<\/p>\n","protected":false},"excerpt":{"rendered":"<p>Alespo\u0148 douf\u00e1m.\u00a0I peklo je sv\u00fdm zp\u016fsobem spravedliv\u00e9, kdy\u017e obdr\u017e\u00ed klienta, aby pykal za sv\u00e9 zlo\u010diny&#8230;<\/p>\n","protected":false},"author":2,"featured_media":38776,"comment_status":"closed","ping_status":"closed","sticky":false,"template":"","format":"standard","meta":[],"categories":[7],"tags":[6141,29,1063],"_links":{"self":[{"href":"https:\/\/www.infokuryr.cz\/n\/wp-json\/wp\/v2\/posts\/38775"}],"collection":[{"href":"https:\/\/www.infokuryr.cz\/n\/wp-json\/wp\/v2\/posts"}],"about":[{"href":"https:\/\/www.infokuryr.cz\/n\/wp-json\/wp\/v2\/types\/post"}],"author":[{"embeddable":true,"href":"https:\/\/www.infokuryr.cz\/n\/wp-json\/wp\/v2\/users\/2"}],"replies":[{"embeddable":true,"href":"https:\/\/www.infokuryr.cz\/n\/wp-json\/wp\/v2\/comments?post=38775"}],"version-history":[{"count":0,"href":"https:\/\/www.infokuryr.cz\/n\/wp-json\/wp\/v2\/posts\/38775\/revisions"}],"wp:featuredmedia":[{"embeddable":true,"href":"https:\/\/www.infokuryr.cz\/n\/wp-json\/wp\/v2\/media\/38776"}],"wp:attachment":[{"href":"https:\/\/www.infokuryr.cz\/n\/wp-json\/wp\/v2\/media?parent=38775"}],"wp:term":[{"taxonomy":"category","embeddable":true,"href":"https:\/\/www.infokuryr.cz\/n\/wp-json\/wp\/v2\/categories?post=38775"},{"taxonomy":"post_tag","embeddable":true,"href":"https:\/\/www.infokuryr.cz\/n\/wp-json\/wp\/v2\/tags?post=38775"}],"curies":[{"name":"wp","href":"https:\/\/api.w.org\/{rel}","templated":true}]}}