{"id":38772,"date":"2023-10-23T01:17:16","date_gmt":"2023-10-22T23:17:16","guid":{"rendered":"http:\/\/www.infokuryr.cz\/n\/?p=38772"},"modified":"2023-10-22T17:37:48","modified_gmt":"2023-10-22T15:37:48","slug":"izrael-zneschopnuje-hlavni-syrska-letiste","status":"publish","type":"post","link":"https:\/\/www.infokuryr.cz\/n\/2023\/10\/23\/izrael-zneschopnuje-hlavni-syrska-letiste\/","title":{"rendered":"Izrael \u201ezneschop\u0148uje\u201c hlavn\u00ed syrsk\u00e1 leti\u0161t\u011b"},"content":{"rendered":"<div id=\"fb-root\"><\/div>\n<p><span style=\"font-size: 18pt;\"><strong>Leteck\u00fd \u00fatok si vy\u017e\u00e1dal \u017eivot jednoho pracovn\u00edka leti\u0161t\u011b v Dama\u0161ku, zat\u00edmco leti\u0161t\u011b v Aleppu je po \u00fatoku tak\u00e9 mimo provoz<\/strong><\/span><\/p>\n<p><span>Izraelsk\u00fd leteck\u00fd \u00fatok na dv\u011b hlavn\u00ed syrsk\u00e1 leti\u0161t\u011b si vy\u017e\u00e1dal jednoho mrtv\u00e9ho a dal\u0161\u00edho zran\u011bn\u00e9ho, \u200b\u200buvedl syrsk\u00fd st\u00e1tn\u00ed medi\u00e1ln\u00ed server SANA.\u00a0Ob\u011b leti\u0161t\u011b byla vy\u0159azena z provozu.<\/span><\/p>\n<p><span>Podle SANA s odkazem na syrsk\u00e9 vojensk\u00e9 p\u0159edstavitele \u201e\u00a0<\/span><em><span>asi v ned\u011bli v 05:25 izraelsk\u00fd nep\u0159\u00edtel sou\u010dasn\u011b provedl vzdu\u0161n\u00fd akt agrese vlnami st\u0159el ze sm\u011bru od St\u0159edozemn\u00edho mo\u0159e z\u00e1padn\u011b od Lattakie a ze sm\u011bru od okupovan\u00fdch syrsk\u00fdch Golan zam\u011b\u0159en\u00e9 na mezin\u00e1rodn\u00ed leti\u0161t\u011b Dama\u0161ek a Aleppo. <\/span><\/em><span>\u201c<\/span><\/p>\n<p><span>Ministerstvo dopravy v prohl\u00e1\u0161en\u00ed uvedlo, \u017ee p\u0159i \u00fatoku p\u0159i\u0161el o \u017eivot civiln\u00ed pracovn\u00edk z meteorologick\u00e9ho odd\u011blen\u00ed na mezin\u00e1rodn\u00edm leti\u0161ti v Dama\u0161ku, jak citovala m\u00e9dia.<\/span><\/p>\n<p><span>Ministerstvo dodalo, \u017ee v\u0161echny lety do a z Dama\u0161ku a Aleppa byly p\u0159esm\u011brov\u00e1ny na mezin\u00e1rodn\u00ed leti\u0161t\u011b Lattakia.<\/span><\/p>\n<p><span>Leteck\u00fd \u00fatok p\u0159i\u0161el jen t\u00fdden pot\u00e9, co Izrael zas\u00e1hl mezin\u00e1rodn\u00ed leti\u0161t\u011b Aleppo.<\/span><\/p>\n<p><a href=\"https:\/\/stranapro.cz\/\"><img decoding=\"async\" loading=\"lazy\" class=\"wp-image-30218 aligncenter\" src=\"http:\/\/www.infokuryr.cz\/n\/wp-content\/uploads\/2023\/06\/PRO-banner-300x36.png\" alt=\"\" width=\"1367\" height=\"164\" srcset=\"https:\/\/www.infokuryr.cz\/n\/wp-content\/uploads\/2023\/06\/PRO-banner-300x36.png 300w, https:\/\/www.infokuryr.cz\/n\/wp-content\/uploads\/2023\/06\/PRO-banner-768x93.png 768w, https:\/\/www.infokuryr.cz\/n\/wp-content\/uploads\/2023\/06\/PRO-banner.png 849w\" sizes=\"(max-width: 1367px) 100vw, 1367px\" \/><\/a><\/p>\n<p><span>K \u00fatoku do\u0161lo brzy pot\u00e9, co byly ze S\u00fdrie odp\u00e1leny dv\u011b rakety na Izraelem kontrolovan\u00e9 Golansk\u00e9 v\u00fd\u0161iny, uvedl tehdy list Times of Israel.<\/span><\/p>\n<p><span>Za\u010d\u00e1tkem minul\u00e9ho t\u00fddne zas\u00e1hlo izraelsk\u00e9 letectvo tak\u00e9 mezin\u00e1rodn\u00ed leti\u0161t\u011b v Dama\u0161ku a Aleppu.\u00a0V samostatn\u00e9m incidentu izraelsk\u00e9 jednotky vyp\u00e1lily d\u011blost\u0159eleck\u00e9 a minometn\u00e9 gran\u00e1ty sm\u011brem k syrsk\u00e9mu \u00fazem\u00ed po ost\u0159elov\u00e1n\u00ed, kter\u00e9 bylo zam\u011b\u0159eno na izraelsk\u00e9 pohrani\u010dn\u00ed oblasti.\u00a0Agentura Reuters tvrdila, \u017ee palestinsk\u00e1 skupina s\u00eddl\u00edc\u00ed v ji\u017en\u00ed S\u00fdrii vyp\u00e1lila na Izrael t\u0159i rakety.\u00a0Izraelsk\u00e1 arm\u00e1da na opl\u00e1tku uvedla, \u017ee se op\u011btovnou palbou zam\u011b\u0159ovala na \u00fadajn\u00e1 odpalovac\u00ed m\u00edsta raket.<\/span><\/p>\n<p><span>S\u00fdrie odsoudila izraelskou vojenskou operaci proti Gaze, p\u0159i\u010dem\u017e prezident Ba\u0161\u00e1r Asad vyzval k ukon\u010den\u00ed izraelsk\u00fdch n\u00e1let\u016f \u201e\u00a0<\/span><em><span>zam\u011b\u0159uj\u00edc\u00edch se na \u017eeny a d\u011bti<\/span><\/em><span>\u00a0\u201c v enkl\u00e1v\u011b.<\/span><\/p>\n<p><span>Konflikt mezi Hamasem a Izraelem se znovu rozho\u0159el 7. \u0159\u00edjna pot\u00e9, co palestin\u0161t\u00ed militanti zah\u00e1jili raketov\u00fd \u00fatok a p\u0159ekvapivou invazi. Izrael odv\u011btil\u00a0masivn\u00edmi leteck\u00fdmi \u00fatoky na Gazu, p\u0159i\u010dem\u017e nejvy\u0161\u0161\u00ed p\u0159edstavitel\u00e9 se zav\u00e1zali prov\u00e9st pozemn\u00ed operaci s c\u00edlem vyko\u0159enit Ham\u00e1s z hust\u011b obydlen\u00e9ho palestinsk\u00e9ho \u00fazem\u00ed.<\/span><\/p>\n<p><span>Podle p\u0159edstavitel\u016f na obou stran\u00e1ch si posledn\u00ed kolo n\u00e1sil\u00ed vy\u017e\u00e1dalo nejm\u00e9n\u011b 4000 mrtv\u00fdch Palestinc\u016f a 1400 Izraelc\u016f a tis\u00edce dal\u0161\u00edch zran\u011bn\u00fdch.\u00a0OSN a skupiny pro lidsk\u00e1 pr\u00e1va vyvolaly poplach kv\u016fli hroz\u00edc\u00ed humanit\u00e1rn\u00ed katastrof\u011b v Gaze.<\/span><\/p>\n<p><img decoding=\"async\" loading=\"lazy\" class=\"alignnone size-full wp-image-1185\" src=\"http:\/\/www.infokuryr.cz\/n\/wp-content\/uploads\/2021\/04\/kuryr-podpis.png\" alt=\"\" width=\"84\" height=\"24\" \/><\/p>\n<p>&nbsp;<\/p>\n<p>&nbsp;<\/p>\n","protected":false},"excerpt":{"rendered":"<p>Leteck\u00fd \u00fatok si vy\u017e\u00e1dal \u017eivot jednoho pracovn\u00edka leti\u0161t\u011b v Dama\u0161ku, zat\u00edmco leti\u0161t\u011b v Aleppu je&#8230;<\/p>\n","protected":false},"author":2,"featured_media":24328,"comment_status":"closed","ping_status":"closed","sticky":false,"template":"","format":"standard","meta":[],"categories":[7],"tags":[1128,107,806,3535,147],"_links":{"self":[{"href":"https:\/\/www.infokuryr.cz\/n\/wp-json\/wp\/v2\/posts\/38772"}],"collection":[{"href":"https:\/\/www.infokuryr.cz\/n\/wp-json\/wp\/v2\/posts"}],"about":[{"href":"https:\/\/www.infokuryr.cz\/n\/wp-json\/wp\/v2\/types\/post"}],"author":[{"embeddable":true,"href":"https:\/\/www.infokuryr.cz\/n\/wp-json\/wp\/v2\/users\/2"}],"replies":[{"embeddable":true,"href":"https:\/\/www.infokuryr.cz\/n\/wp-json\/wp\/v2\/comments?post=38772"}],"version-history":[{"count":0,"href":"https:\/\/www.infokuryr.cz\/n\/wp-json\/wp\/v2\/posts\/38772\/revisions"}],"wp:featuredmedia":[{"embeddable":true,"href":"https:\/\/www.infokuryr.cz\/n\/wp-json\/wp\/v2\/media\/24328"}],"wp:attachment":[{"href":"https:\/\/www.infokuryr.cz\/n\/wp-json\/wp\/v2\/media?parent=38772"}],"wp:term":[{"taxonomy":"category","embeddable":true,"href":"https:\/\/www.infokuryr.cz\/n\/wp-json\/wp\/v2\/categories?post=38772"},{"taxonomy":"post_tag","embeddable":true,"href":"https:\/\/www.infokuryr.cz\/n\/wp-json\/wp\/v2\/tags?post=38772"}],"curies":[{"name":"wp","href":"https:\/\/api.w.org\/{rel}","templated":true}]}}