{"id":38770,"date":"2023-10-23T01:16:30","date_gmt":"2023-10-22T23:16:30","guid":{"rendered":"http:\/\/www.infokuryr.cz\/n\/?p=38770"},"modified":"2023-10-22T17:22:12","modified_gmt":"2023-10-22T15:22:12","slug":"netanjahu-pohrozil-hizballahu-a-libanonu-izraelsky-uder-bude-destruktivni","status":"publish","type":"post","link":"https:\/\/www.infokuryr.cz\/n\/2023\/10\/23\/netanjahu-pohrozil-hizballahu-a-libanonu-izraelsky-uder-bude-destruktivni\/","title":{"rendered":"Netanjahu pohrozil Hizball\u00e1hu a Libanonu: Izraelsk\u00fd \u00fader bude destruktivn\u00ed"},"content":{"rendered":"<div id=\"fb-root\"><\/div>\n<div class=\"news-text-body\">\n<p class=\"lead\"><strong>Libanonsk\u00e1 \u0161\u00editsk\u00e1 skupina Hizball\u00e1h \u201eud\u011bl\u00e1 chybu sv\u00e9ho \u017eivota\u201c, pokud se rozhodne pln\u011b zapojit do konfliktu, kter\u00fd za\u010dal 7. \u0159\u00edjna \u00fatokem militant\u016f Hamasu z p\u00e1sma Gazy na Izrael.\u00a0Toto prohl\u00e1\u0161en\u00ed u\u010dinil premi\u00e9r \u017eidovsk\u00e9ho st\u00e1tu Benjamin Netanjahu b\u011bhem n\u00e1v\u0161t\u011bvy arm\u00e1dy rozm\u00edst\u011bn\u00e9 na severn\u00ed hranici zem\u011b.<\/strong><\/p>\n<p><em>&#8222;Te\u010f v\u00e1m nemohu \u0159\u00edci, zda se Hizball\u00e1h rozhodne pln\u011b se zapojit do boj\u016f.&#8220;\u00a0Ale pokud se Hizball\u00e1h rozhodne j\u00edt do v\u00e1lky, ud\u011bl\u00e1 to \u017eivotn\u00ed chybu.\u00a0Za\u00fato\u010d\u00edme na n\u011bj nep\u0159edstavitelnou silou a to bude m\u00edt ni\u010div\u00e9 n\u00e1sledky jak pro Hizball\u00e1h, tak pro st\u00e1t Libanon.&#8220;<span class=\"after-quote\"> &#8211; \u0159ekl Netanjahu.<\/span><\/em><\/div>\n<div><\/div>\n<div class=\"news-text-body\"><em>My [Izrael] jsme p\u0159ipraveni na jak\u00fdkoli sc\u00e9n\u00e1\u0159&#8220;<span class=\"after-quote\">\u00a0&#8211; dodal premi\u00e9r.<\/span><\/em><\/div>\n<div><\/div>\n<div class=\"socials-wrapper socials-floating\">\n<div class=\"social-likes socials-visible socials-ready\" data-url=\"https:\/\/eadaily.com\/ru\/news\/2023\/10\/22\/natanyahu-prigrozil-hezbolla-i-livanu-udar-izrailya-budet-razrushayushchey-sily\" data-title=\"\u041d\u0430\u0442\u0430\u043d\u044c\u044f\u0445\u0443 \u043f\u0440\u0438\u0433\u0440\u043e\u0437\u0438\u043b \u00ab\u0425\u0435\u0437\u0431\u043e\u043b\u043b\u0430\u00bb \u0438\u00a0\u041b\u0438\u0432\u0430\u043d\u0443: \u0423\u0434\u0430\u0440 \u0418\u0437\u0440\u0430\u0438\u043b\u044f \u0431\u0443\u0434\u0435\u0442 \u0440\u0430\u0437\u0440\u0443\u0448\u0430\u044e\u0449\u0435\u0439 \u0441\u0438\u043b\u044b\"><\/div>\n<\/div>\n<p><img decoding=\"async\" loading=\"lazy\" class=\"alignnone size-full wp-image-1185\" src=\"http:\/\/www.infokuryr.cz\/n\/wp-content\/uploads\/2021\/04\/kuryr-podpis.png\" alt=\"\" width=\"84\" height=\"24\" \/><\/p>\n<p>&nbsp;<\/p>\n<p><a href=\"https:\/\/stranapro.cz\/\"><img decoding=\"async\" loading=\"lazy\" class=\"wp-image-30218 aligncenter\" src=\"http:\/\/www.infokuryr.cz\/n\/wp-content\/uploads\/2023\/06\/PRO-banner-300x36.png\" alt=\"\" width=\"1367\" height=\"164\" srcset=\"https:\/\/www.infokuryr.cz\/n\/wp-content\/uploads\/2023\/06\/PRO-banner-300x36.png 300w, https:\/\/www.infokuryr.cz\/n\/wp-content\/uploads\/2023\/06\/PRO-banner-768x93.png 768w, https:\/\/www.infokuryr.cz\/n\/wp-content\/uploads\/2023\/06\/PRO-banner.png 849w\" sizes=\"(max-width: 1367px) 100vw, 1367px\" \/><\/a><\/p>\n<p>&nbsp;<\/p>\n<p>&nbsp;<\/p>\n<p>&nbsp;<\/p>\n","protected":false},"excerpt":{"rendered":"<p>Libanonsk\u00e1 \u0161\u00editsk\u00e1 skupina Hizball\u00e1h \u201eud\u011bl\u00e1 chybu sv\u00e9ho \u017eivota\u201c, pokud se rozhodne pln\u011b zapojit do konfliktu,&#8230;<\/p>\n","protected":false},"author":2,"featured_media":38771,"comment_status":"closed","ping_status":"closed","sticky":false,"template":"","format":"standard","meta":[],"categories":[7],"tags":[4537,107,2064],"_links":{"self":[{"href":"https:\/\/www.infokuryr.cz\/n\/wp-json\/wp\/v2\/posts\/38770"}],"collection":[{"href":"https:\/\/www.infokuryr.cz\/n\/wp-json\/wp\/v2\/posts"}],"about":[{"href":"https:\/\/www.infokuryr.cz\/n\/wp-json\/wp\/v2\/types\/post"}],"author":[{"embeddable":true,"href":"https:\/\/www.infokuryr.cz\/n\/wp-json\/wp\/v2\/users\/2"}],"replies":[{"embeddable":true,"href":"https:\/\/www.infokuryr.cz\/n\/wp-json\/wp\/v2\/comments?post=38770"}],"version-history":[{"count":0,"href":"https:\/\/www.infokuryr.cz\/n\/wp-json\/wp\/v2\/posts\/38770\/revisions"}],"wp:featuredmedia":[{"embeddable":true,"href":"https:\/\/www.infokuryr.cz\/n\/wp-json\/wp\/v2\/media\/38771"}],"wp:attachment":[{"href":"https:\/\/www.infokuryr.cz\/n\/wp-json\/wp\/v2\/media?parent=38770"}],"wp:term":[{"taxonomy":"category","embeddable":true,"href":"https:\/\/www.infokuryr.cz\/n\/wp-json\/wp\/v2\/categories?post=38770"},{"taxonomy":"post_tag","embeddable":true,"href":"https:\/\/www.infokuryr.cz\/n\/wp-json\/wp\/v2\/tags?post=38770"}],"curies":[{"name":"wp","href":"https:\/\/api.w.org\/{rel}","templated":true}]}}