{"id":38747,"date":"2023-10-23T01:05:00","date_gmt":"2023-10-22T23:05:00","guid":{"rendered":"http:\/\/www.infokuryr.cz\/n\/?p=38747"},"modified":"2023-10-22T15:52:43","modified_gmt":"2023-10-22T13:52:43","slug":"evropske-hodnoty-kyjev-chce-zakazat-ukrajinskou-pravoslavnou-cirkev","status":"publish","type":"post","link":"https:\/\/www.infokuryr.cz\/n\/2023\/10\/23\/evropske-hodnoty-kyjev-chce-zakazat-ukrajinskou-pravoslavnou-cirkev\/","title":{"rendered":"\u201eEvropsk\u00e9 hodnoty\u201c: Kyjev chce zak\u00e1zat Ukrajinskou pravoslavnou c\u00edrkev"},"content":{"rendered":"<div id=\"fb-root\"><\/div>\n<p><span style=\"font-size: 18pt;\"><strong>Ukrajina op\u011bt ukazuje, co si mysl\u00ed o \u201eevropsk\u00fdch hodnot\u00e1ch\u201c<\/strong><\/span><\/p>\n<p>EU svou podporu Ukrajin\u011b ve v\u00e1lce proti Rusku opakovan\u011b zd\u016fvod\u0148uje t\u00edm, \u017ee v tomto v\u00fdchodoevropsk\u00e9m st\u00e1t\u011b jsou br\u00e1n\u011bny <strong>\u201eevropsk\u00e9 hodnoty\u201c.<\/strong>\u00a0Nyn\u00ed kyjevsk\u00fd re\u017eim poskytuje dal\u0161\u00ed p\u0159\u00edklad toho, jak\u00e9 jsou <strong>\u201eevropsk\u00e9 hodnoty\u201c<\/strong> na Ukrajin\u011b.\u00a0Ukrajinsk\u00fd parlament Nejvy\u0161\u0161\u00ed rada ve \u010dtvrtek schv\u00e1lila v prvn\u00edm \u010dten\u00ed n\u00e1vrh z\u00e1kona, jeho\u017e c\u00edlem je z\u00e1kaz ukrajinskou pravoslavnou c\u00edrkev.<\/p>\n<p>Z\u00e1kon by zak\u00e1zal \u010dinnost n\u00e1bo\u017eensk\u00fdch organizac\u00ed napojen\u00fdch na centra vlivu<strong> \u201eve st\u00e1t\u011b, kter\u00fd prov\u00e1d\u00ed ozbrojenou agresi proti Ukrajin\u011b,\u201c<\/strong> uv\u00e1d\u00ed agentura Reuters.\u00a0A odpov\u00eddaj\u00edc\u00ed \u010dinnosti by mohly b\u00fdt soudem ukon\u010deny.<\/p>\n<p>I kdy\u017e je text z\u00e1kona obecn\u00fd, je z\u0159ejm\u00e9, \u017ee je nam\u00ed\u0159en v\u00fdhradn\u011b proti Ukrajinsk\u00e9 pravoslavn\u00e9 c\u00edrkvi.\u00a0Poslankyn\u011b Iryna Hera\u0161\u010denkov\u00e1 uvedla, \u017ee hlasov\u00e1n\u00ed bylo krokem k odstran\u011bn\u00ed \u201emoskevsk\u00fdch kn\u011b\u017e\u00ed z ukrajinsk\u00fdch zem\u00ed\u201c.\u00a0Hera\u0161\u010denko ne\u0159\u00edk\u00e1 nic jin\u00e9ho, ne\u017e \u017ee z\u00e1kaz ukrajinsk\u00e9 pravoslavn\u00e9 c\u00edrkve m\u00e1 pokra\u010dovat v brut\u00e1ln\u00ed politice derusifikace a ukrajinizace.\u00a0Pokud by tento z\u00e1kon vstoupil v platnost, jednalo by se o poru\u0161en\u00ed z\u00e1kladn\u00edho pr\u00e1va na n\u00e1bo\u017eenskou svobodu!<\/p>\n<p>Ukrajinsk\u00e1 pravoslavn\u00e1 c\u00edrkev se s\u00eddlem v Kyjev\u011b byla zalo\u017eena v roce 1990 a zpo\u010d\u00e1tku byla sou\u010d\u00e1st\u00ed Rusk\u00e9 pravoslavn\u00e9 c\u00edrkve. Na konci kv\u011btna 2022, t\u0159i m\u011bs\u00edce po za\u010d\u00e1tku z\u00e1stupn\u00e9 v\u00e1lky NATO proti Rusku na Ukrajin\u011b, se v\u0161ak odtrhla od rusk\u00e9 pravoslavn\u00e9 c\u00edrkve. Dnes na Ukrajin\u011b p\u016fsob\u00ed dv\u011b pravoslavn\u00e9 c\u00edrkev a to <strong>Ukrajinsk\u00e1\u00a0pravoslavn\u00e1 c\u00edrkev<\/strong> d\u0159\u00edve pod moskevsk\u00fdm patriarch\u00e1tem a dal\u0161\u00ed pravoslavnou c\u00edrkv\u00ed je <strong>Pravoslavn\u00e1 c\u00edrkev Ukrajiny<\/strong>, kter\u00e1 obdr\u017eela autokefalitu od Konstantinopolsk\u00e9ho patriarch\u00e1tu a tao c\u00edrkev je pln\u011b podporov\u00e1na ukrajinsk\u00fdm\u00a0re\u017eimem.<\/p>\n<p><img decoding=\"async\" loading=\"lazy\" class=\"alignnone size-full wp-image-1185\" src=\"http:\/\/www.infokuryr.cz\/n\/wp-content\/uploads\/2021\/04\/kuryr-podpis.png\" alt=\"\" width=\"84\" height=\"24\" \/><\/p>\n<p>&nbsp;<\/p>\n<p><a href=\"https:\/\/stranapro.cz\/\"><img decoding=\"async\" loading=\"lazy\" class=\"wp-image-30218 aligncenter\" src=\"http:\/\/www.infokuryr.cz\/n\/wp-content\/uploads\/2023\/06\/PRO-banner-300x36.png\" alt=\"\" width=\"1375\" height=\"165\" srcset=\"https:\/\/www.infokuryr.cz\/n\/wp-content\/uploads\/2023\/06\/PRO-banner-300x36.png 300w, https:\/\/www.infokuryr.cz\/n\/wp-content\/uploads\/2023\/06\/PRO-banner-768x93.png 768w, https:\/\/www.infokuryr.cz\/n\/wp-content\/uploads\/2023\/06\/PRO-banner.png 849w\" sizes=\"(max-width: 1375px) 100vw, 1375px\" \/><\/a><\/p>\n<p>&nbsp;<\/p>\n<p>&nbsp;<\/p>\n<p>&nbsp;<\/p>\n","protected":false},"excerpt":{"rendered":"<p>Ukrajina op\u011bt ukazuje, co si mysl\u00ed o \u201eevropsk\u00fdch hodnot\u00e1ch\u201c EU svou podporu Ukrajin\u011b ve v\u00e1lce&#8230;<\/p>\n","protected":false},"author":2,"featured_media":38748,"comment_status":"closed","ping_status":"closed","sticky":false,"template":"","format":"standard","meta":[],"categories":[7],"tags":[283,274,250,26],"_links":{"self":[{"href":"https:\/\/www.infokuryr.cz\/n\/wp-json\/wp\/v2\/posts\/38747"}],"collection":[{"href":"https:\/\/www.infokuryr.cz\/n\/wp-json\/wp\/v2\/posts"}],"about":[{"href":"https:\/\/www.infokuryr.cz\/n\/wp-json\/wp\/v2\/types\/post"}],"author":[{"embeddable":true,"href":"https:\/\/www.infokuryr.cz\/n\/wp-json\/wp\/v2\/users\/2"}],"replies":[{"embeddable":true,"href":"https:\/\/www.infokuryr.cz\/n\/wp-json\/wp\/v2\/comments?post=38747"}],"version-history":[{"count":1,"href":"https:\/\/www.infokuryr.cz\/n\/wp-json\/wp\/v2\/posts\/38747\/revisions"}],"predecessor-version":[{"id":38749,"href":"https:\/\/www.infokuryr.cz\/n\/wp-json\/wp\/v2\/posts\/38747\/revisions\/38749"}],"wp:featuredmedia":[{"embeddable":true,"href":"https:\/\/www.infokuryr.cz\/n\/wp-json\/wp\/v2\/media\/38748"}],"wp:attachment":[{"href":"https:\/\/www.infokuryr.cz\/n\/wp-json\/wp\/v2\/media?parent=38747"}],"wp:term":[{"taxonomy":"category","embeddable":true,"href":"https:\/\/www.infokuryr.cz\/n\/wp-json\/wp\/v2\/categories?post=38747"},{"taxonomy":"post_tag","embeddable":true,"href":"https:\/\/www.infokuryr.cz\/n\/wp-json\/wp\/v2\/tags?post=38747"}],"curies":[{"name":"wp","href":"https:\/\/api.w.org\/{rel}","templated":true}]}}