{"id":3860,"date":"2021-08-06T03:28:58","date_gmt":"2021-08-06T01:28:58","guid":{"rendered":"http:\/\/www.infokuryr.cz\/n\/?p=3860"},"modified":"2021-08-06T03:28:58","modified_gmt":"2021-08-06T01:28:58","slug":"italie-pozadala-eu-o-aktivaci-mechanizmu-prerozdelovani-imigrantu","status":"publish","type":"post","link":"https:\/\/www.infokuryr.cz\/n\/2021\/08\/06\/italie-pozadala-eu-o-aktivaci-mechanizmu-prerozdelovani-imigrantu\/","title":{"rendered":"It\u00e1lie po\u017e\u00e1dala EU o aktivaci mechanizmu p\u0159erozd\u011blov\u00e1n\u00ed imigrant\u016f!"},"content":{"rendered":"<div id=\"fb-root\"><\/div>\n<p>It\u00e1lie v\u010dera \u00fasty sv\u00e9 ministryn\u011b vnitra Luciany Lamorgese po\u017e\u00e1dala EU o okam\u017eitou do\u010dasnou aktivaci mechanizmu p\u0159erozd\u011blov\u00e1n\u00ed imigrant\u016f, aby mohla p\u0159ijmout do sv\u00fdch p\u0159\u00edstav\u016f 2 plavidla (Sea-Watch a Ocean Viking) neziskovek, kter\u00e9 v posledn\u00edch dnech vyt\u00e1hly ze St\u0159edozemn\u00edho mo\u0159e na 800 imigrant\u016f z Afriky. Lamorgeseov\u00e1 zatla\u010dila na komisa\u0159ku EU pro vnitro, aby byl nastolen princi <strong>solidarity\u00a0<\/strong>mezi \u010dlensk\u00fdmi zem\u011bmi ohledn\u011b\u00a0<strong>povinn\u00e9ho\u00a0<\/strong>p\u0159erozd\u011blov\u00e1n\u00ed imigrant\u016f &#8222;zachr\u00e1n\u011bn\u00fdch&#8220; na mo\u0159i.<\/p>\n<p>Neziskovky urguj\u00ed bezodkladn\u00e9 povolen\u00ed vplut\u00ed do p\u0159\u00edstav\u016f, \u017ee pr\u00fd nalod\u011bn\u00ed imigranti jsou unaveni a traumatizov\u00e1ni.<\/p>\n<p><a href=\"https:\/\/observador.pt\/2021\/08\/04\/italia-pede-ativacao-imediata-de-mecanismo-europeu-de-distribuicao-de-migrantes\/\">ZDROJ<\/a><\/p>\n<p>&nbsp;<\/p>\n","protected":false},"excerpt":{"rendered":"<p>It\u00e1lie v\u010dera \u00fasty sv\u00e9 ministryn\u011b vnitra Luciany Lamorgese po\u017e\u00e1dala EU o okam\u017eitou do\u010dasnou aktivaci mechanizmu&#8230;<\/p>\n","protected":false},"author":2,"featured_media":1990,"comment_status":"closed","ping_status":"closed","sticky":false,"template":"","format":"standard","meta":[],"categories":[7],"tags":[41,119,191],"_links":{"self":[{"href":"https:\/\/www.infokuryr.cz\/n\/wp-json\/wp\/v2\/posts\/3860"}],"collection":[{"href":"https:\/\/www.infokuryr.cz\/n\/wp-json\/wp\/v2\/posts"}],"about":[{"href":"https:\/\/www.infokuryr.cz\/n\/wp-json\/wp\/v2\/types\/post"}],"author":[{"embeddable":true,"href":"https:\/\/www.infokuryr.cz\/n\/wp-json\/wp\/v2\/users\/2"}],"replies":[{"embeddable":true,"href":"https:\/\/www.infokuryr.cz\/n\/wp-json\/wp\/v2\/comments?post=3860"}],"version-history":[{"count":0,"href":"https:\/\/www.infokuryr.cz\/n\/wp-json\/wp\/v2\/posts\/3860\/revisions"}],"wp:featuredmedia":[{"embeddable":true,"href":"https:\/\/www.infokuryr.cz\/n\/wp-json\/wp\/v2\/media\/1990"}],"wp:attachment":[{"href":"https:\/\/www.infokuryr.cz\/n\/wp-json\/wp\/v2\/media?parent=3860"}],"wp:term":[{"taxonomy":"category","embeddable":true,"href":"https:\/\/www.infokuryr.cz\/n\/wp-json\/wp\/v2\/categories?post=3860"},{"taxonomy":"post_tag","embeddable":true,"href":"https:\/\/www.infokuryr.cz\/n\/wp-json\/wp\/v2\/tags?post=3860"}],"curies":[{"name":"wp","href":"https:\/\/api.w.org\/{rel}","templated":true}]}}