{"id":3859,"date":"2021-08-06T03:26:25","date_gmt":"2021-08-06T01:26:25","guid":{"rendered":"http:\/\/www.infokuryr.cz\/n\/?p=3859"},"modified":"2021-08-06T03:26:25","modified_gmt":"2021-08-06T01:26:25","slug":"litva-pokracuje-v-nasilnem-vyhaneni-ilegalu-jeden-mrtvy-a-brusel-mlci-jako-hrob","status":"publish","type":"post","link":"https:\/\/www.infokuryr.cz\/n\/2021\/08\/06\/litva-pokracuje-v-nasilnem-vyhaneni-ilegalu-jeden-mrtvy-a-brusel-mlci-jako-hrob\/","title":{"rendered":"Litva pokra\u010duje v n\u00e1siln\u00e9m vyh\u00e1n\u011bn\u00ed ileg\u00e1l\u016f: Jeden mrtv\u00fd a Brusel ml\u010d\u00ed jako hrob"},"content":{"rendered":"<div id=\"fb-root\"><\/div>\n<p>Litevci z dob Sov\u011btsk\u00e9ho svazu nejsou zvykl\u00ed, \u017ee by se n\u011bkdo odv\u00e1\u017eil ileg\u00e1ln\u011b mirni-tirnix p\u0159ekra\u010dovat hranice. Imigranti zas z posledn\u00edch let nejsou zvykl\u00ed, \u017ee by se proti nim n\u011bkdo zmohl d\u016fsledn\u011b br\u00e1nit p\u0159ekro\u010den\u00ed hranic. V Litv\u011b se ale spletli. A Litva m\u00e1 nyn\u00ed i podporu EU.<\/p>\n<p>Litva pokra\u010duje v nucen\u00e9m vym\u00eds\u0165ov\u00e1n\u00ed ileg\u00e1l\u016f ze sv\u00e9ho \u00fazem\u00ed do B\u011bloruska. Des\u00edtky zbit\u00fdch, zran\u011bn\u00fdch, jeden mrtv\u00fd. \u00a0Vracen\u00ed ileg\u00e1l\u016f je pr\u00fd \u00fa\u010dinn\u00e9 a ji\u017e v\u00fdrazn\u011b odradilo dal\u0161\u00ed imigranty a sn\u00ed\u017eilo dal\u0161\u00ed naru\u0161ov\u00e1n\u00ed hranice. Ir\u00e1k u\u017e dokonce zastavil lety do Minsku. B\u011blorusk\u00fd prezident Luka\u0161enko odezvou na\u0159\u00eddil hermetick\u00e9 uzav\u0159en\u00ed hranice.<\/p>\n<p>A z Bruselu je ticho po p\u011b\u0161in\u011b, jo kdyby si to dovolilo Ma\u010farsko, to by soudruzi neomarxisti \u0159vali jako tur.<\/p>\n<p><a href=\"https:\/\/www.delfi.lt\/ru\/news\/live\/delfi-glavnoe-provokacii-rezhima-lukashenko-na-granice-migranty-i-mestnye-zhiteli-kak-uzhivatsya.d?id=87877053\">ZDROJ<\/a><\/p>\n<p>&nbsp;<\/p>\n","protected":false},"excerpt":{"rendered":"<p>Litevci z dob Sov\u011btsk\u00e9ho svazu nejsou zvykl\u00ed, \u017ee by se n\u011bkdo odv\u00e1\u017eil ileg\u00e1ln\u011b mirni-tirnix p\u0159ekra\u010dovat&#8230;<\/p>\n","protected":false},"author":2,"featured_media":3523,"comment_status":"closed","ping_status":"closed","sticky":false,"template":"","format":"standard","meta":[],"categories":[7],"tags":[119,208],"_links":{"self":[{"href":"https:\/\/www.infokuryr.cz\/n\/wp-json\/wp\/v2\/posts\/3859"}],"collection":[{"href":"https:\/\/www.infokuryr.cz\/n\/wp-json\/wp\/v2\/posts"}],"about":[{"href":"https:\/\/www.infokuryr.cz\/n\/wp-json\/wp\/v2\/types\/post"}],"author":[{"embeddable":true,"href":"https:\/\/www.infokuryr.cz\/n\/wp-json\/wp\/v2\/users\/2"}],"replies":[{"embeddable":true,"href":"https:\/\/www.infokuryr.cz\/n\/wp-json\/wp\/v2\/comments?post=3859"}],"version-history":[{"count":0,"href":"https:\/\/www.infokuryr.cz\/n\/wp-json\/wp\/v2\/posts\/3859\/revisions"}],"wp:featuredmedia":[{"embeddable":true,"href":"https:\/\/www.infokuryr.cz\/n\/wp-json\/wp\/v2\/media\/3523"}],"wp:attachment":[{"href":"https:\/\/www.infokuryr.cz\/n\/wp-json\/wp\/v2\/media?parent=3859"}],"wp:term":[{"taxonomy":"category","embeddable":true,"href":"https:\/\/www.infokuryr.cz\/n\/wp-json\/wp\/v2\/categories?post=3859"},{"taxonomy":"post_tag","embeddable":true,"href":"https:\/\/www.infokuryr.cz\/n\/wp-json\/wp\/v2\/tags?post=3859"}],"curies":[{"name":"wp","href":"https:\/\/api.w.org\/{rel}","templated":true}]}}