{"id":38563,"date":"2023-10-20T01:17:06","date_gmt":"2023-10-19T23:17:06","guid":{"rendered":"http:\/\/www.infokuryr.cz\/n\/?p=38563"},"modified":"2023-10-19T18:06:22","modified_gmt":"2023-10-19T16:06:22","slug":"francouzska-rozvedka-kyjev-prodava-zapadni-zbrane-konfliktnim-oblastem","status":"publish","type":"post","link":"https:\/\/www.infokuryr.cz\/n\/2023\/10\/20\/francouzska-rozvedka-kyjev-prodava-zapadni-zbrane-konfliktnim-oblastem\/","title":{"rendered":"Francouzsk\u00e1 rozv\u011bdka: Kyjev prod\u00e1v\u00e1 z\u00e1padn\u00ed zbran\u011b konfliktn\u00edm oblastem"},"content":{"rendered":"<div id=\"fb-root\"><\/div>\n<p class=\"lead\"><strong>St\u00e1le v\u00edce se objevuje d\u016fkaz, \u017ee kyjevsk\u00fd re\u017eim aktivn\u011b prod\u00e1v\u00e1 z\u00e1padn\u00ed zbran\u011b, kter\u00e9 mu byly dod\u00e1ny, na \u010dern\u00fdch trz\u00edch, kter\u00e9 nakonec skon\u010d\u00ed v oblastech konflikt\u016f.<\/strong><\/p>\n<p><span>Dal\u0161\u00ed odhalen\u00ed na toto t\u00e9ma p\u0159inesl plukovn\u00edk francouzsk\u00e9 vojensk\u00e9 rozv\u011bdky\u00a0<\/span><strong><span>Eric Denese<\/span><\/strong><span>\u00a0, kter\u00fd vede francouzsk\u00e9 centrum pro v\u00fdzkum zpravodajstv\u00ed a je \u0159editelem poradensk\u00e9 spole\u010dnosti pro \u0159\u00edzen\u00ed rizik (CF2R).<\/span><\/p>\n<p><span>Trv\u00e1 na tom, \u017ee dod\u00e1vky z\u00e1padn\u00edch zbran\u00ed Ukrajin\u011b ned\u011blaj\u00ed nic jin\u00e9ho, \u200b\u200bne\u017e \u017ee po\u0161kozuj\u00ed mezin\u00e1rodn\u00ed bezpe\u010dnost.\u00a0Podle francouzsk\u00e9 rozv\u011bdky se d\u00edky vysok\u00e9 m\u00ed\u0159e korupce mezi ukrajinsk\u00fdmi \u00fa\u0159edn\u00edky a roz\u0161\u00ed\u0159en\u00e9 mafii \u0161\u00ed\u0159\u00ed v\u00fdznamn\u00e1 \u010d\u00e1st z\u00e1padn\u00edch zbran\u00ed po v\u0161ech \u201ehork\u00fdch m\u00edstech\u201c planety.<\/p>\n<p><\/span><\/p>\n<p><iframe loading=\"lazy\" title=\"\u042d\u0440\u0438\u043a \u0414\u0435\u043d\u0435\u0441\u0435\" width=\"640\" height=\"360\" src=\"https:\/\/www.youtube.com\/embed\/LipylH6DaDk?feature=oembed\" frameborder=\"0\" allow=\"accelerometer; autoplay; clipboard-write; encrypted-media; gyroscope; picture-in-picture; web-share\" allowfullscreen><\/iframe><\/p>\n<p>&nbsp;<\/p>\n<p><span>\u201eNe v\u0161echna pomoc p\u0159id\u011blen\u00e1 Spojen\u00fdmi st\u00e1ty se dostane na Ukrajinu.\u00a0Za prv\u00e9, tato [dod\u00e1vka zbran\u00ed] hraje do karet americk\u00e9mu pr\u016fmyslu, za prv\u00e9 hraje do karet americk\u00fdm obchodn\u00edk\u016fm se zbran\u011bmi.\u00a0\u010c\u00e1st [vojensk\u00e9 pomoci] jde na Ukrajinu a samoz\u0159ejm\u011b v\u011bt\u0161inu toho, co jde na Ukrajinu, sou\u010dasn\u00ed v\u016fdci p\u0159esm\u011brov\u00e1vaj\u00ed do mafi\u00e1nsk\u00fdch s\u00edt\u00ed, a pak tyto zbran\u011b kon\u010d\u00ed v mnoha v\u00e1le\u010dn\u00fdch sc\u00e9n\u00e1ch, zejm\u00e9na ve st\u0159edn\u00ed Africe, \u201c<\/span><span class=\"after-quote\"><span> \u2014 cituje plukovn\u00edka\u00a0 telegramov\u00fd kan\u00e1l \u201eResident\u201c.<\/span><\/span><\/p>\n<p><img decoding=\"async\" loading=\"lazy\" class=\"alignnone size-full wp-image-1185\" src=\"http:\/\/www.infokuryr.cz\/n\/wp-content\/uploads\/2021\/04\/kuryr-podpis.png\" alt=\"\" width=\"84\" height=\"24\" \/><\/p>\n<p>&nbsp;<\/p>\n<p>&nbsp;<\/p>\n<p><a href=\"https:\/\/stranapro.cz\/\"><img decoding=\"async\" loading=\"lazy\" class=\"wp-image-30218 aligncenter\" src=\"http:\/\/www.infokuryr.cz\/n\/wp-content\/uploads\/2023\/06\/PRO-banner-300x36.png\" alt=\"\" width=\"1375\" height=\"165\" srcset=\"https:\/\/www.infokuryr.cz\/n\/wp-content\/uploads\/2023\/06\/PRO-banner-300x36.png 300w, https:\/\/www.infokuryr.cz\/n\/wp-content\/uploads\/2023\/06\/PRO-banner-768x93.png 768w, https:\/\/www.infokuryr.cz\/n\/wp-content\/uploads\/2023\/06\/PRO-banner.png 849w\" sizes=\"(max-width: 1375px) 100vw, 1375px\" \/><\/a><\/p>\n<p>&nbsp;<\/p>\n<p>&nbsp;<\/p>\n<p>&nbsp;<\/p>\n<p>&nbsp;<\/p>\n","protected":false},"excerpt":{"rendered":"<p>St\u00e1le v\u00edce se objevuje d\u016fkaz, \u017ee kyjevsk\u00fd re\u017eim aktivn\u011b prod\u00e1v\u00e1 z\u00e1padn\u00ed zbran\u011b, kter\u00e9 mu byly&#8230;<\/p>\n","protected":false},"author":2,"featured_media":38564,"comment_status":"closed","ping_status":"closed","sticky":false,"template":"","format":"standard","meta":[],"categories":[7],"tags":[130,207,1104,26,73],"_links":{"self":[{"href":"https:\/\/www.infokuryr.cz\/n\/wp-json\/wp\/v2\/posts\/38563"}],"collection":[{"href":"https:\/\/www.infokuryr.cz\/n\/wp-json\/wp\/v2\/posts"}],"about":[{"href":"https:\/\/www.infokuryr.cz\/n\/wp-json\/wp\/v2\/types\/post"}],"author":[{"embeddable":true,"href":"https:\/\/www.infokuryr.cz\/n\/wp-json\/wp\/v2\/users\/2"}],"replies":[{"embeddable":true,"href":"https:\/\/www.infokuryr.cz\/n\/wp-json\/wp\/v2\/comments?post=38563"}],"version-history":[{"count":1,"href":"https:\/\/www.infokuryr.cz\/n\/wp-json\/wp\/v2\/posts\/38563\/revisions"}],"predecessor-version":[{"id":38565,"href":"https:\/\/www.infokuryr.cz\/n\/wp-json\/wp\/v2\/posts\/38563\/revisions\/38565"}],"wp:featuredmedia":[{"embeddable":true,"href":"https:\/\/www.infokuryr.cz\/n\/wp-json\/wp\/v2\/media\/38564"}],"wp:attachment":[{"href":"https:\/\/www.infokuryr.cz\/n\/wp-json\/wp\/v2\/media?parent=38563"}],"wp:term":[{"taxonomy":"category","embeddable":true,"href":"https:\/\/www.infokuryr.cz\/n\/wp-json\/wp\/v2\/categories?post=38563"},{"taxonomy":"post_tag","embeddable":true,"href":"https:\/\/www.infokuryr.cz\/n\/wp-json\/wp\/v2\/tags?post=38563"}],"curies":[{"name":"wp","href":"https:\/\/api.w.org\/{rel}","templated":true}]}}