{"id":3855,"date":"2021-08-06T03:12:22","date_gmt":"2021-08-06T01:12:22","guid":{"rendered":"http:\/\/www.infokuryr.cz\/n\/?p=3855"},"modified":"2021-08-06T03:12:22","modified_gmt":"2021-08-06T01:12:22","slug":"hrib-to-neunesl-zbabelec-babis-vyzyvam-premiera-k-verejnemu-duelu","status":"publish","type":"post","link":"https:\/\/www.infokuryr.cz\/n\/2021\/08\/06\/hrib-to-neunesl-zbabelec-babis-vyzyvam-premiera-k-verejnemu-duelu\/","title":{"rendered":"H\u0159ib to neunesl: Zbab\u011blec Babi\u0161. Vyz\u00fdv\u00e1m premi\u00e9ra k ve\u0159ejn\u00e9mu duelu"},"content":{"rendered":"<div id=\"fb-root\"><\/div>\n<p><strong>Na soci\u00e1ln\u00edch s\u00edt\u00edch se schyluje ke st\u0159etu mezi \u010desk\u00fdm premi\u00e9rem Andrejem Babi\u0161em a pra\u017esk\u00fdm prim\u00e1torem Zde\u0148kem H\u0159ibem. Ten toti\u017e \u010desk\u00e9ho p\u0159edsedu vl\u00e1dy ozna\u010dil za zbab\u011blce, a z\u00e1rove\u0148 ho vyzval k ve\u0159ejn\u00e9mu duelu. Co se stalo?<\/strong><\/p>\n<p>Na Twitteru to za\u010d\u00edn\u00e1 p\u011bkn\u011b v\u0159\u00edt. Vypad\u00e1 to, \u017ee\u00a0<strong>Babi\u0161 vyto\u010dil H\u0159iba<\/strong>\u00a0dob\u011bla, a ten tak kolem sebe za\u010d\u00edn\u00e1 na\u0161tvan\u011b kopat.<\/p>\n<p>\u201ePane premi\u00e9re, p\u0159esta\u0148te se chovat jako zbab\u011blec a d\u011blat si volebn\u00ed kampa\u0148 na Praze. A jestli chcete \u0159e\u0161it Prahu p\u0159\u00edmo, vyz\u00fdv\u00e1m v\u00e1s opakovan\u011b k ve\u0159ejn\u00e9mu duelu. M\u016f\u017eeme to probrat bez toho, abyste se schov\u00e1val za sv\u016fj marketingov\u00fd t\u00fdm,\u201c napsal H\u0159ib ve zkratce na sv\u00e9m Twitteru.<\/p>\n<p>K postu v\u0161ak p\u0159idal text, kter\u00fd u\u017e byl mnohem obs\u00e1hlej\u0161\u00ed. V n\u011bm st\u00e1lo nap\u0159\u00edklad to, \u017ee Babi\u0161 dle n\u011bj pro Pra\u017eany za celou dobu neud\u011blal nic. Z\u00e1rove\u0148 vyjmenoval to, co Babi\u0161 v\u00a0Praze\u00a0zkazil.<\/p>\n<p>\u201eTrest\u00e1te je akor\u00e1t za to, \u017ee v\u00e1s tady nevol\u00ed po va\u0161em fiasku s va\u0161\u00ed prim\u00e1torkou. Va\u0161e dostavba Pra\u017esk\u00e9ho okruhu je v nedohlednu a v\u0161e sliby Pra\u017ean\u016fm ohledn\u011b majetkov\u00fdch sm\u011bn jste schopn\u00fd poru\u0161it hned po pod\u00e1n\u00ed ruky,\u201c uvedl prim\u00e1tor.<\/p>\n<p>Dodal tak\u00e9, \u017ee dle jeho m\u00edn\u011bn\u00ed v dob\u011b covidov\u00e9\u00a0Babi\u0161\u00a0akor\u00e1t rozvr\u00e1til \u010ceskou republiku.<\/p>\n<p>\u201e\u017de se nestyd\u00edte akor\u00e1t po\u0159\u00e1d jen lh\u00e1t a nehry\u017ee v\u00e1s sv\u011bdom\u00ed za to, jak jste b\u011bhem koronaviru rozvr\u00e1til na\u0161i zemi. Kdybychom nem\u011bli tak neschopn\u00e9ho premi\u00e9ra, nemuseli jsme m\u00edt nejv\u00edc ob\u011bt\u00ed na po\u010det obyvatel nebo rekordn\u011b dlouho zav\u0159en\u00e9 d\u011bti doma bez mo\u017enosti chodit do \u0161koly,\u201c vy\u010detl mu.<\/p>\n<p>V z\u00e1v\u011bru sv\u00e9ho \u201eposelstv\u00ed\u201c mu vzk\u00e1zal, aby p\u0159estal kone\u010dn\u011b s lidmi manipulovat.<\/p>\n<p>\u201eB\u011b\u017ete si ps\u00e1t knihy, kter\u00e9 jste vlastn\u011b ani nenapsal, a jd\u011bte to\u010dit zmrzlinu,\u201c dodal a podotkl, \u017ee pokud chce Babi\u0161 \u0159e\u0161it Prahu p\u0159\u00edmo, pak ho vyz\u00fdv\u00e1 k ve\u0159ejn\u00e9mu duelu.<\/p>\n<p><strong>Co H\u0159iba tak roz\u010d\u00edlilo?<\/strong><\/p>\n<p>A co vlastn\u011b\u00a0<strong>H\u0159iba<\/strong>\u00a0tak nam\u00edchlo, \u017ee m\u011bl pot\u0159ebu ps\u00e1t takov\u00fd status? Podle v\u0161eho za t\u00edm m\u016f\u017ee st\u00e1t hned n\u011bkolik v\u011bc\u00ed.<\/p>\n<p>Zmi\u0148me nap\u0159\u00edklad to, \u017ee Babi\u0161 ned\u00e1vno p\u0159esd\u00edlel tweet m\u00edstostarosty Prahy 11 Ond\u0159eje Prokopa, kter\u00fd v n\u011bm H\u0159iba\u00a0obvi\u0148uje\u00a0z toho, \u017ee Pir\u00e1ti v Praze pod jeho veden\u00edm \u201edok\u00e1zali za jedin\u00fd rok utratit 109 mili\u00f3n\u016f K\u010d za IT slu\u017eby\u201c, a to v\u0161e magicky v re\u017eimu \u201eve\u0159ejn\u00fdch zak\u00e1zek mal\u00e9ho rozsahu\u201c. Podle jeho slov tak rozhodn\u011b nejde o transparentn\u00ed digitalizaci. Babi\u0161 s t\u00edm n\u00e1zorem z\u0159ejm\u011b sympatizuje, kdy\u017e jeho status tak\u00e9 zve\u0159ejnil.<\/p>\n<p>Za pov\u0161imnut\u00ed stoj\u00ed tak\u00e9 ned\u00e1vn\u00e1\u00a0slovn\u00ed poty\u010dka\u00a0mezi Babi\u0161em a H\u0159ibem ohledn\u011b zdra\u017een\u00ed j\u00edzdenek MHD. H\u0159ib toti\u017e pou\u017eil sn\u00edmek Andreje Babi\u0161e v pra\u017esk\u00e9m metru pro neofici\u00e1ln\u00ed plak\u00e1t MHD. Ten zobrazuje Babi\u0161e p\u0159ed automatem na j\u00edzdenky v pra\u017esk\u00e9m metru. Jde o z\u00e1b\u011br z jeho ned\u011bln\u00edho\u00a0<em>\u010cau, lidi<\/em>, ve kter\u00e9m\u00a0se op\u0159el\u00a0do Pir\u00e1t\u016f za zdra\u017een\u00ed j\u00edzdenek v Praze. H\u0159ib se ve sv\u00e9 reakci pozastavil nad t\u00edm, pro\u010d si premi\u00e9r jako\u017eto osoba star\u0161\u00ed 65 let kupuje l\u00edstek. Lid\u00e9 v t\u00e9to v\u011bkov\u00e9 skupin\u011b a d\u011bti do patn\u00e1cti let toti\u017e za j\u00edzdenky platit nemus\u00ed.<\/p>\n<p>Premi\u00e9r ale v odpov\u011bdi na tento p\u0159\u00edsp\u011bvek p\u0159ipomn\u011bl p\u016fvodn\u00ed pl\u00e1n Pir\u00e1t\u016f, kte\u0159\u00ed maj\u00ed ve sv\u00e9m volebn\u00edm programu vizi bezplatn\u00e9 m\u011bstsk\u00e9 p\u0159epravy.<\/p>\n<p>\u201eVid\u00edte. A j\u00e1 myslel, \u017ee to nen\u00ed o tom, co Babi\u0161, ale o kolik Pir\u00e1ti tu j\u00edzdenku zdra\u017eili v\u0161em lidem. Nav\u00edc kdy\u017e p\u0159ed t\u0159emi roky slibovali MHD zadarmo,\u201c ohradil se premi\u00e9r.<\/p>\n<p>Pomyslnou posledn\u00ed kapkou pak mohlo b\u00fdt to, \u017ee Babi\u0161 Prahu, pro kterou pr\u00fd dle H\u0159iba neud\u011blal nic, vyu\u017e\u00edv\u00e1 jako jedno z m\u00edst pro p\u0159edvolebn\u00ed kampa\u0148. Avizoval toti\u017e, \u017ee bude v sobotu v Pr\u016fhonic\u00edch na n\u00e1m\u011bst\u00ed od 10 do 17 hodin to\u010dit zmrzlinu pro voli\u010de.\u00a0Reaguje\u00a0t\u00edm na n\u00e1pad koalice Pir\u00e1t\u016f a STAN, kte\u0159\u00ed chystaj\u00ed \u201enanuk tour\u201c po \u010cR.<\/p>\n<p><a href=\"https:\/\/cz.sputniknews.com\/20210805\/hrib-to-neunesl-zbabelec-babis-vyzyvam-premiera-k-verejnemu-duelu-15396149.html\">ZDROJ<\/a><\/p>\n<p>&nbsp;<\/p>\n<p>&nbsp;<\/p>\n","protected":false},"excerpt":{"rendered":"<p>Na soci\u00e1ln\u00edch s\u00edt\u00edch se schyluje ke st\u0159etu mezi \u010desk\u00fdm premi\u00e9rem Andrejem Babi\u0161em a pra\u017esk\u00fdm prim\u00e1torem&#8230;<\/p>\n","protected":false},"author":2,"featured_media":3856,"comment_status":"closed","ping_status":"closed","sticky":false,"template":"","format":"standard","meta":[],"categories":[6],"tags":[159,126,1001,137,27],"_links":{"self":[{"href":"https:\/\/www.infokuryr.cz\/n\/wp-json\/wp\/v2\/posts\/3855"}],"collection":[{"href":"https:\/\/www.infokuryr.cz\/n\/wp-json\/wp\/v2\/posts"}],"about":[{"href":"https:\/\/www.infokuryr.cz\/n\/wp-json\/wp\/v2\/types\/post"}],"author":[{"embeddable":true,"href":"https:\/\/www.infokuryr.cz\/n\/wp-json\/wp\/v2\/users\/2"}],"replies":[{"embeddable":true,"href":"https:\/\/www.infokuryr.cz\/n\/wp-json\/wp\/v2\/comments?post=3855"}],"version-history":[{"count":0,"href":"https:\/\/www.infokuryr.cz\/n\/wp-json\/wp\/v2\/posts\/3855\/revisions"}],"wp:featuredmedia":[{"embeddable":true,"href":"https:\/\/www.infokuryr.cz\/n\/wp-json\/wp\/v2\/media\/3856"}],"wp:attachment":[{"href":"https:\/\/www.infokuryr.cz\/n\/wp-json\/wp\/v2\/media?parent=3855"}],"wp:term":[{"taxonomy":"category","embeddable":true,"href":"https:\/\/www.infokuryr.cz\/n\/wp-json\/wp\/v2\/categories?post=3855"},{"taxonomy":"post_tag","embeddable":true,"href":"https:\/\/www.infokuryr.cz\/n\/wp-json\/wp\/v2\/tags?post=3855"}],"curies":[{"name":"wp","href":"https:\/\/api.w.org\/{rel}","templated":true}]}}