{"id":3854,"date":"2021-08-06T03:07:30","date_gmt":"2021-08-06T01:07:30","guid":{"rendered":"http:\/\/www.infokuryr.cz\/n\/?p=3854"},"modified":"2021-08-06T03:07:30","modified_gmt":"2021-08-06T01:07:30","slug":"zelenskyj-vyzval-obyvatele-donbasu-kteri-se-povazuji-za-rusy-aby-vycestovali","status":"publish","type":"post","link":"https:\/\/www.infokuryr.cz\/n\/2021\/08\/06\/zelenskyj-vyzval-obyvatele-donbasu-kteri-se-povazuji-za-rusy-aby-vycestovali\/","title":{"rendered":"Zelenskyj vyzval obyvatele Donbasu, kte\u0159\u00ed se pova\u017euj\u00ed za Rusy, aby vycestovali"},"content":{"rendered":"<div id=\"fb-root\"><\/div>\n<p><strong>Ukrajinsk\u00fd prezident Volodymyr Zelenskyj prohl\u00e1sil, \u017ee Donbas \u201enikdy nebude rusk\u00fdm \u00fazem\u00edm\u201c, a t\u011bm, kdo maj\u00ed r\u00e1di Rusko a p\u0159ej\u00ed si za\u0159azen\u00ed oblasti do jeho slo\u017een\u00ed, navrhl, \u201eaby si hledali m\u00edsto v Rusku\u201c.<\/strong><\/p>\n<p>\u201eObyvatel\u00e9 okupovan\u00e9ho\u00a0<strong>Donbasu a Krymu\u00a0<\/strong>si maj\u00ed p\u0159esn\u011b uv\u011bdomit, \u017ee nejde o to, \u017ee n\u011bkdo n\u011bkoho n\u011bkam vyh\u00e1n\u00ed. Chci prost\u011b, aby mne pochopili. M\u00e1m za to, \u017ee kdy\u017e \u010dlov\u011bk \u017eije dnes na \u00fazem\u00ed do\u010dasn\u011b okupovan\u00e9ho Donbasu, a mysl\u00ed, \u017ee \u201ena\u0161e v\u011bc je spr\u00e1vn\u00e1, pat\u0159\u00edme do Ruska, jsme Rusov\u00e9\u201c, pak d\u011blaj\u00ed velkou chybu, \u017ee z\u016fstali na Donbasu. Nikdy to nebude rusk\u00e9 \u00fazem\u00ed. &lt;&#8230;&gt; Je to jako ze\u010f v N\u011bmecku. V ka\u017ed\u00e9m p\u0159\u00edpad\u011b vyu\u017eij\u00ed lid\u00e9, d\u011bjiny, okam\u017eiku, a ze\u010f bude zbo\u0159ena. Kdy\u017e se nedohodnou (pozn. o urovn\u00e1n\u00ed konfliktu), stejn\u011b lid\u00e9 vyu\u017eij\u00ed okam\u017eiku,\u201c prohl\u00e1sil\u00a0Zelenskyj\u00a0v rozhovoru pro televizi Dom, jeho\u017e \u010d\u00e1st byla zve\u0159ejn\u011bna na Telegramu televize.<\/p>\n<p>Ukrajinsk\u00fd l\u00eddr se obr\u00e1til na obyvatele\u00a0Donbasu\u00a0a doporu\u010dil t\u011bm, kdo se pova\u017euj\u00ed za Ukrajince, aby neodch\u00e1zeli z tohoto \u00fazem\u00ed.<\/p>\n<p>\u201eM\u00e1m za to, \u017ee kdy\u017e \u010dlov\u011bk miluje\u00a0Rusko, ch\u00e1pe, \u017ee cel\u00fd \u017eivot str\u00e1vil na ukrajinsk\u00e9m \u00fazem\u00ed, ale m\u011bl pocit, \u017ee je to Rusko, &lt;&#8230;&gt; mus\u00ed tento \u010dlov\u011bk pochopit, \u017ee ve jm\u00e9nu sv\u00fdch d\u011bt\u00ed a vnuk\u016f m\u00e1 vycestovat a hledat si m\u00edsto v Rusku. Je to spr\u00e1vn\u011b. Proto\u017ee bez Ukrajiny nebude na tomto \u00fazem\u00ed civilizace. Ukrajina bude r\u016fst, bude v\u0161echno budovat, to jednozna\u010dn\u011b. Donbas ale v podob\u011b jako dnes, okupovan\u00fd, od\u0159\u00edznut\u00fd, nikdy r\u016fst nebude. Ale pokud c\u00edt\u00ed\u0161, \u017ee Donbas je Ukrajina, je ukrajinsk\u00fd, kdy\u017e si v\u00e1\u017e\u00ed\u0161 t\u00e9to vlajky, v\u00e1\u017e\u00ed\u0161 si ukrajin\u0161tiny, pokud se c\u00edt\u00ed\u0161 jako Ukrajinec, z\u016fsta\u0148 tam, dr\u017e se. Tato zem\u011b bude stejn\u011b v ka\u017ed\u00e9m p\u0159\u00edpad\u011b zbavena okupace,\u201c prohl\u00e1sil Zelenskyj.<\/p>\n<p>Ukrajinsk\u00e1 vl\u00e1da zah\u00e1jila v dubnu 2014 vojenskou operaci proti neuznan\u00fdm DLR a LLR, kter\u00e9 vyhl\u00e1sily nez\u00e1vislost po st\u00e1tn\u00edm p\u0159evratu v Kyjev\u011b v \u00fanoru 2014. Podle posledn\u00edch dat OSN padlo za ob\u011b\u0165 tohoto konfliktu asi 13 tis\u00edc lid\u00ed. Ot\u00e1zku urovn\u00e1n\u00ed na Donbasu projedn\u00e1vaj\u00ed zejm\u00e9na na minsk\u00fdch sch\u016fzk\u00e1ch kontaktn\u00ed skupiny, kter\u00e1 od z\u00e1\u0159\u00ed 2014 p\u0159ijala ji\u017e t\u0159i dokumenty obsahuj\u00edc\u00ed kroky na p\u0159ekon\u00e1n\u00ed konfliktu. Av\u0161ak i po dohod\u00e1ch o p\u0159\u00edm\u011b\u0159\u00ed mezi znep\u0159\u00e1telen\u00fdmi stranami pokra\u010duj\u00ed p\u0159est\u0159elky.<\/p>\n<p>Kv\u016fli situaci na Donbasu se zhor\u0161ily vztahy mezi Moskvou a Kyjevem. Ukrajinsk\u00e1 vl\u00e1da nejednou obvinila Rusko ze zasahov\u00e1n\u00ed do vnit\u0159n\u00edch z\u00e1le\u017eitost\u00ed jejich zem\u011b. V lednu 2015 p\u0159ijala Nejvy\u0161\u0161\u00ed rada prohl\u00e1\u0161en\u00ed, ve kter\u00e9m ozna\u010dila Rusko za \u201eagresorskou zemi\u201c. Rusko tato obvin\u011bn\u00ed ukrajinsk\u00e9 strany pop\u00edr\u00e1 a naz\u00fdv\u00e1 nep\u0159ijateln\u00fdmi. Moskva nejednou prohl\u00e1sila, \u017ee nen\u00ed stranou vnit\u0159n\u00edho ukrajinsk\u00e9ho konfliktu a \u017ee m\u00e1 z\u00e1jem na tom, aby Kyjev p\u0159ekonal politickou a ekonomickou krizi.<\/p>\n<p><a href=\"https:\/\/cz.sputniknews.com\/20210805\/zelenskyj-vyzval-obyvatele-donbasu-kteri-se-povazuji-za-rusy-aby-vycestovali-15393911.html\">ZDROJ<\/a><\/p>\n<p>&nbsp;<\/p>\n","protected":false},"excerpt":{"rendered":"<p>Ukrajinsk\u00fd prezident Volodymyr Zelenskyj prohl\u00e1sil, \u017ee Donbas \u201enikdy nebude rusk\u00fdm \u00fazem\u00edm\u201c, a t\u011bm, kdo maj\u00ed&#8230;<\/p>\n","protected":false},"author":2,"featured_media":619,"comment_status":"closed","ping_status":"closed","sticky":false,"template":"","format":"standard","meta":[],"categories":[7],"tags":[64,26,1000],"_links":{"self":[{"href":"https:\/\/www.infokuryr.cz\/n\/wp-json\/wp\/v2\/posts\/3854"}],"collection":[{"href":"https:\/\/www.infokuryr.cz\/n\/wp-json\/wp\/v2\/posts"}],"about":[{"href":"https:\/\/www.infokuryr.cz\/n\/wp-json\/wp\/v2\/types\/post"}],"author":[{"embeddable":true,"href":"https:\/\/www.infokuryr.cz\/n\/wp-json\/wp\/v2\/users\/2"}],"replies":[{"embeddable":true,"href":"https:\/\/www.infokuryr.cz\/n\/wp-json\/wp\/v2\/comments?post=3854"}],"version-history":[{"count":0,"href":"https:\/\/www.infokuryr.cz\/n\/wp-json\/wp\/v2\/posts\/3854\/revisions"}],"wp:featuredmedia":[{"embeddable":true,"href":"https:\/\/www.infokuryr.cz\/n\/wp-json\/wp\/v2\/media\/619"}],"wp:attachment":[{"href":"https:\/\/www.infokuryr.cz\/n\/wp-json\/wp\/v2\/media?parent=3854"}],"wp:term":[{"taxonomy":"category","embeddable":true,"href":"https:\/\/www.infokuryr.cz\/n\/wp-json\/wp\/v2\/categories?post=3854"},{"taxonomy":"post_tag","embeddable":true,"href":"https:\/\/www.infokuryr.cz\/n\/wp-json\/wp\/v2\/tags?post=3854"}],"curies":[{"name":"wp","href":"https:\/\/api.w.org\/{rel}","templated":true}]}}