{"id":38527,"date":"2023-10-20T01:03:12","date_gmt":"2023-10-19T23:03:12","guid":{"rendered":"http:\/\/www.infokuryr.cz\/n\/?p=38527"},"modified":"2023-10-19T15:20:12","modified_gmt":"2023-10-19T13:20:12","slug":"100-000-mereni-od-roku-1826-ukazuje-lide-nejsou-zodpovedni-za-zmeny-co2","status":"publish","type":"post","link":"https:\/\/www.infokuryr.cz\/n\/2023\/10\/20\/100-000-mereni-od-roku-1826-ukazuje-lide-nejsou-zodpovedni-za-zmeny-co2\/","title":{"rendered":"100 000 m\u011b\u0159en\u00ed od roku 1826 ukazuje: Lid\u00e9 nejsou zodpov\u011bdn\u00ed za zm\u011bny CO2"},"content":{"rendered":"<div id=\"fb-root\"><\/div>\n<p><strong><span>Podle nov\u00e9 studie p\u0159\u00edm\u00e1 m\u011b\u0159en\u00ed CO2 od roku 1826 do roku 2008 ukazuj\u00ed, \u017ee lid\u00e9 mohou jen st\u011b\u017e\u00ed vinit ze zv\u00fd\u0161en\u00ed koncentrace oxidu uhli\u010dit\u00e9ho v atmosf\u00e9\u0159e.\u00a0Sp\u00ed\u0161e jsou za t\u00edm zjevn\u011b p\u0159irozen\u00e9 p\u0159\u00ed\u010diny.\u00a0P\u0159edev\u0161\u00edm jsou v\u00fdkyvy zjevn\u011b v\u011bt\u0161\u00ed, ne\u017e nazna\u010duj\u00ed p\u0159edchoz\u00ed \u00fadaje.<\/span><\/strong><\/p>\n<p><span>Fanatici \u201enet zero\u201c obvi\u0148uj\u00ed lidstvo z n\u00e1r\u016fstu atmosf\u00e9rick\u00e9ho oxidu uhli\u010dit\u00e9ho.\u00a0I kdy\u017e se vlastn\u011b u\u017e dlouho v\u00ed, \u017ee hlavn\u00edm tahounem v\u00fdkyv\u016f je glob\u00e1ln\u00ed ekosyst\u00e9m, n\u00e1pravu by podle klimatick\u00fdch fanatik\u016f m\u011bla p\u0159in\u00e9st dekarbonizace ekonomiky a produkce energie.\u00a0Z\u00e1m\u011brn\u011b tak\u00e9 ignoruj\u00ed relevantn\u00ed studie (viz na\u0161e report\u00e1\u017ee\u00a0<\/span><a href=\"https:\/\/report24.news\/neue-studie-co2-anstieg-ist-folge-des-temperaturanstiegs-und-nicht-umgekehrt\/\"><span>zde<\/span><\/a><span>\u00a0,\u00a0<\/span><a href=\"https:\/\/report24.news\/eine-weitere-studie-bestaetigt-co2-ist-nicht-fuer-den-klimawandel-verantwortlich\/\"><span>zde<\/span><\/a><span>\u00a0a\u00a0<\/span><a href=\"https:\/\/report24.news\/studie-aktuelle-klimamodelle-unterschaetzen-einfluss-der-sonne-absichtlich\/\"><span>zde<\/span><\/a><span>\u00a0).\u00a0Ty nejen dokazuj\u00ed, \u017ee zm\u011bny CO2 maj\u00ed p\u0159edev\u0161\u00edm p\u0159irozen\u00e9 p\u0159\u00ed\u010diny, ale tak\u00e9 to, \u017ee vliv slunce je masivn\u011b podce\u0148ov\u00e1n.<\/span><\/p>\n<p><span>Nyn\u00ed existuje\u00a0<\/span><a href=\"https:\/\/www.researchgate.net\/profile\/Hermann-Harde\/publication\/373256379_Science_of_Climate_Change_About_Historical_CO2-Data_since_1826_Explanation_of_the_Peak_around_1940\/links\/64e381640453074fbda51bc0\/Science-of-Climate-Change-About-Historical-CO2-Data-since-1826-Explanation-of-the-Peak-around-1940.pdf\"><span>dal\u0161\u00ed studie<\/span><\/a><span>\u00a0, kter\u00e1 odkazuje na p\u0159\u00edm\u00e1 chemick\u00e1 m\u011b\u0159en\u00ed star\u00fdch vzork\u016f vzduchu, kter\u00e1 jsou v\u00fdrazn\u011b p\u0159esn\u011bj\u0161\u00ed ne\u017e ta z vrt\u00e1n\u00ed ledu.\u00a0Kenneth Richards informuje o t\u00e9to studii\u00a0<\/span><a href=\"https:\/\/notrickszone.com\/2023\/10\/17\/97404-direct-co2-measurements-from-1826-2008-indicate-humans-do-not-drive-co2-change\/\"><span>v \u010dl\u00e1nku<\/span><\/a><span>\u00a0:<\/span><\/p>\n<p><em>\u201eZem\u0159el\u00fd Dr.\u00a0Ernst-Georg Beck str\u00e1vil roky sestavov\u00e1n\u00edm komplexn\u00ed chemick\u00e9 datab\u00e1ze \u00farovn\u00ed CO2 m\u011b\u0159en\u00fdch ve vzorc\u00edch vzduchu z cel\u00e9ho sv\u011bta.\u00a0Beckova data m\u011b\u0159en\u00ed CO2 byla zve\u0159ejn\u011bna\u00a0po jeho smrti v roce 2022 ve v\u011bdeck\u00e9m \u010dl\u00e1nku s n\u00e1zvem \u201e\u00a0<a href=\"https:\/\/doi.org\/10.53234\/scc202112\/16\">Rekonstrukce hladin pozad\u00ed atmosf\u00e9rick\u00e9ho CO2 od roku 1826 z p\u0159\u00edm\u00fdch m\u011b\u0159en\u00ed na \u00farovni zem\u011b \u201c, kter\u00fd analyzoval 979 technick\u00fdch \u010dl\u00e1nk\u016f z 1901 stanic pro odb\u011br vzork\u016f vzduchu.<\/a><\/em><\/p>\n<p><span>Nam\u011b\u0159en\u00e1 data od 19. stolet\u00ed do poloviny 20. stolet\u00ed vykazuj\u00ed zna\u010dnou variabilitu.\u00a0<\/span><strong><span>Mezi lety 1939 a 1943 dos\u00e1hly glob\u00e1ln\u00ed \u00farovn\u011b CO2 v atmosf\u00e9\u0159e 383 ppm, co\u017e je stejn\u00e9 jako v roce 2007. Po za\u010d\u00e1tku 40. let v\u0161ak \u00farovn\u011b CO2 klesly na 310 ppm koncem 40. let.\u00a0<\/span><\/strong><span>Tyto v\u00fdkyvy jsou v souladu se zm\u011bnami teploty mo\u0159sk\u00e9ho povrchu a d\u00fdch\u00e1n\u00edm p\u016fdy v z\u00e1vislosti na teplot\u011b, co\u017e nazna\u010duje, \u017ee teplota \u0159\u00edd\u00ed zm\u011bny CO2.\u00a0<\/span><strong><span>Anal\u00fdza nazna\u010duje, \u017ee z n\u00e1r\u016fstu CO2 o 90 ppm od roku 1958 lze nejv\u00edce 12 ppm p\u0159ipsat antropogenn\u00edm emis\u00edm.\u00a0<\/span><\/strong><span>Je\u0161t\u011b na po\u010d\u00e1tku 40. let, kdy byly hladiny CO2 383 ppm, byl vliv antropogenn\u00edch emis\u00ed pova\u017eov\u00e1n za minim\u00e1ln\u00ed.\u00a0To zpochyb\u0148uje konven\u010dn\u00ed ch\u00e1p\u00e1n\u00ed dynamiky CO2 a zd\u016fraz\u0148uje slo\u017eitou souhru p\u0159\u00edrodn\u00edch faktor\u016f a lidsk\u00fdch \u010dinnost\u00ed.<\/span><\/p>\n<p><span>Tak\u017ee zde vid\u00edme data a fakta, kter\u00e9 je bezpodm\u00edne\u010dn\u011b nutn\u00e9 vz\u00edt v \u00favahu v debat\u011b o atmosf\u00e9rick\u00e9m oxidu uhli\u010dit\u00e9m a stra\u0161en\u00ed o zm\u011bn\u011b klimatu.\u00a0Zejm\u00e9na proto, \u017ee globalist\u00e9 WEF cht\u011bj\u00ed\u00a0<\/span><a href=\"https:\/\/report24.news\/the-great-reset-eine-technokratisch-faschistische-zukunftsvision-der-globalistischen-eliten\/\"><span>v\u0161\u00ed silou prosadit svou klimatickou diktaturu,<\/span><\/a><span>\u00a0aby zav\u00edrali lidi do jejich 15minutov\u00fdch ghett a\u00a0kontrolovali chov\u00e1n\u00ed spot\u0159ebitel\u016f pomoc\u00ed\u00a0<\/span><a href=\"https:\/\/report24.news\/digitales-zentralbankgeld-digitale-id-es-geht-um-die-totale-kontrolle-ueber-ihr-leben\/\"><span>digit\u00e1ln\u00edch m\u011bn centr\u00e1ln\u00edch bank .<\/span><\/a><\/p>\n<p><img decoding=\"async\" loading=\"lazy\" class=\"alignnone size-full wp-image-1185\" src=\"http:\/\/www.infokuryr.cz\/n\/wp-content\/uploads\/2021\/04\/kuryr-podpis.png\" alt=\"\" width=\"84\" height=\"24\" \/><\/p>\n<p>&nbsp;<\/p>\n<p><a href=\"https:\/\/stranapro.cz\/\"><img decoding=\"async\" loading=\"lazy\" class=\"wp-image-30218 aligncenter\" src=\"http:\/\/www.infokuryr.cz\/n\/wp-content\/uploads\/2023\/06\/PRO-banner-300x36.png\" alt=\"\" width=\"1358\" height=\"163\" srcset=\"https:\/\/www.infokuryr.cz\/n\/wp-content\/uploads\/2023\/06\/PRO-banner-300x36.png 300w, https:\/\/www.infokuryr.cz\/n\/wp-content\/uploads\/2023\/06\/PRO-banner-768x93.png 768w, https:\/\/www.infokuryr.cz\/n\/wp-content\/uploads\/2023\/06\/PRO-banner.png 849w\" sizes=\"(max-width: 1358px) 100vw, 1358px\" \/><\/a><\/p>\n<p>&nbsp;<\/p>\n<p>&nbsp;<\/p>\n<p>&nbsp;<\/p>\n","protected":false},"excerpt":{"rendered":"<p>Podle nov\u00e9 studie p\u0159\u00edm\u00e1 m\u011b\u0159en\u00ed CO2 od roku 1826 do roku 2008 ukazuj\u00ed, \u017ee lid\u00e9&#8230;<\/p>\n","protected":false},"author":2,"featured_media":24471,"comment_status":"closed","ping_status":"closed","sticky":false,"template":"","format":"standard","meta":[],"categories":[7],"tags":[2692,279,6123,839,613],"_links":{"self":[{"href":"https:\/\/www.infokuryr.cz\/n\/wp-json\/wp\/v2\/posts\/38527"}],"collection":[{"href":"https:\/\/www.infokuryr.cz\/n\/wp-json\/wp\/v2\/posts"}],"about":[{"href":"https:\/\/www.infokuryr.cz\/n\/wp-json\/wp\/v2\/types\/post"}],"author":[{"embeddable":true,"href":"https:\/\/www.infokuryr.cz\/n\/wp-json\/wp\/v2\/users\/2"}],"replies":[{"embeddable":true,"href":"https:\/\/www.infokuryr.cz\/n\/wp-json\/wp\/v2\/comments?post=38527"}],"version-history":[{"count":0,"href":"https:\/\/www.infokuryr.cz\/n\/wp-json\/wp\/v2\/posts\/38527\/revisions"}],"wp:featuredmedia":[{"embeddable":true,"href":"https:\/\/www.infokuryr.cz\/n\/wp-json\/wp\/v2\/media\/24471"}],"wp:attachment":[{"href":"https:\/\/www.infokuryr.cz\/n\/wp-json\/wp\/v2\/media?parent=38527"}],"wp:term":[{"taxonomy":"category","embeddable":true,"href":"https:\/\/www.infokuryr.cz\/n\/wp-json\/wp\/v2\/categories?post=38527"},{"taxonomy":"post_tag","embeddable":true,"href":"https:\/\/www.infokuryr.cz\/n\/wp-json\/wp\/v2\/tags?post=38527"}],"curies":[{"name":"wp","href":"https:\/\/api.w.org\/{rel}","templated":true}]}}