{"id":38526,"date":"2023-10-20T01:02:58","date_gmt":"2023-10-19T23:02:58","guid":{"rendered":"http:\/\/www.infokuryr.cz\/n\/?p=38526"},"modified":"2023-10-19T15:17:02","modified_gmt":"2023-10-19T13:17:02","slug":"globaliste-pouzivaji-zdravi-jako-omluvu-pro-svetovou-vladu-trump-chce-zrusit-who","status":"publish","type":"post","link":"https:\/\/www.infokuryr.cz\/n\/2023\/10\/20\/globaliste-pouzivaji-zdravi-jako-omluvu-pro-svetovou-vladu-trump-chce-zrusit-who\/","title":{"rendered":"Globalist\u00e9 pou\u017e\u00edvaj\u00ed zdrav\u00ed jako omluvu pro sv\u011btovou vl\u00e1du\u201c: Trump chce zru\u0161it WHO"},"content":{"rendered":"<div id=\"fb-root\"><\/div>\n<p><strong><span>Navzdory rostouc\u00edmu odporu ve\u0159ejnosti Sv\u011btov\u00e1 zdravotnick\u00e1 organizace (WHO) a jej\u00ed \u010dlensk\u00e9 st\u00e1ty pracuj\u00ed na pandemick\u00e9 smlouv\u011b a reform\u011b Mezin\u00e1rodn\u00edho zdravotnick\u00e9ho \u0159\u00e1du.\u00a0Podle expert\u016f existuje velk\u00e9 nebezpe\u010d\u00ed, \u017ee tak vznikne dikt\u00e1torsk\u00e1 \u201eglob\u00e1ln\u00ed zdravotnick\u00e1 vl\u00e1da\u201c, kter\u00e1 m\u016f\u017ee zasahovat do suverenity st\u00e1t\u016f.\u00a0B\u00fdval\u00fd americk\u00fd prezident Donald Trump organizaci tak\u00e9 ost\u0159e kritizoval a prohl\u00e1sil, \u017ee si zaslou\u017e\u00ed b\u00fdt \u201ezcela zru\u0161ena a nahrazena\u201c.<\/span><\/strong><\/p>\n<p><a href=\"https:\/\/twitter.com\/VigilantFox\/status\/1714421357058961906\" target=\"_blank\" rel=\"noreferrer noopener\"><span>Trump ve videoposelstv\u00ed<\/span><\/a><span>\u00a0ozn\u00e1mil\u00a0, \u017ee USA vystoup\u00ed z WHO, pokud se znovu stane prezidentem.\u00a0B\u011bhem sv\u00e9ho p\u0159edsednictv\u00ed za\u0159\u00eddil odchod a jeho n\u00e1stupce Biden se znovu p\u0159ipojil k organizaci.<\/span><\/p>\n<p><span>Zat\u00edmco WHO je v t\u00e9to zemi kritizov\u00e1na zejm\u00e9na kv\u016fli jej\u00ed kontrole ze strany globalist\u016f (Gatesova nadace je jedn\u00edm z nejv\u011bt\u0161\u00edch d\u00e1rc\u016f, d\u00edky \u010demu\u017e je patrn\u00fd vliv farmaceutick\u00e9ho pr\u016fmyslu), Trump vid\u00ed WHO jako kontrolovanou \u010c\u00ednou\u00a0<\/span><strong><span>.\u00a0<\/span><\/strong><span>Exprezident tak\u00e9 odsuzuje selh\u00e1n\u00ed WHO v obdob\u00ed korony.<\/span><\/p>\n<figure class=\"wp-block-embed is-type-rich is-provider-twitter wp-block-embed-twitter\">\n<div class=\"wp-block-embed__wrapper\">\n<div class=\"twitter-tweet twitter-tweet-rendered\"><iframe id=\"twitter-widget-0\" class=\"\" title=\"Twitter Tweet\" src=\"https:\/\/platform.twitter.com\/embed\/Tweet.html?dnt=true&amp;embedId=twitter-widget-0&amp;features=eyJ0ZndfdGltZWxpbmVfbGlzdCI6eyJidWNrZXQiOltdLCJ2ZXJzaW9uIjpudWxsfSwidGZ3X2ZvbGxvd2VyX2NvdW50X3N1bnNldCI6eyJidWNrZXQiOnRydWUsInZlcnNpb24iOm51bGx9LCJ0ZndfdHdlZXRfZWRpdF9iYWNrZW5kIjp7ImJ1Y2tldCI6Im9uIiwidmVyc2lvbiI6bnVsbH0sInRmd19yZWZzcmNfc2Vzc2lvbiI6eyJidWNrZXQiOiJvbiIsInZlcnNpb24iOm51bGx9LCJ0ZndfZm9zbnJfc29mdF9pbnRlcnZlbnRpb25zX2VuYWJsZWQiOnsiYnVja2V0Ijoib24iLCJ2ZXJzaW9uIjpudWxsfSwidGZ3X21peGVkX21lZGlhXzE1ODk3Ijp7ImJ1Y2tldCI6InRyZWF0bWVudCIsInZlcnNpb24iOm51bGx9LCJ0ZndfZXhwZXJpbWVudHNfY29va2llX2V4cGlyYXRpb24iOnsiYnVja2V0IjoxMjA5NjAwLCJ2ZXJzaW9uIjpudWxsfSwidGZ3X3Nob3dfYmlyZHdhdGNoX3Bpdm90c19lbmFibGVkIjp7ImJ1Y2tldCI6Im9uIiwidmVyc2lvbiI6bnVsbH0sInRmd19kdXBsaWNhdGVfc2NyaWJlc190b19zZXR0aW5ncyI6eyJidWNrZXQiOiJvbiIsInZlcnNpb24iOm51bGx9LCJ0ZndfdXNlX3Byb2ZpbGVfaW1hZ2Vfc2hhcGVfZW5hYmxlZCI6eyJidWNrZXQiOiJvbiIsInZlcnNpb24iOm51bGx9LCJ0ZndfdmlkZW9faGxzX2R5bmFtaWNfbWFuaWZlc3RzXzE1MDgyIjp7ImJ1Y2tldCI6InRydWVfYml0cmF0ZSIsInZlcnNpb24iOm51bGx9LCJ0ZndfbGVnYWN5X3RpbWVsaW5lX3N1bnNldCI6eyJidWNrZXQiOnRydWUsInZlcnNpb24iOm51bGx9LCJ0ZndfdHdlZXRfZWRpdF9mcm9udGVuZCI6eyJidWNrZXQiOiJvbiIsInZlcnNpb24iOm51bGx9fQ%3D%3D&amp;frame=false&amp;hideCard=false&amp;hideThread=false&amp;id=1714421357058961906&amp;lang=cs&amp;origin=https%3A%2F%2Freport24.news%2Fglobalisten-nutzen-gesundheit-als-vorwand-fuer-weltregierung-trump-will-abschaffung-der-who%2F&amp;sessionId=509978db78ccdb964d1c1efd9c80fbd4bac90a89&amp;theme=light&amp;widgetsVersion=01917f4d1d4cb%3A1696883169554&amp;width=550px\" frameborder=\"0\" scrolling=\"no\" allowfullscreen=\"allowfullscreen\" data-tweet-id=\"1714421357058961906\" data-mce-fragment=\"1\"><\/iframe><\/div>\n<\/div>\n<\/figure>\n<h3 class=\"wp-block-heading\"><span style=\"font-size: 18pt;\">P\u0159eklad jeho varov\u00e1n\u00ed o dohod\u011b WHO:<\/span><\/h3>\n<p><em><strong><span>Sv\u011btov\u00e1 zdravotnick\u00e1 organizace nen\u00ed nic jin\u00e9ho ne\u017e zkorumpovan\u00fd globalistick\u00fd podvod placen\u00fd Spojen\u00fdmi st\u00e1ty, ale vlastn\u011bn\u00fd a kontrolovan\u00fd \u010c\u00ednou.\u00a0<\/span><\/strong><span>Kdy\u017e se \u010d\u00ednsk\u00fd virus p\u0159ed t\u0159emi lety dostal k na\u0161im b\u0159eh\u016fm, Sv\u011btov\u00e1 zdravotnick\u00e1 organizace hanebn\u011b odhalovala stopu Komunistick\u00e9 strany \u010c\u00edny na ka\u017ed\u00e9m kroku.\u00a0Z tohoto d\u016fvodu mi bylo velkou ct\u00ed ukon\u010dit vztahy USA se Sv\u011btovou zdravotnickou organizac\u00ed.<\/span><\/em><\/p>\n<p><em><span>Spojen\u00e9 st\u00e1ty platily Sv\u011btov\u00e9 zdravotnick\u00e9 organizaci t\u00e9m\u011b\u0159 500 milion\u016f dolar\u016f ro\u010dn\u011b.\u00a0Kdy\u017e jsem vystoupil, vzal jsem si odtamtud pen\u00edze.\u00a0A to pro 330 milion\u016f lid\u00ed, i kdy\u017e \u010c\u00edna zaplatila pouze 40 milion\u016f dolar\u016f za 1,4 miliardy lid\u00ed.\u00a0Tak\u017ee my jsme m\u011bli 330 [milion\u016f], oni maj\u00ed 1,4 [miliardy] a my plat\u00edme v\u00edce ne\u017e desetkr\u00e1t tolik.<\/span><\/em><\/p>\n<p><em><span>To je pro Spojen\u00e9 st\u00e1ty typick\u00e9, proto\u017ee nev\u011bd\u00ed, co d\u011blaj\u00ed.\u00a0Zkorumpovan\u00fd Joe Biden se bohu\u017eel po\u0161etile znovu p\u0159ipojil ke Sv\u011btov\u00e9 zdravotnick\u00e9 organizaci za plnou cenu a bez jak\u00fdchkoli vyjedn\u00e1v\u00e1n\u00ed a reforem.\u00a0<\/span><strong><span>A nyn\u00ed Biden tla\u010d\u00ed na to, aby obe\u0161el Sen\u00e1t Spojen\u00fdch st\u00e1t\u016f a schv\u00e1lil pandemickou dohodu, kter\u00e1 by postoupila americkou suverenitu Sv\u011btov\u00e9 zdravotnick\u00e9 organizaci.\u00a0Op\u011bt pod kontrolou \u010c\u00edny.<\/span><\/strong><\/em><\/p>\n<p><em><span>N\u00e1vrh smlouvy by vy\u017eadoval, aby Spojen\u00e9 st\u00e1ty v p\u0159\u00edpad\u011b dal\u0161\u00ed pandemie poslaly obrovsk\u00e9 mno\u017estv\u00ed zdravotnick\u00e9ho materi\u00e1lu do jin\u00fdch zem\u00ed.\u00a0<\/span><strong><span>A prosadil by agresivn\u00ed cenzuru svobody projevu v ot\u00e1zk\u00e1ch ve\u0159ejn\u00e9ho zdrav\u00ed<\/span><\/strong><span>\u00a0&#8211; stejn\u011b jako cenzurovali pravdu o laborato\u0159i ve Wu-chanu, o kter\u00e9 jsem \u0159ekl: &#8222;Odtud to p\u0159i\u0161lo.&#8220;\u00a0Pamatuje\u0161 si?<\/span><\/em><\/p>\n<p><em><span>Za p\u0159\u00ed\u0161t\u00ed Trumpovy vl\u00e1dy bude tato smlouva okam\u017eit\u011b ukon\u010dena.\u00a0<\/span><strong><span>Nedovolil bych, aby ve\u0159ejn\u00e9 zdrav\u00ed bylo pou\u017e\u00edv\u00e1no jako z\u00e1minka pro pokra\u010dov\u00e1n\u00ed pochodu glob\u00e1ln\u00edho vl\u00e1dnut\u00ed.\u00a0<\/span><\/strong><span>To oni d\u011blaj\u00ed.\u00a0Globalist\u00e9.\u00a0Spojen\u00e9 st\u00e1ty vystoup\u00ed ze zkorumpovan\u00e9 Sv\u011btov\u00e9 zdravotnick\u00e9 organizace vzhledem k jejich naprost\u00e9mu selh\u00e1n\u00ed v oblasti COVID.\u00a0M\u011bli obrovskou katastrofu s COVIDem.\u00a0<\/span><strong><span>[WHO] si zaslou\u017e\u00ed \u00fapln\u00e9 zru\u0161en\u00ed a nahrazen\u00ed.<\/span><\/strong><\/em><\/p>\n<p><em><span>Pot\u00e9 budu pracovat na vytvo\u0159en\u00ed nov\u00e9 koalice n\u00e1rod\u016f se siln\u00fdm z\u00e1vazkem chr\u00e1nit zdrav\u00ed a z\u00e1rove\u0148 zachovat suverenitu a svobodu.\u00a0R\u00e1d bych v\u00e1m velmi pod\u011bkoval, ale tak\u00e9 bych r\u00e1d \u0159ekl toto: Mohl jsem smlouvu znovu projednat.\u00a0Mohl jsem po\u017e\u00e1dat Sv\u011btovou zdravotnickou organizaci o 25 milion\u016f dolar\u016f.<\/span><\/em><\/p>\n<p><em><span>Biden tuto dohodu nep\u0159ijal.\u00a0Zaplatil t\u00e9m\u011b\u0159 500 milion\u016f dolar\u016f.\u00a0Byli tak dychtiv\u00ed z\u00edskat Spojen\u00e9 st\u00e1ty zp\u011bt pot\u00e9, co jsem zru\u0161il dohodu.\u00a0Byli tak dychtiv\u00ed, aby ji z\u00edskali zp\u011bt, \u017ee mi dali nab\u00eddku \u2013 25 a\u017e 30 milion\u016f dolar\u016f.\u00a0A j\u00e1 \u0159ekl: &#8222;Ne, po\u010dk\u00e1m.&#8220;\u00a0Mohl jsem to dostat za m\u00e9n\u011b.\u00a0Ale v tu chv\u00edli jsem necht\u011bl nic men\u0161\u00edho.\u00a0Zaplatili jsme t\u00e9m\u011b\u0159 500 milion\u016f dolar\u016f.\u00a0Mohl jsem to ud\u011blat za 25 a\u017e 30 [milion\u016f dolar\u016f].\u00a0Biden vzal 500 dolar\u016f &#8211; t\u00e9m\u011b\u0159 500 milion\u016f dolar\u016f.\u00a0<\/span><strong><span>V\u011bd\u011bl, \u017ee se mohl vr\u00e1tit za m\u00e9n\u011b pen\u011bz.\u00a0Pro\u010d tedy zaplatil tolik?\u00a0<\/span><\/strong><span>Ale to je jen jedna z mnoha v\u011bc\u00ed, kter\u00e9 jsou v na\u0161\u00ed zemi \u0161patn\u00e9.\u00a0D\u011bkuji mnohokr\u00e1t. <\/span><\/em><em><span>\u2013 Donald Trump<\/span><\/em><\/p>\n<p><span>Pandemick\u00e1 smlouva a reforma Mezin\u00e1rodn\u00edho zdravotn\u00edho \u0159\u00e1du maj\u00ed b\u00fdt p\u0159ijaty v kv\u011btnu 2024.\u00a0To by WHO, organizaci, kter\u00e1 nem\u00e1 demokratickou legitimitu, oprav\u0148ovalo, aby ji\u017e ned\u00e1vala doporu\u010den\u00ed vl\u00e1d\u00e1m \u010dlensk\u00fdch zem\u00ed jako d\u0159\u00edve, ale \u010dinila rozhodnut\u00ed, kter\u00e1 by se stala z\u00e1kony a musela by se dodr\u017eovat.\u00a0To by p\u0159edstavovalo dalekos\u00e1hl\u00fd z\u00e1sah do sebeur\u010den\u00ed n\u00e1rodn\u00edch st\u00e1t\u016f \u2013 v kone\u010dn\u00e9m d\u016fsledku zdravotn\u00ed diktaturu.\u00a0<\/span><strong><span>Na tomto pozad\u00ed by z organizace nem\u011bly vystupovat pouze USA.\u00a0<\/span><\/strong><span>N\u011bmecko je tak\u00e9 jedn\u00edm z\u00a0<\/span><a href=\"https:\/\/report24.news\/seit-2020-21-groesster-geldgeber-der-who-deutschland-hat-die-globale-plandemie-finanziert\/\"><span>nejv\u011bt\u0161\u00edch d\u00e1rc\u016f WHO<\/span><\/a><span>\u00a0a umo\u017e\u0148uje sv\u00fdm da\u0148ov\u00fdm poplatn\u00edk\u016fm financovat globalistick\u00fd konstrukt, kter\u00fd je m\u016f\u017ee libovoln\u011b p\u0159ipravit o jejich z\u00e1kladn\u00ed pr\u00e1va a svobody a uvrhnout je do st\u00e1le nov\u00fdch kriz\u00ed.<\/span><\/p>\n<p><img decoding=\"async\" loading=\"lazy\" class=\"alignnone size-full wp-image-1185\" src=\"http:\/\/www.infokuryr.cz\/n\/wp-content\/uploads\/2021\/04\/kuryr-podpis.png\" alt=\"\" width=\"84\" height=\"24\" \/><\/p>\n<p>&nbsp;<\/p>\n<p>&nbsp;<\/p>\n<p><a href=\"https:\/\/stranapro.cz\/\"><img decoding=\"async\" loading=\"lazy\" class=\"wp-image-30218 aligncenter\" src=\"http:\/\/www.infokuryr.cz\/n\/wp-content\/uploads\/2023\/06\/PRO-banner-300x36.png\" alt=\"\" width=\"1358\" height=\"163\" srcset=\"https:\/\/www.infokuryr.cz\/n\/wp-content\/uploads\/2023\/06\/PRO-banner-300x36.png 300w, https:\/\/www.infokuryr.cz\/n\/wp-content\/uploads\/2023\/06\/PRO-banner-768x93.png 768w, https:\/\/www.infokuryr.cz\/n\/wp-content\/uploads\/2023\/06\/PRO-banner.png 849w\" sizes=\"(max-width: 1358px) 100vw, 1358px\" \/><\/a><\/p>\n<p>&nbsp;<\/p>\n<p>&nbsp;<\/p>\n<p>&nbsp;<\/p>\n","protected":false},"excerpt":{"rendered":"<p>Navzdory rostouc\u00edmu odporu ve\u0159ejnosti Sv\u011btov\u00e1 zdravotnick\u00e1 organizace (WHO) a jej\u00ed \u010dlensk\u00e9 st\u00e1ty pracuj\u00ed na pandemick\u00e9&#8230;<\/p>\n","protected":false},"author":2,"featured_media":32285,"comment_status":"closed","ping_status":"closed","sticky":false,"template":"","format":"standard","meta":[],"categories":[7],"tags":[1352,279,811,37,81],"_links":{"self":[{"href":"https:\/\/www.infokuryr.cz\/n\/wp-json\/wp\/v2\/posts\/38526"}],"collection":[{"href":"https:\/\/www.infokuryr.cz\/n\/wp-json\/wp\/v2\/posts"}],"about":[{"href":"https:\/\/www.infokuryr.cz\/n\/wp-json\/wp\/v2\/types\/post"}],"author":[{"embeddable":true,"href":"https:\/\/www.infokuryr.cz\/n\/wp-json\/wp\/v2\/users\/2"}],"replies":[{"embeddable":true,"href":"https:\/\/www.infokuryr.cz\/n\/wp-json\/wp\/v2\/comments?post=38526"}],"version-history":[{"count":0,"href":"https:\/\/www.infokuryr.cz\/n\/wp-json\/wp\/v2\/posts\/38526\/revisions"}],"wp:featuredmedia":[{"embeddable":true,"href":"https:\/\/www.infokuryr.cz\/n\/wp-json\/wp\/v2\/media\/32285"}],"wp:attachment":[{"href":"https:\/\/www.infokuryr.cz\/n\/wp-json\/wp\/v2\/media?parent=38526"}],"wp:term":[{"taxonomy":"category","embeddable":true,"href":"https:\/\/www.infokuryr.cz\/n\/wp-json\/wp\/v2\/categories?post=38526"},{"taxonomy":"post_tag","embeddable":true,"href":"https:\/\/www.infokuryr.cz\/n\/wp-json\/wp\/v2\/tags?post=38526"}],"curies":[{"name":"wp","href":"https:\/\/api.w.org\/{rel}","templated":true}]}}