{"id":38524,"date":"2023-10-20T01:01:36","date_gmt":"2023-10-19T23:01:36","guid":{"rendered":"http:\/\/www.infokuryr.cz\/n\/?p=38524"},"modified":"2023-10-19T14:57:45","modified_gmt":"2023-10-19T12:57:45","slug":"evropska-unie-prohnila-az-do-morku-kosti","status":"publish","type":"post","link":"https:\/\/www.infokuryr.cz\/n\/2023\/10\/20\/evropska-unie-prohnila-az-do-morku-kosti\/","title":{"rendered":"Evropsk\u00e1 unie: prohnil\u00e1 a\u017e do morku kost\u00ed"},"content":{"rendered":"<div id=\"fb-root\"><\/div>\n<div class=\"elementor-element elementor-element-1fb4c2c elementor-widget elementor-widget-theme-post-content\" data-id=\"1fb4c2c\" data-element_type=\"widget\" data-widget_type=\"theme-post-content.default\">\n<div class=\"elementor-widget-container\">\n<ol>\n<li><span>P\u016fvod a v\u00fdvoj<\/span><br \/>\n<span>Evropsk\u00e1 unie (EU) m\u00e1 sv\u016fj p\u016fvod v Evropsk\u00e9m spole\u010denstv\u00ed uhl\u00ed a oceli a Evropsk\u00e9m hospod\u00e1\u0159sk\u00e9m spole\u010denstv\u00ed.<\/span><br \/>\n<span>EU byla zalo\u017eena v roce 1958 6 zem\u011bmi: Belgi\u00ed, N\u011bmeckem, Franci\u00ed, It\u00e1li\u00ed, Lucemburskem a Nizozemskem.<\/span><br \/>\n<span>V n\u00e1sleduj\u00edc\u00edch letech rostla moc a kontrola \u201eEU\u201c p\u0159ij\u00edm\u00e1n\u00edm nov\u00fdch \u010dlensk\u00fdch st\u00e1t\u016f.<\/span><br \/>\n<span>Maastrichtsk\u00e1 smlouva z roku 1992, kter\u00e1 vstoupila v platnost v roce 1993, tvo\u0159\u00ed sou\u010dasnou Evropskou unii.\u00a0Posledn\u00ed \u00faprava \u00fastavn\u00edho z\u00e1kladu prob\u011bhla v roce 2009 Lisabonskou smlouvou (podepsanou v roce 2007).<\/span><br \/>\n<span>V roce 2020 Spojen\u00e9 kr\u00e1lovstv\u00ed opustilo EU, kterou nyn\u00ed tvo\u0159\u00ed 27 \u010dlensk\u00fdch st\u00e1t\u016f.<\/span><\/li>\n<li><span>Operace<\/span><br \/>\n<span>EU jedn\u00e1 prost\u0159ednictv\u00edm syst\u00e9mu nez\u00e1visl\u00fdch nadn\u00e1rodn\u00edch instituc\u00ed a mezivl\u00e1dn\u00edch rozhodnut\u00ed \u010dlensk\u00fdch st\u00e1t\u016f:<\/span><\/li>\n<\/ol>\n<ul>\n<li><span>Evropsk\u00fd parlament se skl\u00e1d\u00e1 ze 750 demokraticky zvolen\u00fdch z\u00e1stupc\u016f ze v\u0161ech \u010dlensk\u00fdch st\u00e1t\u016f a jedn\u00e1 jako n\u00e1rodn\u00ed vl\u00e1dy prost\u0159ednictv\u00edm demokratick\u00fdch hlasov\u00e1n\u00ed.\u00a0Jsou voleni ka\u017ed\u00fdch 5 let.<\/span><\/li>\n<li><span>Evropsk\u00e1 komise se skl\u00e1d\u00e1 z p\u0159edsedy jmenovan\u00e9ho Parlamentem, kter\u00fd zase jmenuje 12 soudn\u00edch komisa\u0159\u016f a kter\u00fd v z\u00e1sad\u011b prov\u00e1d\u00ed pouze p\u0159\u00edpravn\u00e9 pr\u00e1ce pro legislativn\u00ed iniciativy, kter\u00e9 jsou p\u0159edlo\u017eeny Evropsk\u00e9mu parlamentu k hlasov\u00e1n\u00ed.<\/span><\/li>\n<li><span>Evropsk\u00e1 rada se skl\u00e1d\u00e1 z hlav st\u00e1t\u016f a vl\u00e1d 27 \u010dlensk\u00fdch st\u00e1t\u016f (1 na n\u00e1rod), vz\u00e1jemn\u011b zvolen\u00e9ho p\u0159edsedy a p\u0159edsedy Evropsk\u00e9 komise a spole\u010dn\u011b s Evropsk\u00fdm parlamentem dohl\u00ed\u017e\u00ed na legislativn\u00ed a rozpo\u010dtov\u00e9 \u00fakoly a z\u00e1rove\u0148 jedn\u00e1 jako f\u00f3rum pro diskuse se zem\u011bmi mimo EU.<\/span><\/li>\n<li><span>Evropsk\u00fd soudn\u00ed dv\u016fr<\/span><\/li>\n<li><span>Evropsk\u00e1 centr\u00e1ln\u00ed banka<\/span><\/li>\n<\/ul>\n<ol>\n<li><span>Kompetence<\/span><br \/>\n<span>EU vytvo\u0159ila spole\u010dn\u00fd vnit\u0159n\u00ed trh prost\u0159ednictv\u00edm standardizovan\u00e9ho pr\u00e1vn\u00edho syst\u00e9mu, kter\u00fd plat\u00ed ve v\u0161ech \u010dlensk\u00fdch st\u00e1tech.<\/span><br \/>\n<span>V schengensk\u00e9m prostoru (skl\u00e1daj\u00edc\u00edm se ze zem\u00ed EU a zem\u00ed mimo EU) byly zru\u0161eny pasov\u00e9 kontroly.<\/span><br \/>\n<span>Politiky EU maj\u00ed za c\u00edl umo\u017enit voln\u00fd pohyb pr\u00e1ce, zbo\u017e\u00ed, slu\u017eeb a kapit\u00e1lu, vytv\u00e1\u0159et pr\u00e1vn\u00ed p\u0159edpisy v oblasti spravedlnosti a vnit\u0159n\u00edch v\u011bc\u00ed a udr\u017eovat spole\u010dn\u00e9 politiky v oblasti obchodu, zem\u011bd\u011blstv\u00ed, rybolovu a region\u00e1ln\u00edho rozvoje.<\/span><br \/>\n<span>V roce 1999 EU tak\u00e9 vytvo\u0159ila m\u011bnovou unii neboli Euroz\u00f3nu, kter\u00e1 se od ledna 2023 skl\u00e1d\u00e1 z 20 zem\u00ed.<\/span><br \/>\n<span>EU m\u00e1 st\u00e1l\u00e1 diplomatick\u00e1 zastoupen\u00ed po cel\u00e9m sv\u011bt\u011b a je zastoupena v OSN, WTO, G8 a G20.<\/span><\/li>\n<li><span>Financov\u00e1n\u00ed<\/span><br \/>\n<span>V z\u00e1sad\u011b jsou v\u0161echny nadn\u00e1rodn\u00ed instituce financov\u00e1ny v\u00fdhradn\u011b \u010dlensk\u00fdmi st\u00e1ty a tak\u00e9 z vlastn\u00edch p\u0159\u00edjm\u016f z investic a portfoli\u00ed aktiv.<\/span><br \/>\n<span>V praxi v\u0161ak vid\u00edme, \u017ee \u010detn\u00e9 z\u00e1jmov\u00e9 skupiny v\u011bnuj\u00ed Evropsk\u00e9 komisi vysok\u00e9 \u010d\u00e1stky (ve form\u011b grant\u016f nebo dotac\u00ed), aby na opl\u00e1tku z\u00edskaly konkr\u00e9tn\u00ed slu\u017eby.<\/span><br \/>\n<span>Nap\u0159\u00edklad Gatesova nadace darovala v letech 2016 a\u017e 2020 Evropsk\u00e9 komisi p\u0159es 45 milion\u016f eur.\u00a0Prezen\u010dn\u00ed listiny ukazuj\u00ed, \u017ee Bill Gates m\u011bl tak\u00e9 n\u011bkolik osobn\u00edch setk\u00e1n\u00ed s Ursulou von der Leyen.<\/span><br \/>\n<span>https:\/\/gatesfoundation.org\/about\/committed-grants?q=European%20commission<\/span><\/li>\n<li><span>P\u0159ekro\u010den\u00ed zp\u016fsobilosti<\/span><br \/>\n<span>4.1.\u00a0Ve\u0159ejn\u00e9 zdrav\u00ed NEN\u00cd odpov\u011bdnost\u00ed EU.<\/span><br \/>\n<span>Je to n\u00e1rodn\u00ed odpov\u011bdnost ka\u017ed\u00e9 zem\u011b, kter\u00e1 se \u010dasto \u0159\u00edd\u00ed doporu\u010den\u00edmi WHO (alespo\u0148 prozat\u00edm).\u00a0WHO je nevl\u00e1dn\u00ed organizace a odd\u011blen\u00ed OSN.<\/span><br \/>\n<span>Co jsme v\u0161ak vid\u011bli b\u011bhem pandemie Corona?\u00a0Ursula von der Leyen zavedla opat\u0159en\u00ed omezuj\u00edc\u00ed svobodu ob\u010dan\u016f ve v\u0161ech \u010dlensk\u00fdch st\u00e1tech, vyjednala v\u0161echny smlouvy o o\u010dkov\u00e1n\u00ed a nakoupila 4,3 miliardy vakc\u00edn (po\u010det se mezit\u00edm zv\u00fd\u0161il o n\u011bkolik milion\u016f).<\/span><br \/>\n<span>Nejhor\u0161\u00ed ze v\u0161eho je, \u017ee EU p\u0159i\u0161la o 784 miliard eur z \u201eFondu pro obnovu korony\u201c.\u00a0Z\u0159ejm\u011b nev\u011bd\u00ed, kam pen\u00edze zmizely.<\/span><br \/>\n<span>Ursula von der Leyen, Charles Michel a v\u011bt\u0161ina v Evropsk\u00e9m parlamentu v\u00e1\u017en\u011b p\u0159ekro\u010dili sv\u00e9 pravomoci.<\/span><br \/>\n<span>4.2.\u00a0Obrana NEN\u00cd odpov\u011bdnost\u00ed EU.<\/span><br \/>\n<span>Zat\u00edmco EU je odpov\u011bdn\u00e1 za vnit\u0159n\u00ed z\u00e1le\u017eitosti, vnit\u0159n\u00ed obrana z\u016fst\u00e1v\u00e1 v n\u00e1rodn\u00ed kompetenci zem\u00ed, kter\u00e9 mohou nanejv\u00fd\u0161 p\u0159ij\u00edmat spole\u010dn\u00e1 rozhodnut\u00ed o bezpe\u010dnosti a obran\u011b v r\u00e1mci Evropsk\u00e9 unie (nikoli v\u0161ak o ot\u00e1zk\u00e1ch obrany mimo z\u00f3nu EU).\u00a0Pokud by skute\u010dn\u011b do\u0161lo k ohro\u017een\u00ed z\u00f3ny EU zven\u010d\u00ed, spadala by do kompetence NATO.\u00a0Ne EU.<\/span><br \/>\n<span>Ale\u2026 co jsme vid\u011bli v praxi?\u00a0Ursula von der Leyen, Charles Michel a jeho v\u011bt\u0161ina v Evropsk\u00e9m parlamentu zaplatili n\u011bkolik miliard \u00fadajn\u00e9 pomoci na \u00fa\u010det ne\u010dlensk\u00e9 zem\u011b EU (Ukrajina).\u00a0V r\u00e1mci EU nav\u00edc nehrozilo \u017e\u00e1dn\u00e9 ohro\u017een\u00ed, a to ani ze strany Ukrajiny, ani ze zem\u011b ozna\u010den\u00e9 jako agresor.<\/span><br \/>\n<span>Dary EU Ukrajin\u011b nav\u00edc \u017e\u00e1dn\u00fdm zp\u016fsobem neprosp\u011bly EU jako jednotce ani jednotliv\u00fdm \u010dlensk\u00fdm st\u00e1t\u016fm.\u00a0Naopak.\u00a0EU se mnoha po sob\u011b jdouc\u00edmi ekonomick\u00fdmi a finan\u010dn\u00edmi sankcemi proti Rusku (a pozd\u011bji i proti B\u011blorusku) \u0159\u00edzla do masa a zp\u016fsobila zna\u010dn\u00e9 \u0161kody obyvatelstvu EU (vzpome\u0148te si na prudce rostouc\u00ed ceny, vysokou inflaci, p\u0159ek\u00e1\u017eky na trhu&#8230; ).\u00a0Tot\u00e9\u017e plat\u00ed pro sou\u010dasn\u00e9 dary Evropsk\u00e9 komise Izraeli (a co mnoz\u00ed nev\u011bd\u00ed, tak\u00e9 Ham\u00e1su).\u00a0V\u00e1lka Izraele proti Palestin\u011b nen\u00ed z\u00e1le\u017eitost\u00ed EU.\u00a0Ona za to nem\u016f\u017ee.<\/span><\/li>\n<li><span>Ursula von der Leyen, Charles Michel a jeho v\u011bt\u0161ina v Evropsk\u00e9m parlamentu neust\u00e1le p\u0159ekra\u010duj\u00ed sv\u00e9 pravomoci a dopou\u0161t\u011bj\u00ed se z\u00e1va\u017en\u00fdch poru\u0161en\u00ed jurisdikce.<\/span><\/li>\n<li><span>Rozvojov\u00e1 spolupr\u00e1ce nespad\u00e1 do oblasti odpov\u011bdnosti EU.\u00a0Tato oblast spad\u00e1 pod jurisdikci OSN a n\u011bkolika dal\u0161\u00edch nevl\u00e1dn\u00edch organizac\u00ed, jako je UNICEF a UNESCO\u2026<\/span><\/li>\n<li><span>Z\u00e1sahy a dary EU, zejm\u00e9na od Ursuly von der Leyenov\u00e9 a Charlese Michela zem\u00edm mimo EU, jsou rovn\u011b\u017e v\u00e1\u017en\u00fdm p\u0159ekro\u010den\u00edm pravomoc\u00ed.<\/span><\/li>\n<li><span>Vzd\u011bl\u00e1v\u00e1n\u00ed, sexu\u00e1ln\u00ed v\u00fdchova d\u011bt\u00ed, pr\u00e1va d\u011bt\u00ed a rovnost pohlav\u00ed NEJSOU odpov\u011bdnost\u00ed EU.\u00a0Co vid\u00edme v praxi?\u00a0Ursula von der Leyen uvaluje sankce na zem\u011b \u2013 jako je Ma\u010farsko \u2013 kter\u00e9 se ne\u00fa\u010dastn\u00ed \u201eprobuzen\u00e9ho\u201c \u0161\u00edlenstv\u00ed a cht\u011bj\u00ed p\u0159ijmout z\u00e1kon o sexu\u00e1ln\u00ed v\u00fdchov\u011b pro d\u011bti v souladu s pokyny EU.\u00a0Ursula von der Leyen a Charles Michel op\u011bt p\u0159ekra\u010duj\u00ed sv\u00e9 pravomoci a dopou\u0161t\u011bj\u00ed se zneu\u017eit\u00ed pravomoci.<\/span><\/li>\n<li><span>Z\u00e1kladn\u00ed pr\u00e1va a svobody a dal\u0161\u00ed z\u00e1kladn\u00ed pr\u00e1va ob\u010dan\u016f NESPAD\u00c1 do kompetence EU v oblasti vnit\u0159n\u00edch z\u00e1le\u017eitost\u00ed. https:\/\/commission.europa.eu\/topics\/home-affairs_nl. Jedin\u00fdm mysliteln\u00fdm d\u016fvodem, pro\u010d m\u016f\u017ee Evropsk\u00e1 komise st\u00e1le vyd\u00e1vat pravidla, kter\u00e1 plat\u00ed pro v\u0161echny \u010dlensk\u00e9 st\u00e1ty, je to, \u017ee tyto \u010dlensk\u00e9 st\u00e1ty postoupily svou n\u00e1rodn\u00ed jurisdikci (a tedy i svou suverenitu) EU, co\u017e zase poru\u0161uje \u00fastavu, kter\u00e1 upravuje suverenitu vn\u00edmanou jako nejvy\u0161\u0161\u00ed dobro. V tomto p\u0159\u00edpad\u011b by na\u0161i n\u00e1rodn\u00ed politici m\u011bli n\u00e9st odpov\u011bdnost, proto\u017ee jsou to oni, kdo (tak\u00e9) p\u0159ekra\u010duje sv\u00e9 pravomoci. Nemaj\u00ed pravomoc \u010dinit takov\u00e1 rozhodnut\u00ed jm\u00e9nem lid\u00ed, kter\u00e9 zastupuj\u00ed a kte\u0159\u00ed je demokraticky zvolili.<\/span><\/li>\n<li><span>Kdo ovl\u00e1d\u00e1 nadn\u00e1rodn\u00ed instituce?<\/span><br \/>\n<span>Nikdo.\u00a0Neexistuje zde demokratick\u00e1 kontrola ze strany obyvatelstva, pro kter\u00e9 jsou nadn\u00e1rodn\u00ed instituce daleko.<\/span><br \/>\n<span>Neexistuje \u017e\u00e1dn\u00fd nez\u00e1visl\u00fd nadn\u00e1rodn\u00ed org\u00e1n, kter\u00fd by monitoroval a ov\u011b\u0159oval pr\u00e1ci a dodr\u017eov\u00e1n\u00ed jurisdik\u010dn\u00edch hranic.<\/span><br \/>\n<span>To je p\u0159esn\u011b ten probl\u00e9m!<\/span><br \/>\n<span>V z\u00e1sad\u011b by jednotliv\u00e9 \u010dlensk\u00e9 st\u00e1ty m\u011bly sledovat pr\u00e1ci a meze kompetenc\u00ed nadn\u00e1rodn\u00edch instituc\u00ed, ale ne\u010din\u00ed to.\u00a0Nechaj\u00ed prost\u011b v\u0161echno, aby se stalo, a p\u0159iklonili se p\u0159ed Evropskou komis\u00ed, kter\u00e1 m\u00e1 za ka\u017ed\u00fdmi dve\u0159mi \u00fa\u010dinn\u00fd klacek: Kdo dodr\u017e\u00ed pravidla, dostane odm\u011bnu v podob\u011b n\u011bkolika set milion\u016f dotac\u00ed z EU a pot\u0159ebn\u00fdch p\u016fj\u010dek od ECB (proto\u017ee ka\u017ed\u00fd zem\u011b EU jsou prakticky v \u00fapadku, s v\u00fdjimkou N\u011bmecka a Francie);\u00a0Kdo pravidla nedodr\u017e\u00ed, bude potrest\u00e1n vysok\u00fdmi pokutami.<\/span><\/li>\n<\/ol>\n<p><span>Z\u00e1v\u011br: Syst\u00e9m je prohnil\u00fd a\u017e do morku kost\u00ed, a to jak na \u00farovni n\u00e1rodn\u00edch \u010dlensk\u00fdch st\u00e1t\u016f, kter\u00e9 se v\u0161\u00edm lad\u00ed, tak na evropsk\u00e9 \u00farovni.<\/span><br \/>\n<span>EU ji\u017e nen\u00ed hospod\u00e1\u0159sk\u00fdm spole\u010denstv\u00edm, jak bylo p\u016fvodn\u011b zam\u00fd\u0161leno, ale dlouhodob\u011b zasahuje do nejr\u016fzn\u011bj\u0161\u00edch z\u00e1le\u017eitost\u00ed, kter\u00e9 podle jej\u00edch zakl\u00e1daj\u00edc\u00edch a novelizovan\u00fdch stanov nespadaj\u00ed do jej\u00ed p\u016fsobnosti.\u00a0A co je hor\u0161\u00ed, pou\u017e\u00edv\u00e1 fondy EU k \u00fa\u010del\u016fm, kter\u00e9 nespadaj\u00ed do jej\u00ed kompetence a kter\u00e9 znev\u00fdhod\u0148uj\u00ed celou populaci EU, bez jak\u00e9hokoli zapojen\u00ed t\u011bchto ob\u010dan\u016f.<\/span><br \/>\n<span>EU nezastupuje z\u00e1jmy obyvatel EU, ale jde sv\u00fdm vlastn\u00edm sm\u011brem, kter\u00fd pouze slou\u017e\u00ed jin\u00fdm z\u00e1jm\u016fm a projevuje v\u00e1\u017en\u00e9 pohrd\u00e1n\u00ed vlastn\u00edm lidem.<\/span><\/p>\n<p><span>Od n\u00e1rodn\u00ed politiky nic neo\u010dek\u00e1v\u00e1me.\u00a0V\u0161ichni jsou ve stejn\u00e9 posteli.<\/span><br \/>\n<span>Dokud bude obyvatelstvo EU letargick\u00e9, nic se nezm\u011bn\u00ed.\u00a0EU m\u00e1 460 milion\u016f obyvatel, kte\u0159\u00ed by spole\u010dn\u011b mohli ud\u011blat v\u0161e, aby tuto pod\u00edvanou zastavili.\u00a0Ne\u017e bude p\u0159\u00edli\u0161 pozd\u011b\u2026<\/span><\/p>\n<\/div>\n<\/div>\n<div class=\"elementor-element elementor-element-8c57238 quelle dc-has-condition dc-condition-empty elementor-widget elementor-widget-heading\" data-id=\"8c57238\" data-element_type=\"widget\" data-widget_type=\"heading.default\">\n<div class=\"elementor-widget-container\">\n<h3 class=\"elementor-heading-title elementor-size-default\"><span style=\"font-size: 8pt;\"><a href=\"https:\/\/twitter.com\/CarineKnapen\" target=\"_blank\" rel=\"nofollow noopener\">ZDROJ: CARINE KNAPEN<\/a><\/span><\/h3>\n<\/div>\n<\/div>\n<p>&nbsp;<\/p>\n<p><a href=\"https:\/\/stranapro.cz\/\"><img decoding=\"async\" loading=\"lazy\" class=\"wp-image-30218 aligncenter\" src=\"http:\/\/www.infokuryr.cz\/n\/wp-content\/uploads\/2023\/06\/PRO-banner-300x36.png\" alt=\"\" width=\"1367\" height=\"164\" srcset=\"https:\/\/www.infokuryr.cz\/n\/wp-content\/uploads\/2023\/06\/PRO-banner-300x36.png 300w, https:\/\/www.infokuryr.cz\/n\/wp-content\/uploads\/2023\/06\/PRO-banner-768x93.png 768w, https:\/\/www.infokuryr.cz\/n\/wp-content\/uploads\/2023\/06\/PRO-banner.png 849w\" sizes=\"(max-width: 1367px) 100vw, 1367px\" \/><\/a><\/p>\n<p>&nbsp;<\/p>\n<p>&nbsp;<\/p>\n<p>&nbsp;<\/p>\n","protected":false},"excerpt":{"rendered":"<p>P\u016fvod a v\u00fdvoj Evropsk\u00e1 unie (EU) m\u00e1 sv\u016fj p\u016fvod v Evropsk\u00e9m spole\u010denstv\u00ed uhl\u00ed a oceli&#8230;<\/p>\n","protected":false},"author":2,"featured_media":11522,"comment_status":"closed","ping_status":"closed","sticky":false,"template":"","format":"standard","meta":[],"categories":[7],"tags":[41,29,6122],"_links":{"self":[{"href":"https:\/\/www.infokuryr.cz\/n\/wp-json\/wp\/v2\/posts\/38524"}],"collection":[{"href":"https:\/\/www.infokuryr.cz\/n\/wp-json\/wp\/v2\/posts"}],"about":[{"href":"https:\/\/www.infokuryr.cz\/n\/wp-json\/wp\/v2\/types\/post"}],"author":[{"embeddable":true,"href":"https:\/\/www.infokuryr.cz\/n\/wp-json\/wp\/v2\/users\/2"}],"replies":[{"embeddable":true,"href":"https:\/\/www.infokuryr.cz\/n\/wp-json\/wp\/v2\/comments?post=38524"}],"version-history":[{"count":1,"href":"https:\/\/www.infokuryr.cz\/n\/wp-json\/wp\/v2\/posts\/38524\/revisions"}],"predecessor-version":[{"id":38525,"href":"https:\/\/www.infokuryr.cz\/n\/wp-json\/wp\/v2\/posts\/38524\/revisions\/38525"}],"wp:featuredmedia":[{"embeddable":true,"href":"https:\/\/www.infokuryr.cz\/n\/wp-json\/wp\/v2\/media\/11522"}],"wp:attachment":[{"href":"https:\/\/www.infokuryr.cz\/n\/wp-json\/wp\/v2\/media?parent=38524"}],"wp:term":[{"taxonomy":"category","embeddable":true,"href":"https:\/\/www.infokuryr.cz\/n\/wp-json\/wp\/v2\/categories?post=38524"},{"taxonomy":"post_tag","embeddable":true,"href":"https:\/\/www.infokuryr.cz\/n\/wp-json\/wp\/v2\/tags?post=38524"}],"curies":[{"name":"wp","href":"https:\/\/api.w.org\/{rel}","templated":true}]}}