{"id":38515,"date":"2023-10-19T06:42:23","date_gmt":"2023-10-19T04:42:23","guid":{"rendered":"http:\/\/www.infokuryr.cz\/n\/?p=38515"},"modified":"2023-10-19T06:42:23","modified_gmt":"2023-10-19T04:42:23","slug":"p-c-roberts-tryskem-do-katastrofy","status":"publish","type":"post","link":"https:\/\/www.infokuryr.cz\/n\/2023\/10\/19\/p-c-roberts-tryskem-do-katastrofy\/","title":{"rendered":"P. C. Roberts: Tryskem do katastrofy"},"content":{"rendered":"<div id=\"fb-root\"><\/div>\n<p><strong>Biden\u016fv re\u017eim odm\u00edt\u00e1 br\u00e1nit hranice USA, ale nev\u00e1h\u00e1 povolat opera\u010dn\u00ed jednotky na letadlov\u00e9 lod\u011b a 101. v\u00fdsadkovou divizi USA n obranu hranic Izraele. \u201eKryjeme Izraeli z\u00e1da\u201c prohla\u0161uje opakovan\u011b americk\u00fd ministr zahrani\u010d\u00ed, a americk\u00fd ministr financ\u00ed k tomu dod\u00e1v\u00e1: \u201eAmerika si m\u016f\u017ee dovolit dv\u011b v\u00e1lky\u201c.<\/strong><\/p>\n<p>Tak\u017ee zapome\u0148te na ochranu na\u0161ich vlastn\u00edch hranic a na to, jakou z\u00e1t\u011b\u017e\u00ed se tato politika st\u00e1v\u00e1 pro americk\u00e9 da\u0148ov\u00e9 poplatn\u00edky.<\/p>\n<p>Jak se za tohoto stavu v\u011bc\u00ed m\u016f\u017eete ubr\u00e1nit dojmu, \u017ee na\u0161e vl\u00e1da m\u00e1 \u010d\u00edmsi sv\u00e1zan\u00e9 ruce a riskuje na\u0161e \u017eivoty a blaho v z\u00e1jmu jin\u00e9 zem\u011b? Ba t\u00e9m\u011b\u0159 se zd\u00e1, \u017ee ve Washingtonu v\u0161ichni, a Republik\u00e1ni snad je\u0161t\u011b v\u00edc ne\u017e Demokrat\u00e9, propadli intenzivn\u00ed v\u00e1le\u010dn\u00e9 hore\u010dce. Zat\u00edmco Washington sp\u011b\u0161n\u011b eskaloval bl\u00edzkov\u00fdchodn\u00ed konflikt nasazen\u00edm americk\u00fdch vojensk\u00fdch sil, republik\u00e1nsk\u00fd sen\u00e1tor<\/p>\n<p>z Ji\u017en\u00ed Karol\u00edny Lindsey Graham obvinil z eskalace Ir\u00e1n a na jeho adresu pohrozil: \u201ePokud vyeskalujete v\u00e1lku, p\u0159ijdeme si pro v\u00e1s!\u201c A nedosti na tom. Graham\u00a0 na\u0161\u00edm jm\u00e9nem ve sv\u00fdch hrozb\u00e1ch pokra\u010duje s t\u00edm, \u017ee USA \u201evy\u0159ad\u00ed Ir\u00e1n z ropn\u00e9ho byznysu\u201c. A d\u00e1l hroz\u00ed: \u201eJsem p\u0159ipraven pou\u017e\u00edt vojenskou s\u00edlu ke zni\u010den\u00ed zdroje financov\u00e1n\u00ed Ham\u00e1su a Hizball\u00e1hu\u201c.<\/p>\n<p>Dal\u0161\u00ed republik\u00e1n z Texasu a p\u0159edseda v\u00fdboru pro zahrani\u010dn\u00ed v\u011bci Sn\u011bmovny reprezentant\u016f Michael McCaul \u0159ekl, \u017ee sepisuje legislativu, jej\u00edm\u017e smyslem je sv\u00e1zat americkou arm\u00e1du s izraelskou v\u00e1lkou proti Palestin\u011b.<\/p>\n<p>Jsme tak\u00e9 sv\u011bdky tot\u00e1ln\u00edho selh\u00e1n\u00ed z\u00e1padn\u00edho veden\u00ed, a to nejen ve Washingtonu, ale v cel\u00e9m z\u00e1padn\u00edm sv\u011bt\u011b. Nam\u00edsto toho, aby situaci vysl\u00e1n\u00edm sv\u00fdch vojensk\u00fdch sil na Bl\u00edzk\u00fd v\u00fdchod eskaloval, m\u011bl Washington situaci uklid\u0148ovat. Ov\u0161em ned\u011bje se tak. Existuj\u00ed naopak spekulace, \u017ee americk\u00e9 s\u00edly, je\u017e se na Bl\u00edzk\u00e9m\u00a0 v\u00fdchod\u011b hromad\u00ed, jsou \u201ev\u00e1le\u010dnou flotilou\u201c, jej\u00edm\u017e \u00fakolem je kone\u010dn\u011b p\u0159in\u00e9st zm\u011bnu re\u017eimu v S\u00fdrii a vykopnout odtamtud Rusy. A to v aktu pomsty za Rusy, kte\u0159\u00ed zabr\u00e1nili pl\u00e1novan\u00e9mu svr\u017een\u00ed Asadovy vl\u00e1dy prezidentem Obamou.<\/p>\n<p>Ch\u00e1pu, \u017ee neokonzervativci Bidenova re\u017eimu cht\u011bj\u00ed v r\u00e1mci sv\u00e9 podpory izraelsk\u00e9 expanzi pokra\u010dovat ve sv\u00e9 politice \u010di\u0161t\u011bn\u00ed Bl\u00edzk\u00e9ho v\u00fdchodu, ale jak bezpe\u010dn\u00e9 je p\u0159edpokl\u00e1dat, \u017ee odtud Putin vyd\u011b\u0161en\u011b prchne? Kdyby to toti\u017e u\u010dinil, skon\u010dil by coby v\u016fdce disidentsk\u00e9ho sv\u011bta a pravd\u011bpodobn\u011b by skon\u010dil i v Rusku. A projev rusk\u00e9 zbab\u011blosti by jist\u011b vyvolal eskalaci anga\u017eovanosti NATO na Ukrajin\u011b.<\/p>\n<p>Zd\u00e1 se tedy jist\u00e9, \u017ee \u00fatok USA na S\u00fdrii by vy\u00fastil ve vojensk\u00fd konflikt mezi USA a Ruskem. Izraelci masakruj\u00ed Izraelce a berou jim jejich \u00fazem\u00ed kousek po kousku u\u017e od roku 1947 a nikdo s t\u00edm nikdy nic neud\u011blal. OSN schvaluje rezoluce za rezoluc\u00ed, ale USA tyto rezoluce vetuj\u00ed. Tak\u017ee ani tentokr\u00e1t neo\u010dek\u00e1v\u00e1 Netanjahu \u017e\u00e1dnou opozici, a jedin\u00e9, co o\u010dek\u00e1v\u00e1, je dal\u0161\u00ed pomoc\u00a0 Ameriky a jej\u00edho imp\u00e9ria.<\/p>\n<p>Situace je krom\u011b jin\u00e9ho zaplavena i spoustou chybn\u00fdch v\u00fdpo\u010dt\u016f a p\u0159edpoklad\u016f. Hizball\u00e1h se u\u017e toti\u017e dnes vyrovn\u00e1 Izraeli. Milice Hizball\u00e1hu skute\u010dn\u011b dvakr\u00e1t porazily vychvalovanou izraelskou arm\u00e1du a vyhnaly ji z Libanonu navzdory izraelsk\u00e9 vzdu\u0161n\u00e9 s\u00edle. A syrsk\u00e1 arm\u00e1da je zocelena bitvami proti \u017eold\u00e1k\u016fm, kter\u00e9 sem Washington poslal, aby svrhli Asada.<\/p>\n<p>Stejn\u011b jako Hizball\u00e1hu a Ham\u00e1su nechyb\u00ed vojensk\u00fd z\u00e1pal a rakety, schopn\u00e9 zasahovat Izrael, ani Ir\u00e1nu. Pokud, jak se tvrd\u00ed, 5 000 raket Ham\u00e1su vy\u0159adilo izraelsk\u00fd bezpe\u010dnostn\u00ed syst\u00e9m\u00a0 naz\u00fdvan\u00fd \u017delezn\u00e1 kupole, nem\u00e1 tento syst\u00e9m \u017e\u00e1dnou \u0161anci proti 100 000 nebo 200 000 raket. A pokud pak bude izraelsk\u00e1 arm\u00e1da vysl\u00e1na do Gazy, odpor Ham\u00e1su ji tam ur\u010dit\u00fd \u010das podr\u017e\u00ed, a Izrael riskuje, \u017ee bude p\u0159emo\u017een Hizball\u00e1hem, S\u00fdri\u00ed, Ir\u00e1kem a Ir\u00e1nem, pokud by se ov\u0161em cht\u011bly boje z\u00fa\u010dastnit.<\/p>\n<p>Izraelsk\u00e1 por\u00e1\u017eka by ov\u0161em zle poznamenala i vojenskou reputaci USA.<\/p>\n<p>Tv\u00e1\u0159\u00ed v tv\u00e1\u0159 t\u00e9to mo\u017enosti, projevuj\u00ed jak Izrael, tak i USA naprost\u00fd nedostatek soudnosti. Rizika se ignoruj\u00ed. A probl\u00e9m lidstva se jev\u00ed v tom, \u017ee vyvinulo zbran\u011b, kter\u00e9 jsou schopny zni\u010dit ve\u0161ker\u00fd \u017eivot. A \u017ee se\u00a0 tyto zbran\u011b nal\u00e9zaj\u00ed v rukou emocion\u00e1ln\u00edch lid\u00ed bez rozumu a neschopn\u00fdch se krotit . M\u011bl jsem a st\u00e1le m\u00e1m obavy z toho, \u017ee se konflikt na Ukrajin\u011b vymyk\u00e1 kontrole a \u017ee snad je\u0161t\u011b nebezpe\u010dn\u011bj\u0161\u00ed situace bude na Bl\u00edzk\u00e9m v\u00fdchod\u011b. A \u017ee se to nebezpe\u010d\u00ed p\u0159ehl\u00ed\u017e\u00ed. V\u00e1le\u010dn\u00e1 propaganda presstitutek je extr\u00e9mn\u00ed a lidi p\u0159ed realitou oslepuje. Ti ve funkc\u00edch si mysl\u00ed, \u017ee maj\u00ed v\u011bci pod kontrolu, ale nen\u00ed tomu tak. \u0160ir\u0161\u00edmu konfliktu by mohlo zabr\u00e1nit Rusko, ale Putinovi mo\u017en\u00e1 chyb\u00ed v\u011bt\u0161\u00ed rozhodnost.<\/p>\n<p>\u0158ekn\u011bte mi, kde jsou v\u016fdci schopn\u00ed zabr\u00e1nit katastrof\u011b?<\/p>\n<p><em>P\u0159eklad: Lubom\u00edr Man<\/em><\/p>\n<p>&nbsp;<\/p>\n<p><a href=\"https:\/\/stranapro.cz\/\"><img decoding=\"async\" loading=\"lazy\" class=\"wp-image-30218 aligncenter\" src=\"http:\/\/www.infokuryr.cz\/n\/wp-content\/uploads\/2023\/06\/PRO-banner-300x36.png\" alt=\"\" width=\"1375\" height=\"165\" srcset=\"https:\/\/www.infokuryr.cz\/n\/wp-content\/uploads\/2023\/06\/PRO-banner-300x36.png 300w, https:\/\/www.infokuryr.cz\/n\/wp-content\/uploads\/2023\/06\/PRO-banner-768x93.png 768w, https:\/\/www.infokuryr.cz\/n\/wp-content\/uploads\/2023\/06\/PRO-banner.png 849w\" sizes=\"(max-width: 1375px) 100vw, 1375px\" \/><\/a><\/p>\n<p>&nbsp;<\/p>\n<p>&nbsp;<\/p>\n<p>&nbsp;<\/p>\n","protected":false},"excerpt":{"rendered":"<p>Biden\u016fv re\u017eim odm\u00edt\u00e1 br\u00e1nit hranice USA, ale nev\u00e1h\u00e1 povolat opera\u010dn\u00ed jednotky na letadlov\u00e9 lod\u011b a&#8230;<\/p>\n","protected":false},"author":2,"featured_media":810,"comment_status":"closed","ping_status":"closed","sticky":false,"template":"","format":"standard","meta":[],"categories":[7],"tags":[347,107,29,40],"_links":{"self":[{"href":"https:\/\/www.infokuryr.cz\/n\/wp-json\/wp\/v2\/posts\/38515"}],"collection":[{"href":"https:\/\/www.infokuryr.cz\/n\/wp-json\/wp\/v2\/posts"}],"about":[{"href":"https:\/\/www.infokuryr.cz\/n\/wp-json\/wp\/v2\/types\/post"}],"author":[{"embeddable":true,"href":"https:\/\/www.infokuryr.cz\/n\/wp-json\/wp\/v2\/users\/2"}],"replies":[{"embeddable":true,"href":"https:\/\/www.infokuryr.cz\/n\/wp-json\/wp\/v2\/comments?post=38515"}],"version-history":[{"count":0,"href":"https:\/\/www.infokuryr.cz\/n\/wp-json\/wp\/v2\/posts\/38515\/revisions"}],"wp:featuredmedia":[{"embeddable":true,"href":"https:\/\/www.infokuryr.cz\/n\/wp-json\/wp\/v2\/media\/810"}],"wp:attachment":[{"href":"https:\/\/www.infokuryr.cz\/n\/wp-json\/wp\/v2\/media?parent=38515"}],"wp:term":[{"taxonomy":"category","embeddable":true,"href":"https:\/\/www.infokuryr.cz\/n\/wp-json\/wp\/v2\/categories?post=38515"},{"taxonomy":"post_tag","embeddable":true,"href":"https:\/\/www.infokuryr.cz\/n\/wp-json\/wp\/v2\/tags?post=38515"}],"curies":[{"name":"wp","href":"https:\/\/api.w.org\/{rel}","templated":true}]}}