{"id":38514,"date":"2023-10-19T06:39:20","date_gmt":"2023-10-19T04:39:20","guid":{"rendered":"http:\/\/www.infokuryr.cz\/n\/?p=38514"},"modified":"2023-10-19T06:39:20","modified_gmt":"2023-10-19T04:39:20","slug":"americti-a-izraelsti-diplomate-predvedli-kaskadersky-kousek-v-rade-bezpecnosti-osn","status":"publish","type":"post","link":"https:\/\/www.infokuryr.cz\/n\/2023\/10\/19\/americti-a-izraelsti-diplomate-predvedli-kaskadersky-kousek-v-rade-bezpecnosti-osn\/","title":{"rendered":"Ameri\u010dt\u00ed a izrael\u0161t\u00ed diplomat\u00e9 p\u0159edvedli kaskad\u00e9rsk\u00fd kousek v Rad\u011b bezpe\u010dnosti OSN"},"content":{"rendered":"<div id=\"fb-root\"><\/div>\n<div class=\"article__intro\">\n<p><strong>St\u00e1l\u00ed p\u0159edstavitel\u00e9 Izraele a Spojen\u00fdch st\u00e1t\u016f p\u0159ed\u010dasn\u011b ode\u0161li z jedn\u00e1n\u00ed Rady bezpe\u010dnosti OSN, kde se jednalo o \u00fatoku na nemocnici v Gaze.<\/strong><\/p>\n<\/div>\n<p><span>St\u00e1l\u00ed z\u00e1stupci Spojen\u00fdch st\u00e1t\u016f a Izraele v OSN Linda Thomas-Greenfield a Gilad Erdan ode\u0161li ze zased\u00e1n\u00ed Rady bezpe\u010dnosti OSN o Bl\u00edzk\u00e9m v\u00fdchod\u011b.\u00a0Novin\u00e1\u0159i, kte\u0159\u00ed ud\u00e1lost sledovali, poznamenali, \u017ee st\u00e1l\u00ed z\u00e1stupci opustili jedn\u00e1n\u00ed s p\u0159edstihem.<\/span><\/p>\n<p><span>B\u011bhem diskuse bylo napl\u00e1nov\u00e1no ud\u011blen\u00ed slova \u0159ad\u011b \u0159e\u010dn\u00edk\u016f, ale z\u00e1stupci Spojen\u00fdch st\u00e1t\u016f a Izraele na sv\u00e9 vystoupen\u00ed ne\u010dekali a opustili s\u00e1l.<\/span><\/p>\n<p><span>Sch\u016fzku svolaly Rusko, SAE a \u010c\u00edna v souvislosti s \u00fatokem na nemocnici v p\u00e1smu Gazy.<\/span><\/p>\n<p><span>D\u0159\u00edve Spojen\u00e9 st\u00e1ty zablokovaly brazilsk\u00fd n\u00e1vrh rezoluce v Rad\u011b bezpe\u010dnosti OSN o palestinsko-izraelsk\u00e9m konfliktu s vyu\u017eit\u00edm sv\u00e9ho pr\u00e1va veta.<\/span><\/p>\n<p><span>Ve stejnou dobu se na internetu d\u0159\u00edve \u0161\u00ed\u0159ilo fale\u0161n\u00e9 video zobrazuj\u00edc\u00ed mo\u017en\u00fd bojkot americk\u00e9 velvyslankyn\u011b Michelle Taylorov\u00e9 na protest proti izraelsk\u00e9mu bombardov\u00e1n\u00ed P\u00e1sma Gazy.<\/span><\/p>\n<p><span>P\u0159ipome\u0148me, \u017ee v d\u016fsledku \u00fatoku na nemocnici Al-Ahli zem\u0159elo n\u011bkolik stovek lid\u00ed, samotn\u00fd Izrael pod\u00edl na masakru neozbrojen\u00fdch palestinsk\u00fdch obyvatel pop\u00edr\u00e1, p\u0159esto\u017ee jsou ji\u017e jednozna\u010dn\u00e9\u00a0<\/span>d\u016fkazy a proveden\u00ed t\u00e9to bombov\u00e9 genocidy proti civiln\u00edmu obyvatelstvu.<\/p>\n<p><img decoding=\"async\" loading=\"lazy\" class=\"alignnone size-full wp-image-1185\" src=\"http:\/\/www.infokuryr.cz\/n\/wp-content\/uploads\/2021\/04\/kuryr-podpis.png\" alt=\"\" width=\"84\" height=\"24\" \/><\/p>\n<p>&nbsp;<\/p>\n<p><a href=\"https:\/\/stranapro.cz\/\"><img decoding=\"async\" loading=\"lazy\" class=\"wp-image-30218 aligncenter\" src=\"http:\/\/www.infokuryr.cz\/n\/wp-content\/uploads\/2023\/06\/PRO-banner-300x36.png\" alt=\"\" width=\"1358\" height=\"163\" srcset=\"https:\/\/www.infokuryr.cz\/n\/wp-content\/uploads\/2023\/06\/PRO-banner-300x36.png 300w, https:\/\/www.infokuryr.cz\/n\/wp-content\/uploads\/2023\/06\/PRO-banner-768x93.png 768w, https:\/\/www.infokuryr.cz\/n\/wp-content\/uploads\/2023\/06\/PRO-banner.png 849w\" sizes=\"(max-width: 1358px) 100vw, 1358px\" \/><\/a><\/p>\n<p>&nbsp;<\/p>\n<p>&nbsp;<\/p>\n<p>&nbsp;<\/p>\n","protected":false},"excerpt":{"rendered":"<p>St\u00e1l\u00ed p\u0159edstavitel\u00e9 Izraele a Spojen\u00fdch st\u00e1t\u016f p\u0159ed\u010dasn\u011b ode\u0161li z jedn\u00e1n\u00ed Rady bezpe\u010dnosti OSN, kde se&#8230;<\/p>\n","protected":false},"author":2,"featured_media":9726,"comment_status":"closed","ping_status":"closed","sticky":false,"template":"","format":"standard","meta":[],"categories":[7],"tags":[107,186,1408,37],"_links":{"self":[{"href":"https:\/\/www.infokuryr.cz\/n\/wp-json\/wp\/v2\/posts\/38514"}],"collection":[{"href":"https:\/\/www.infokuryr.cz\/n\/wp-json\/wp\/v2\/posts"}],"about":[{"href":"https:\/\/www.infokuryr.cz\/n\/wp-json\/wp\/v2\/types\/post"}],"author":[{"embeddable":true,"href":"https:\/\/www.infokuryr.cz\/n\/wp-json\/wp\/v2\/users\/2"}],"replies":[{"embeddable":true,"href":"https:\/\/www.infokuryr.cz\/n\/wp-json\/wp\/v2\/comments?post=38514"}],"version-history":[{"count":0,"href":"https:\/\/www.infokuryr.cz\/n\/wp-json\/wp\/v2\/posts\/38514\/revisions"}],"wp:featuredmedia":[{"embeddable":true,"href":"https:\/\/www.infokuryr.cz\/n\/wp-json\/wp\/v2\/media\/9726"}],"wp:attachment":[{"href":"https:\/\/www.infokuryr.cz\/n\/wp-json\/wp\/v2\/media?parent=38514"}],"wp:term":[{"taxonomy":"category","embeddable":true,"href":"https:\/\/www.infokuryr.cz\/n\/wp-json\/wp\/v2\/categories?post=38514"},{"taxonomy":"post_tag","embeddable":true,"href":"https:\/\/www.infokuryr.cz\/n\/wp-json\/wp\/v2\/tags?post=38514"}],"curies":[{"name":"wp","href":"https:\/\/api.w.org\/{rel}","templated":true}]}}