{"id":38481,"date":"2023-10-19T01:01:05","date_gmt":"2023-10-18T23:01:05","guid":{"rendered":"http:\/\/www.infokuryr.cz\/n\/?p=38481"},"modified":"2023-10-18T17:00:32","modified_gmt":"2023-10-18T15:00:32","slug":"zbynek-fiala-starostove-proti-starostum","status":"publish","type":"post","link":"https:\/\/www.infokuryr.cz\/n\/2023\/10\/19\/zbynek-fiala-starostove-proti-starostum\/","title":{"rendered":"Zbyn\u011bk Fiala: Starostov\u00e9 proti starost\u016fm"},"content":{"rendered":"<div id=\"fb-root\"><\/div>\n<p><strong>Jedn\u00e1n\u00ed o ned\u016fv\u011b\u0159e vl\u00e1d\u011b voln\u011b nav\u00e1zalo na debatu o konsolida\u010dn\u00edm bal\u00ed\u010dku, kter\u00fd byl protla\u010den, jak u\u017e to te\u010f ve sn\u011bmovn\u011b b\u00fdv\u00e1, bez ohledu na argumenty. Ty argumenty v\u0161ak nemus\u00ed zapadnout. V obou p\u0159\u00edpadech se potil STAN.<\/strong><\/p>\n<p>Jarom\u00edr J\u00e1gr je mistr kli\u010dky, ale na premi\u00e9ra Petra Fialu (ODS) nem\u00e1. Zkuste zjistit o \u010dem mluv\u00ed! Tohle od premi\u00e9ra zazn\u011blo ve sn\u011bmovn\u011b na obranu neboh\u00e9ho ministra vnitra V\u00edta Raku\u0161ana (STAN) a vlastn\u011b cel\u00e9 vl\u00e1dy, kterou cht\u011bla opozice svrhnout kv\u016fli zast\u00edr\u00e1n\u00ed kontakt\u016f s mafi\u00ed:<\/p>\n<p><em>\u201eNikdy se neobjevil ani n\u00e1znak informace, \u017e\u00e1dn\u00e1 indicie, \u017ee by V\u00edt Raku\u0161an s\u00a0dan\u00fdm telefonem n\u011bjak komunikoval, tedy \u017ee by s\u00a0n\u00edm \u0159e\u0161il n\u011bco nemor\u00e1ln\u00edho, nebo dokonce n\u011bco neleg\u00e1ln\u00edho.\u201c<\/em><\/p>\n<p>To m\u00e1 logiku ze \u017eeleza. Pro\u010d se to nezjistilo? M\u011bl ho \u0161ifrovan\u00fd. Pro\u010d ho m\u011bl \u0161ifrovan\u00fd? Aby se to nezjistilo. Tak\u017ee se to nezjistilo. Na co si st\u011b\u017eujete?<\/p>\n<p>Opravdu, pro\u010d by se m\u011bla vl\u00e1da svrh\u00e1vat kv\u016fli tomu, \u017ee si ministr vnitra opat\u0159\u00ed telefon, aby mohl mluvit bez obav s\u00a0mafi\u00e1nem, kter\u00fd mus\u00ed m\u00edt stejn\u00fd p\u0159\u00edstroj se stejnou \u0161ifrou, proto\u017ee jinak by se nedomluvili. Fungovalo to dob\u0159e, nikdo je nechytil. O \u010dem je \u0159e\u010d?<\/p>\n<p>Ale ministr vnitra je je\u0161t\u011b nevinn\u011bj\u0161\u00ed, ne\u017e by bylo patrn\u00e9 z\u00a0premi\u00e9rova vyj\u00e1d\u0159en\u00ed.\u00a0 Nechal si po\u0159\u00eddit od mafi\u00e1na drah\u00fd telefon, do kter\u00e9ho nevid\u00ed nejen premi\u00e9r, ale ani policie, kterou m\u00e1 ministr vnitra sv\u011b\u0159enu v\u00a0tom smyslu, \u017ee ministr m\u00e1 zaji\u0161\u0165ovat jej\u00ed akceschopnost v\u00a0boji s organizovan\u00fdm zlo\u010dinem. \u00a0Av\u0161ak tento drah\u00fd \u0161ifrovan\u00fd telefon si opat\u0159il jen proto \u2013 jak n\u00e1s dobrosrde\u010dn\u011b informoval, &#8211; aby ho dal na hran\u00ed sv\u00fdm d\u011btem. S\u00a0n\u011b\u010d\u00edm si ti drobe\u010dci hr\u00e1t mus\u00ed. P\u0159ece jim nep\u016fj\u010d\u00ed slu\u017eebn\u00ed pistoli\u2026<\/p>\n<p>Pro\u010d to ud\u011blal? Pro\u010d tento vz\u00e1cn\u00fd p\u0159\u00edstroj dopravil dom\u016f s\u00a0nejvy\u0161\u0161\u00ed opatrnost\u00ed, mo\u017en\u00e1 distan\u010dn\u011b hr\u00e1b\u011bmi, aby s\u00a0n\u00edm m\u011bl co nejm\u00e9n\u011b spole\u010dn\u00e9ho, a pro\u010d jej okam\u017eit\u011b p\u0159edal nezvedn\u00e9mu dorostu, u kter\u00e9ho se mohl spolehnout, je jej po kr\u00e1tk\u00e9m dov\u00e1d\u011bn\u00ed zni\u010d\u00ed? Proto\u017ee v\u00ed, \u017ee pro politika je takov\u00fd telefon stra\u0161n\u011b nebezpe\u010dn\u00fd. Kdy\u017e se ministr Raku\u0161an ke sv\u00e9 hr\u016fze dozv\u011bd\u011bl, \u017ee jeho nejbli\u017e\u0161\u00ed spolupracovn\u00edk z\u00a0veden\u00ed STAN a ministr \u0161kolstv\u00ed Petr Gazd\u00edk si taky po\u0159\u00eddil stejn\u00fd telefon, naprosto nech\u00e1pal, pro\u010d ho okam\u017eit\u011b neroz\u0161lapal a nevyhodil z\u00a0okna!!<\/p>\n<p>Tak\u017ee o premi\u00e9rsk\u00fdch schopnostech Petra Fialy i o potenci\u00e1lu, kter\u00fd m\u00e1 vl\u00e1da v hnut\u00ed STAN, m\u00e1me jasno.<\/p>\n<p>Potenci\u00e1l STAN je opravdu mimo\u0159\u00e1dn\u00fd, skoro by se cht\u011blo \u0159\u00edci, \u017ee jsou schopni v\u0161eho. Vzpome\u0148te si na jejich z\u00e1zra\u010dn\u00fd volebn\u00ed v\u00fdsledek. Po dvoulet\u00e9m obdob\u00ed, kdy se jen v\u00fdjime\u010dn\u011b dost\u00e1vali nad 5 procent volebn\u00edch preferenc\u00ed a operovali v\u00a0kategorii politick\u00fdch trpasl\u00edk\u016f na pokraji volebn\u00edho hrobu, vstoupili do sn\u011bmovny se 33 mand\u00e1ty a stali se druhou nesiln\u011bj\u0161\u00ed vl\u00e1dn\u00ed stranou. Bylo to samoz\u0159ejm\u011b d\u00edky nezi\u0161tn\u00e9 koali\u010dn\u00ed spolupr\u00e1ci s\u00a0Pir\u00e1ty. A ta spolupr\u00e1ce byla skute\u010dn\u011b nezi\u0161tn\u00e1, Pir\u00e1ti z\u00a0n\u00ed opravdu nic nem\u011bli, pokud nepo\u010d\u00edt\u00e1me o\u010di pro pl\u00e1\u010d.<\/p>\n<p>N\u00e1zev STAN n\u00e1s nenech\u00e1v\u00e1 na pochyb\u00e1ch, \u017ee posl\u00e1n\u00edm hnut\u00ed je zastupovat starosty. Ani tam to nen\u00ed m\u00e9n\u011b plodn\u00e9, ne\u017e koalice s\u00a0Pir\u00e1ty.<\/p>\n<p>T\u00e9ma se prob\u00edralo ve sn\u011bmovn\u011b o p\u00e1r dn\u00ed d\u0159\u00edve, ne\u017e se svrh\u00e1vala vl\u00e1da. Bylo to p\u0159ed t\u0159et\u00edm \u010dten\u00edm konsolida\u010dn\u00edho bal\u00ed\u010dku. Z\u00a0kone\u010dn\u00e9 verze vl\u00e1dn\u00edho n\u00e1vrhu (z vl\u00e1dn\u00edho komplexn\u00edho pozm\u011b\u0148ovac\u00edho n\u00e1vrhu k\u00a0vl\u00e1dn\u00edmu n\u00e1vrhu!) bylo z\u0159ejm\u00e9, \u017ee obce a m\u011bsta to bohu\u017eel semele taky. Poslankyn\u011b Jana Mra\u010dkov\u00e1 Vildumetzov\u00e1 (ANO) to shrnula do dob\u0159e zapamatovateln\u00e9 volebn\u00ed formule, \u017ee dnes jsou ve vl\u00e1d\u011b Starostov\u00e9 a\u00a0nez\u00e1visl\u00ed, kte\u0159\u00ed jdou proti starost\u016fm, m\u011bst\u016fm a\u00a0obc\u00edm.<\/p>\n<p>Pod\u00e1m to trochu zkr\u00e1cen\u00e9 (a m\u00edsty i projasn\u011bn\u00e9, ale ur\u010dit\u011b ne zkreslen\u00e9). P\u0159esn\u00fd stenografick\u00fd z\u00e1znam t\u00e9to debaty najdete na webu Poslaneck\u00e9 sn\u011bmovny Parlamentu \u010cR.<\/p>\n<p><a href=\"https:\/\/www.psp.cz\/eknih\/2021ps\/stenprot\/079schuz\/s079015.htm\">https:\/\/www.psp.cz\/eknih\/2021ps\/stenprot\/079schuz\/s079015.htm<\/a><\/p>\n<p>Jako prvn\u00ed otev\u0159el pokusy vl\u00e1dy, ve kter\u00e9 je STAN druhou nejsiln\u011bj\u0161\u00ed stranou,\u00a0<strong>Patrik Nacher (ANO):<\/strong><\/p>\n<p><em>\u201eStejn\u011b jako v\u00e1m, i mn\u011b p\u0159i\u0161el mail od Franti\u0161ka Lukla, kter\u00fd je p\u0159edseda Svazu m\u011bst a\u00a0obc\u00ed. On je reprezentant STANu, pokud v\u00edm. On \u0159ekl, \u017ee\u00a0<strong>po setk\u00e1n\u00ed se Zby\u0148kem Stanjurou 15.\u00a0srpna do\u0161lo k dohod\u011b<\/strong>, \u017ee da\u0148 z\u00a0nemovit\u00fdch v\u011bc\u00ed bude v\u00fdlu\u010dn\u00fdm p\u0159\u00edjmem obc\u00ed a\u00a0m\u011bst za cenu pon\u00ed\u017een\u00ed pod\u00edlu municipalit na dani z\u00a0p\u0159\u00edjmu pr\u00e1vnick\u00fdch osob a\u00a0dani z\u00a0p\u0159\u00edjmu fyzick\u00fdch osob. Zcela stranou jak\u00fdkoliv zm\u011bn m\u011bl b\u00fdt v\u00fdnos dan\u011b z\u00a0p\u0159idan\u00e9 hodnoty pro obce ve v\u00fd\u0161i 25,84\u00a0%.<\/em><\/p>\n<p><strong><em>Vl\u00e1dn\u00ed koalice ov\u0161em tuto dohodu nedodr\u017eela<\/em><\/strong><em>\u00a0a\u00a0v\u00a0komplexn\u00edm vl\u00e1dn\u00edm pozm\u011b\u0148ovac\u00edm n\u00e1vrhu \u2013 zase jsme u\u00a0toho komplexn\u00edho pozm\u011b\u0148ovac\u00edho n\u00e1vrhu \u2013 pon\u00ed\u017eila v\u0161echny p\u0159\u00edjmy obc\u00ed z\u00a0rozpo\u010dtov\u00e9ho ur\u010den\u00ed dan\u00ed.<\/em><\/p>\n<p><a href=\"https:\/\/stranapro.cz\/\"><img decoding=\"async\" loading=\"lazy\" class=\"wp-image-30218 aligncenter\" src=\"http:\/\/www.infokuryr.cz\/n\/wp-content\/uploads\/2023\/06\/PRO-banner-300x36.png\" alt=\"\" width=\"1367\" height=\"164\" srcset=\"https:\/\/www.infokuryr.cz\/n\/wp-content\/uploads\/2023\/06\/PRO-banner-300x36.png 300w, https:\/\/www.infokuryr.cz\/n\/wp-content\/uploads\/2023\/06\/PRO-banner-768x93.png 768w, https:\/\/www.infokuryr.cz\/n\/wp-content\/uploads\/2023\/06\/PRO-banner.png 849w\" sizes=\"(max-width: 1367px) 100vw, 1367px\" \/><\/a><\/p>\n<p><em>Tak si to domluvte aspo\u0148 mezi sv\u00fdmi. J\u00e1 opravdu nez\u00e1vid\u00edm v\u0161em starost\u016fm a\u00a0prim\u00e1tor\u016fm, kte\u0159\u00ed tady budou hlasovat pro tu zm\u011bnu. To, co dneska my budeme hlasovat, je zv\u00fd\u0161en\u00ed dan\u00ed pro ob\u010dany, pro firmy a\u00a0pon\u00ed\u017een\u00ed pen\u011bz pro obce. A\u00a0to je pot\u0159eba tady upozornit. A\u00a0\u0159\u00edkaj\u00ed to va\u0161i p\u0159edstavitel\u00e9, nejenom opozice.\u201c\u00a0<\/em><\/p>\n<p>Zn\u00ed to slo\u017eit\u011b, ale jde o to, \u017ee obce nakonec maj\u00ed b\u00fdt p\u0159ipraveny o \u010d\u00e1st pod\u00edlu z\u00a0celost\u00e1tn\u00edho v\u00fdb\u011bru nejv\u00fdnosn\u011bj\u0161\u00ed dan\u011b, co\u017e je DPH. Maj\u00ed si to vynahradit t\u00edm, \u017ee si samy zv\u00fd\u0161\u00ed da\u0148 z\u00a0nemovit\u00fdch v\u011bc\u00ed v\u00a0obci (a starosta a\u0165 si pak hled\u00e1 jinou pr\u00e1ci).<\/p>\n<p>Tak\u00e9 poslankyn\u011b Jana Mra\u010dkov\u00e1 Vildumetzov\u00e1 (ANO) p\u0159ipomn\u011bla nesouhlasn\u00fd dopis od Svazu m\u011bst a obc\u00ed a vyj\u00e1d\u0159ila jim svou podporu:<\/p>\n<p><em>\u201eOpakovala jsem to tady n\u011bkolikr\u00e1t, \u017ee je nep\u0159ijateln\u00e9, aby se sahalo m\u011bst\u016fm a\u00a0obc\u00edm na da\u0148 z\u00a0p\u0159idan\u00e9 hodnoty. Mus\u00edm ale citovat \u010dl\u00e1nek z\u00a0roku 2020, kdy se schvaloval kompenza\u010dn\u00ed bonus, kdy\u017e byl covid a v\u0161ichni jsme v\u011bd\u011bli, \u017ee to bude m\u00edt z\u00e1sah do rozpo\u010dtu.<\/em><\/p>\n<p><em>A\u00a0co \u0159\u00edkal V\u00edt Raku\u0161an v\u00a0roce 2020?<\/em><\/p>\n<p><strong><em>Sn\u011bmovna posv\u011btila z\u00e1ke\u0159nou a\u00a0neodpov\u011bdnou loupe\u017e financ\u00ed z\u00a0rozpo\u010dtu obc\u00ed. Pova\u017euji to za tvrdou podp\u00e1sovku nejen obc\u00edm, ale tak\u00e9 \u010desk\u00e9 ekonomice.<\/em><\/strong><\/p>\n<p><em>Nam\u00edsto abychom podpo\u0159ili lok\u00e1ln\u00ed ekonomiky v\u00a0regionech, kter\u00e9 pozvolna rozd\u00fdch\u00e1vaj\u00ed \u010deskou ekonomiku posti\u017eenou koronavirem, sn\u011bmovna zvolila opa\u010dnou variantu a\u00a0schv\u00e1lilo se, \u017ee m\u011bsta a\u00a0obce budou m\u00edt rozpo\u010dtov\u00e9 ur\u010den\u00ed dan\u00ed na 25,84.\u201c (<\/em>Konec cit\u00e1tu<em>.)<\/em><\/p>\n<p>Tady si dovol\u00edm vysv\u011btlen\u00ed, \u017ee \u0159e\u010d je o procentn\u00edm pod\u00edlu z\u00a0celost\u00e1tn\u00edho v\u00fdb\u011bru DPH, kter\u00fd p\u0159ipad\u00e1 obc\u00edm podle z\u00e1kona o rozpo\u010dtov\u00e9m ur\u010den\u00ed dan\u00ed. Pokra\u010duje poslankyn\u011b Mra\u010dkov\u00e1 Vildumetzov\u00e1:<\/p>\n<p><em>\u201e\u0158\u00edk\u00e1m to proto, \u017ee budu velmi bedliv\u011b sledovat, jak dnes budou v\u0161ichni vl\u00e1dn\u00ed poslanci hlasovat. Jestli\u017ee budete dnes hlasovat pro to, aby se m\u011bst\u016fm, obc\u00edm a\u00a0kraj\u016fm sn\u00ed\u017eilo rozpo\u010dtov\u00e9 ur\u010den\u00ed dan\u00ed, tak budu opakovat to, co \u0159\u00edkal v\u00a0roce 2020 V\u00edt Raku\u0161an, \u017ee je to loupe\u017e financ\u00ed z\u00a0rozpo\u010dtu m\u011bst a\u00a0obc\u00ed.<\/em><\/p>\n<p><em>Starostov\u00e9 jsou ti, kdo jsou nejbl\u00ed\u017ee lidem. Jsou to ti, kdo v\u011bd\u00ed, co se m\u00e1 ve m\u011bstech a\u00a0obc\u00edch d\u011blat. A\u00a0je opravdu velmi smutn\u00e9, \u017ee\u00a0<strong>dnes ve vl\u00e1d\u011b jsou Starostov\u00e9 a\u00a0nez\u00e1visl\u00ed, kte\u0159\u00ed jdou proti starost\u016fm. Jdou proti m\u011bst\u016fm a\u00a0obc\u00edm.\u201c<\/strong><\/em><\/p>\n<p><strong>Poslanec Hubert Lang (ANO)<\/strong>\u00a0do toho vnesl konkr\u00e9tn\u00ed p\u0159\u00edpad.\u00a0<strong>P\u0159e\u010detl<\/strong>\u00a0<strong>v\u00fdzvu<\/strong>\u00a0<strong>prim\u00e1tora statut\u00e1rn\u00edho m\u011bsta Plzn\u011b Romana Zaryck\u00e9ho<\/strong>, kter\u00fd se obrac\u00ed na poslance STAN i dal\u0161\u00ed z\u00a0plze\u0148sk\u00e9ho kraje:<\/p>\n<p><em>Kolegov\u00e9 a\u00a0kolegyn\u011b, da\u0148ov\u00fd bal\u00ed\u010dek, kter\u00fd se chyst\u00e1te pr\u00e1v\u011b dnes schvalovat, je mimo\u0159\u00e1dn\u011b ekonomicky nep\u0159\u00edzniv\u00fd nejen pro Plze\u0148, ale i\u00a0pro dal\u0161\u00ed velk\u00e1 m\u011bsta, p\u0159\u00edpadn\u011b obce.<\/em><\/p>\n<p><strong><em>S\u00a0konsolidac\u00ed ve\u0159ejn\u00fdch financ\u00ed nem\u00e1 v\u016fbec nic spole\u010dn\u00e9ho. Je to blam\u00e1\u017e.<\/em><\/strong><em>\u00a0A\u00a0pokud takov\u00fd bal\u00ed\u010dek pom\u016f\u017eete schv\u00e1lit, zhor\u0161\u00edte tak\u00e9 finan\u010dn\u00ed kondici, a\u00a0t\u00edm p\u00e1dem i\u00a0kvalitu \u017eivota nejen v\u00a0m\u011bst\u011b Plzni, ale i\u00a0v\u00a0dal\u0161\u00edch m\u011bstech, p\u0159\u00edpadn\u011b v\u00a0dal\u0161\u00edch regionech \u010cesk\u00e9 republiky.<\/em><\/p>\n<p><strong><em>\u017d\u00e1d\u00e1m v\u00e1s proto, abyste hlasovali v\u00a0z\u00e1jmu ob\u010dan\u016f na\u0161eho m\u011bsta.<\/em><\/strong><em>\u00a0V\u00a0Plze\u0148sk\u00e9m kraji se p\u0159erozd\u011blovalo 11\u00a0mand\u00e1t\u016f. \u010cty\u0159i mand\u00e1ty z\u00edskalo hnut\u00ed ANO, jeden mand\u00e1t z\u00edskalo hnut\u00ed SPD.<\/em><\/p>\n<p>Tolik dopis plze\u0148sk\u00e9ho prim\u00e1tora. Pokra\u010duje poslanec Lang:<\/p>\n<p><em>\u201eJ\u00e1 bych se cht\u011bl p\u0159ipojit k\u00a0t\u00e9to v\u00fdzv\u011b a\u00a0cht\u011bl bych po\u017e\u00e1dat i\u00a0pro Plze\u0148sk\u00fd kraj pana Martina Baxu, pana Josefa Bernarda, pana Milo\u0161e Nov\u00e9ho, pan\u00ed Michaelu Opltovou, pana Rudolfa Salvetra a\u00a0pana Marka \u017den\u00ed\u0161ka, aby nehlasovali pro to, pro co tady budeme za chvili\u010dku schvalovat pozm\u011b\u0148uj\u00edc\u00ed n\u00e1vrhy. Je to asoci\u00e1ln\u00ed bal\u00ed\u010dek, je to da\u0148ov\u00fd bal\u00ed\u010dek, nen\u00ed to v\u016fbec \u017e\u00e1dn\u00fd \u00fasporn\u00fd bal\u00ed\u010dek. Hlasujete proti z\u00e1jmu ob\u010dan\u016f, kte\u0159\u00ed v\u00e1s zvolili nejen v\u00a0Plze\u0148sk\u00e9m kraji. Mus\u00edme naj\u00edt dev\u011bt state\u010dn\u00fdch. Byl film Sedm state\u010dn\u00fdch, pot\u0159ebujeme naj\u00edt dev\u011bt state\u010dn\u00fdch, aby skon\u010dila tato hr\u016fzovl\u00e1da!\u201c<\/em><\/p>\n<p>Dev\u011bt state\u010dn\u00fdch se nena\u0161lo, v\u00fdzva k\u00a0hlasov\u00e1n\u00ed v\u00a0z\u00e1jmu ob\u010dan\u016f nena\u0161la na vl\u00e1dn\u00ed stran\u011b \u017e\u00e1dnou podporu. Konec hr\u016fzovl\u00e1dy je\u0161t\u011b nep\u0159i\u0161el. Ale zapla\u0165p\u00e1mbu, \u017ee se o n\u011bm aspo\u0148 mluv\u00ed.<\/p>\n<p><em><strong>Pozn\u00e1mka:<\/strong> Slovo starosta poch\u00e1z\u00ed z v\u00fdrazu starati se a bylo p\u016fvodn\u011b rodu \u017eensk\u00e9ho. U star\u00fdch Slovan\u016f byli starostov\u00e9 spr\u00e1vci spole\u010dn\u00e9ho majetku rodu. Starosta\u00a0 nyn\u00ed je ch\u00e1p\u00e1n jako nejvy\u0161\u0161\u00ed p\u0159edstavitel obecn\u00ed spr\u00e1vy ve m\u011bst\u011b nebo v obci.<\/em><\/p>\n<p><a href=\"https:\/\/vasevec.info\/domaci-politika\/starostove-proti-starostum\">Zbyn\u011bk Fiala<\/a><\/p>\n<p><img decoding=\"async\" loading=\"lazy\" class=\"alignnone size-medium wp-image-18520\" src=\"http:\/\/www.infokuryr.cz\/n\/wp-content\/uploads\/2022\/11\/zbynek-fiala-300x208.jpg\" alt=\"\" width=\"300\" height=\"208\" srcset=\"https:\/\/www.infokuryr.cz\/n\/wp-content\/uploads\/2022\/11\/zbynek-fiala-300x208.jpg 300w, https:\/\/www.infokuryr.cz\/n\/wp-content\/uploads\/2022\/11\/zbynek-fiala.jpg 318w\" sizes=\"(max-width: 300px) 100vw, 300px\" \/><\/p>\n<p>&nbsp;<\/p>\n<p>&nbsp;<\/p>\n<p>&nbsp;<\/p>\n","protected":false},"excerpt":{"rendered":"<p>Jedn\u00e1n\u00ed o ned\u016fv\u011b\u0159e vl\u00e1d\u011b voln\u011b nav\u00e1zalo na debatu o konsolida\u010dn\u00edm bal\u00ed\u010dku, kter\u00fd byl protla\u010den, jak&#8230;<\/p>\n","protected":false},"author":2,"featured_media":11798,"comment_status":"closed","ping_status":"closed","sticky":false,"template":"","format":"standard","meta":[],"categories":[6],"tags":[29,122,424,2677],"_links":{"self":[{"href":"https:\/\/www.infokuryr.cz\/n\/wp-json\/wp\/v2\/posts\/38481"}],"collection":[{"href":"https:\/\/www.infokuryr.cz\/n\/wp-json\/wp\/v2\/posts"}],"about":[{"href":"https:\/\/www.infokuryr.cz\/n\/wp-json\/wp\/v2\/types\/post"}],"author":[{"embeddable":true,"href":"https:\/\/www.infokuryr.cz\/n\/wp-json\/wp\/v2\/users\/2"}],"replies":[{"embeddable":true,"href":"https:\/\/www.infokuryr.cz\/n\/wp-json\/wp\/v2\/comments?post=38481"}],"version-history":[{"count":0,"href":"https:\/\/www.infokuryr.cz\/n\/wp-json\/wp\/v2\/posts\/38481\/revisions"}],"wp:featuredmedia":[{"embeddable":true,"href":"https:\/\/www.infokuryr.cz\/n\/wp-json\/wp\/v2\/media\/11798"}],"wp:attachment":[{"href":"https:\/\/www.infokuryr.cz\/n\/wp-json\/wp\/v2\/media?parent=38481"}],"wp:term":[{"taxonomy":"category","embeddable":true,"href":"https:\/\/www.infokuryr.cz\/n\/wp-json\/wp\/v2\/categories?post=38481"},{"taxonomy":"post_tag","embeddable":true,"href":"https:\/\/www.infokuryr.cz\/n\/wp-json\/wp\/v2\/tags?post=38481"}],"curies":[{"name":"wp","href":"https:\/\/api.w.org\/{rel}","templated":true}]}}