{"id":38467,"date":"2023-10-19T01:08:27","date_gmt":"2023-10-18T23:08:27","guid":{"rendered":"http:\/\/www.infokuryr.cz\/n\/?p=38467"},"modified":"2023-10-18T16:27:03","modified_gmt":"2023-10-18T14:27:03","slug":"zmatena-letistni-show-v-tel-avivu-nemecka-delegace-si-lehne-pred-plne-natankovane-letadlo","status":"publish","type":"post","link":"https:\/\/www.infokuryr.cz\/n\/2023\/10\/19\/zmatena-letistni-show-v-tel-avivu-nemecka-delegace-si-lehne-pred-plne-natankovane-letadlo\/","title":{"rendered":"Zmaten\u00e1 leti\u0161tn\u00ed show v Tel Avivu: N\u011bmeck\u00e1 delegace si lehne p\u0159ed pln\u011b natankovan\u00e9 letadlo"},"content":{"rendered":"<div id=\"fb-root\"><\/div>\n<p><strong>Jak\u00e9 m\u016f\u017ee b\u00fdt pozad\u00ed bizarn\u00ed show na leti\u0161ti v Tel Avivu?\u00a0Cht\u011bli Izraelci sv\u011btu uk\u00e1zat, jak m\u00e1lo rozumu N\u011bmci maj\u00ed \u2013 nebo je cht\u011bli vid\u011bt le\u017eet v prachu?\u00a0Kv\u016fli leteck\u00e9mu poplachu byli N\u011bmci po\u017e\u00e1d\u00e1ni, aby vystoupili z letadla a <span style=\"color: #ff0000;\">lehli si na zem p\u0159ed pln\u011b natankovan\u00e9 letadlo<\/span>. Na pozad\u00ed je vid\u011bt, jak pokra\u010duje b\u011b\u017en\u00fd odletov\u00fd program na jin\u00fdch letadlech.\u00a0A \u0159ada \u010dlen\u016f delegace m\u011bla \u010das na selfie, ARD akci nato\u010dila.<\/strong><\/p>\n<p>\u201eOlaf v nebezpe\u010d\u00ed\u201c \u2013 mo\u017en\u00e1 nov\u00fd form\u00e1t n\u011bmeck\u00e9ho d\u011btsk\u00e9ho kan\u00e1lu?\u00a0To, co se v\u010dera v noci stalo na leti\u0161ti v Tel Avivu, se vymyk\u00e1 popisu.\u00a0Je t\u011b\u017ek\u00e9 vyj\u00e1d\u0159it slovy, jak neuv\u011b\u0159iteln\u011b hloup\u00ed mus\u00edte b\u00fdt, abyste si v podstat\u011b lehli pod pln\u011b natankovan\u00e9 letadlo, zat\u00edmco se \u00fadajn\u011b spou\u0161t\u00ed raketov\u00fd poplach.\u00a0Mo\u017en\u00e1 je to proto, \u017ee n\u011bkter\u00fdm N\u011bmc\u016fm prost\u011b mus\u00ed b\u00fdt d\u00e1ny rozkazy. Nebudou pochybovat o tom, co d\u011blaj\u00ed, ale poslechnou.<\/p>\n<p>Na n\u00e1sleduj\u00edc\u00edm obr\u00e1zku, kter\u00fd na Twitteru distribuoval Gerald Markel, m\u016f\u017eete vid\u011bt, jak \u017eivot na leti\u0161ti pokra\u010duje za n\u011bmeckou delegac\u00ed le\u017e\u00edc\u00ed na zemi, jako by se nic nestalo.\u00a0Lid\u00e9 nastupuj\u00ed do jin\u00e9ho letadla bez jak\u00e9koli paniky.\u00a0Je jasn\u00e9, \u017ee na otev\u0159en\u00e9 leti\u0161tn\u00ed plo\u0161e by to bylo v p\u0159\u00edpad\u011b skute\u010dn\u00e9ho \u00fatoku extr\u00e9mn\u011b nebezpe\u010dn\u00e9.\u00a0Toto nebezpe\u010d\u00ed v\u00e1m ale nehroz\u00ed, pokud le\u017e\u00edte na zemi p\u0159ed letadlem s plnou n\u00e1dr\u017e\u00ed \u2013 ve skute\u010dnosti je to zdaleka ta nejhloup\u011bj\u0161\u00ed v\u011bc, kterou m\u016f\u017eete v takov\u00e9 situaci ud\u011blat.<\/p>\n<p>N\u00ed\u017ee je p\u0159\u00edsp\u011bvek, kter\u00fd incident dokumentuje jako video.\u00a0U\u017eivatel Twitteru to komentoval slovy \u201eherec\u2026\u201c.\u00a0Toto hodnocen\u00ed nelze zcela odm\u00edtnout.<\/p>\n<figure class=\"wp-block-embed is-type-rich is-provider-twitter wp-block-embed-twitter\">\n<div class=\"wp-block-embed__wrapper\">\n<div class=\"twitter-tweet twitter-tweet-rendered\"><iframe id=\"twitter-widget-0\" class=\"\" title=\"Twitter Tweet\" src=\"https:\/\/platform.twitter.com\/embed\/Tweet.html?dnt=true&amp;embedId=twitter-widget-0&amp;features=eyJ0ZndfdGltZWxpbmVfbGlzdCI6eyJidWNrZXQiOltdLCJ2ZXJzaW9uIjpudWxsfSwidGZ3X2ZvbGxvd2VyX2NvdW50X3N1bnNldCI6eyJidWNrZXQiOnRydWUsInZlcnNpb24iOm51bGx9LCJ0ZndfdHdlZXRfZWRpdF9iYWNrZW5kIjp7ImJ1Y2tldCI6Im9uIiwidmVyc2lvbiI6bnVsbH0sInRmd19yZWZzcmNfc2Vzc2lvbiI6eyJidWNrZXQiOiJvbiIsInZlcnNpb24iOm51bGx9LCJ0ZndfZm9zbnJfc29mdF9pbnRlcnZlbnRpb25zX2VuYWJsZWQiOnsiYnVja2V0Ijoib24iLCJ2ZXJzaW9uIjpudWxsfSwidGZ3X21peGVkX21lZGlhXzE1ODk3Ijp7ImJ1Y2tldCI6InRyZWF0bWVudCIsInZlcnNpb24iOm51bGx9LCJ0ZndfZXhwZXJpbWVudHNfY29va2llX2V4cGlyYXRpb24iOnsiYnVja2V0IjoxMjA5NjAwLCJ2ZXJzaW9uIjpudWxsfSwidGZ3X3Nob3dfYmlyZHdhdGNoX3Bpdm90c19lbmFibGVkIjp7ImJ1Y2tldCI6Im9uIiwidmVyc2lvbiI6bnVsbH0sInRmd19kdXBsaWNhdGVfc2NyaWJlc190b19zZXR0aW5ncyI6eyJidWNrZXQiOiJvbiIsInZlcnNpb24iOm51bGx9LCJ0ZndfdXNlX3Byb2ZpbGVfaW1hZ2Vfc2hhcGVfZW5hYmxlZCI6eyJidWNrZXQiOiJvbiIsInZlcnNpb24iOm51bGx9LCJ0ZndfdmlkZW9faGxzX2R5bmFtaWNfbWFuaWZlc3RzXzE1MDgyIjp7ImJ1Y2tldCI6InRydWVfYml0cmF0ZSIsInZlcnNpb24iOm51bGx9LCJ0ZndfbGVnYWN5X3RpbWVsaW5lX3N1bnNldCI6eyJidWNrZXQiOnRydWUsInZlcnNpb24iOm51bGx9LCJ0ZndfdHdlZXRfZWRpdF9mcm9udGVuZCI6eyJidWNrZXQiOiJvbiIsInZlcnNpb24iOm51bGx9fQ%3D%3D&amp;frame=false&amp;hideCard=false&amp;hideThread=false&amp;id=1714530470623371282&amp;lang=cs&amp;origin=https%3A%2F%2Freport24.news%2Fwirre-flughafen-show-in-tel-aviv-deutsche-delegation-legt-sich-vor-vollgetanktes-flugzeug%2F&amp;sessionId=cc9aa610f3137d43777f78d9adef73269d4fa863&amp;theme=light&amp;widgetsVersion=01917f4d1d4cb%3A1696883169554&amp;width=550px\" frameborder=\"0\" scrolling=\"no\" allowfullscreen=\"allowfullscreen\" data-tweet-id=\"1714530470623371282\" data-mce-fragment=\"1\"><\/iframe><\/div>\n<\/div><figcaption class=\"wp-element-caption\">Zat\u00edmco politici a jejich podp\u016frn\u00fd t\u00fdm le\u017e\u00ed v prachu, oni maj\u00ed pln\u00e9 ruce pr\u00e1ce s nat\u00e1\u010den\u00edm a focen\u00edm.\u00a0Uprost\u0159ed \u00fadajn\u00e9ho nebezpe\u010d\u00ed smrti a strachu ze smrti bylo tak\u00e9 dost \u010dasu na selfie.\u00a0Vznik\u00e1 dojem, \u017ee N\u011bmce si Izraelci opravdu vzali na pa\u0161k\u00e1l \u2013 nebo se pokusili p\u0159ipravit pro n\u011bmeckou ve\u0159ejnost show srovnatelnou s bunker show na Ukrajin\u011b.<\/figcaption><\/figure>\n<figure class=\"wp-block-image size-full\"><img decoding=\"async\" loading=\"lazy\" class=\"wp-image-106088 lazyloaded aligncenter\" src=\"https:\/\/report24.news\/wp-content\/uploads\/2023\/10\/image-10.png\" sizes=\"(max-width: 629px) 100vw, 629px\" srcset=\"https:\/\/report24.news\/wp-content\/uploads\/2023\/10\/image-10.png 629w, https:\/\/report24.news\/wp-content\/uploads\/2023\/10\/image-10-600x362.png 600w\" alt=\"\" width=\"629\" height=\"380\" data-srcset=\"https:\/\/report24.news\/wp-content\/uploads\/2023\/10\/image-10.png 629w, https:\/\/report24.news\/wp-content\/uploads\/2023\/10\/image-10-600x362.png 600w\" data-src=\"https:\/\/report24.news\/wp-content\/uploads\/2023\/10\/image-10.png\" \/><figcaption class=\"wp-element-caption\"><em>Zdroj obr\u00e1zku Twitter, citace obr\u00e1zku pro \u00fa\u010dely pod\u00e1v\u00e1n\u00ed zpr\u00e1v o t\u00e9to z\u00e1le\u017eitosti.<\/em><\/figcaption><\/figure>\n<figure class=\"wp-block-image size-full\"><img decoding=\"async\" loading=\"lazy\" class=\"wp-image-106089 lazyloaded aligncenter\" src=\"https:\/\/report24.news\/wp-content\/uploads\/2023\/10\/image-11.png\" alt=\"\" width=\"423\" height=\"489\" data-src=\"https:\/\/report24.news\/wp-content\/uploads\/2023\/10\/image-11.png\" \/><figcaption class=\"wp-element-caption\"><em>Zdroj obr\u00e1zku Twitter, citace obr\u00e1zku pro \u00fa\u010dely pod\u00e1v\u00e1n\u00ed zpr\u00e1v o t\u00e9to z\u00e1le\u017eitosti.<\/em><\/figcaption><\/figure>\n<figure class=\"wp-block-image size-full\"><img decoding=\"async\" loading=\"lazy\" class=\"wp-image-106090 lazyloaded aligncenter\" src=\"https:\/\/report24.news\/wp-content\/uploads\/2023\/10\/image-12.png\" sizes=\"(max-width: 1099px) 100vw, 1099px\" srcset=\"https:\/\/report24.news\/wp-content\/uploads\/2023\/10\/image-12.png 1099w, https:\/\/report24.news\/wp-content\/uploads\/2023\/10\/image-12-768x470.png 768w, https:\/\/report24.news\/wp-content\/uploads\/2023\/10\/image-12-600x367.png 600w\" alt=\"\" width=\"1022\" height=\"626\" data-srcset=\"https:\/\/report24.news\/wp-content\/uploads\/2023\/10\/image-12.png 1099w, https:\/\/report24.news\/wp-content\/uploads\/2023\/10\/image-12-768x470.png 768w, https:\/\/report24.news\/wp-content\/uploads\/2023\/10\/image-12-600x367.png 600w\" data-src=\"https:\/\/report24.news\/wp-content\/uploads\/2023\/10\/image-12.png\" \/><figcaption class=\"wp-element-caption\"><em><em>Zdroj obr\u00e1zku Twitter, citace obr\u00e1zku pro \u00fa\u010dely pod\u00e1v\u00e1n\u00ed zpr\u00e1v o t\u00e9to z\u00e1le\u017eitosti.<br \/>\n______________________<br \/>\n<\/em><\/em>Koment\u00e1\u0159 od Williho Hubera<\/p>\n<\/figcaption><\/figure>\n<p>&nbsp;<\/p>\n<figure class=\"wp-block-image size-full\"><figcaption class=\"wp-element-caption\"><a href=\"https:\/\/stranapro.cz\/\"><img decoding=\"async\" loading=\"lazy\" class=\"wp-image-30218 aligncenter\" src=\"http:\/\/www.infokuryr.cz\/n\/wp-content\/uploads\/2023\/06\/PRO-banner-300x36.png\" alt=\"\" width=\"1308\" height=\"157\" srcset=\"https:\/\/www.infokuryr.cz\/n\/wp-content\/uploads\/2023\/06\/PRO-banner-300x36.png 300w, https:\/\/www.infokuryr.cz\/n\/wp-content\/uploads\/2023\/06\/PRO-banner-768x93.png 768w, https:\/\/www.infokuryr.cz\/n\/wp-content\/uploads\/2023\/06\/PRO-banner.png 849w\" sizes=\"(max-width: 1308px) 100vw, 1308px\" \/><\/a><\/p>\n<p>&nbsp;<\/p>\n<\/figcaption><\/figure>\n","protected":false},"excerpt":{"rendered":"<p>Jak\u00e9 m\u016f\u017ee b\u00fdt pozad\u00ed bizarn\u00ed show na leti\u0161ti v Tel Avivu?\u00a0Cht\u011bli Izraelci sv\u011btu uk\u00e1zat, jak&#8230;<\/p>\n","protected":false},"author":2,"featured_media":38468,"comment_status":"closed","ping_status":"closed","sticky":false,"template":"","format":"standard","meta":[],"categories":[7],"tags":[806,3203,429],"_links":{"self":[{"href":"https:\/\/www.infokuryr.cz\/n\/wp-json\/wp\/v2\/posts\/38467"}],"collection":[{"href":"https:\/\/www.infokuryr.cz\/n\/wp-json\/wp\/v2\/posts"}],"about":[{"href":"https:\/\/www.infokuryr.cz\/n\/wp-json\/wp\/v2\/types\/post"}],"author":[{"embeddable":true,"href":"https:\/\/www.infokuryr.cz\/n\/wp-json\/wp\/v2\/users\/2"}],"replies":[{"embeddable":true,"href":"https:\/\/www.infokuryr.cz\/n\/wp-json\/wp\/v2\/comments?post=38467"}],"version-history":[{"count":1,"href":"https:\/\/www.infokuryr.cz\/n\/wp-json\/wp\/v2\/posts\/38467\/revisions"}],"predecessor-version":[{"id":38469,"href":"https:\/\/www.infokuryr.cz\/n\/wp-json\/wp\/v2\/posts\/38467\/revisions\/38469"}],"wp:featuredmedia":[{"embeddable":true,"href":"https:\/\/www.infokuryr.cz\/n\/wp-json\/wp\/v2\/media\/38468"}],"wp:attachment":[{"href":"https:\/\/www.infokuryr.cz\/n\/wp-json\/wp\/v2\/media?parent=38467"}],"wp:term":[{"taxonomy":"category","embeddable":true,"href":"https:\/\/www.infokuryr.cz\/n\/wp-json\/wp\/v2\/categories?post=38467"},{"taxonomy":"post_tag","embeddable":true,"href":"https:\/\/www.infokuryr.cz\/n\/wp-json\/wp\/v2\/tags?post=38467"}],"curies":[{"name":"wp","href":"https:\/\/api.w.org\/{rel}","templated":true}]}}