{"id":3846,"date":"2021-08-05T18:14:24","date_gmt":"2021-08-05T16:14:24","guid":{"rendered":"http:\/\/www.infokuryr.cz\/n\/?p=3846"},"modified":"2021-08-05T18:14:24","modified_gmt":"2021-08-05T16:14:24","slug":"na-severozapade-ruska-bylo-nalezeno-hromadne-pohrebiste-veznu-finskych-koncentracnich-taboru","status":"publish","type":"post","link":"https:\/\/www.infokuryr.cz\/n\/2021\/08\/05\/na-severozapade-ruska-bylo-nalezeno-hromadne-pohrebiste-veznu-finskych-koncentracnich-taboru\/","title":{"rendered":"Na severoz\u00e1pad\u011b Ruska bylo nalezeno hromadn\u00e9 poh\u0159ebi\u0161t\u011b v\u011bz\u0148\u016f finsk\u00fdch koncentra\u010dn\u00edch t\u00e1bor\u016f"},"content":{"rendered":"<div id=\"fb-root\"><\/div>\n<p><strong>V\u011bdci v r\u00e1mci projektu Bez proml\u010dec\u00ed lh\u016fty objevili v Karelsk\u00e9 republice v Rusku poh\u0159ebi\u0161t\u011b v\u011bz\u0148\u016f koncentra\u010dn\u00edch t\u00e1bor\u016f, kter\u00e9 na tomto \u00fazem\u00ed vytvo\u0159ili fin\u0161t\u00ed okupanti b\u011bhem 2. sv\u011btov\u00e9 v\u00e1lky. M\u00e9di\u00edm to ozn\u00e1mil vedouc\u00ed p\u00e1trac\u00edho odd\u011blen\u00ed opera\u010dn\u00ed skupiny Olonets Oleg Leva\u0161ov.<\/strong><\/p>\n<p>\u201eJi\u017e byly nalezeny poz\u016fstatky t\u011bl \u00fadajn\u011b dvou \u017een, jedn\u00e9 asi 16let\u00e9, s prost\u0159elenou hlavou,\u201c \u0159ekl.<\/p>\n<p>Podle archivn\u00edch dokument\u016f se toto m\u00edsto nach\u00e1z\u00ed na k\u0159i\u017eovatce silnic vedouc\u00edch ke t\u0159em\u00a0koncentra\u010dn\u00edm t\u00e1bor\u016fm\u00a0v oblasti m\u011bsta Olonets. Celkov\u00fd po\u010det ob\u011bt\u00ed t\u011bchto t\u00e1bor\u016f je v\u00edce ne\u017e osm tis\u00edc civilist\u016f.<\/p>\n<p>V roce 2020 se b\u011blorusk\u00e1 organizace pro mladistv\u00e9 v\u011bzn\u011b obr\u00e1tila na spr\u00e1vu okresu Olonets s \u017e\u00e1dost\u00ed, aby zv\u011b\u010dnila pam\u00e1tku 88 b\u011blorusk\u00fdch v\u011bz\u0148\u016f finsk\u00fdch koncentra\u010dn\u00edch t\u00e1bor\u016f. Jejich toto\u017enost byla stanovena b\u011bhem archivn\u00edch prac\u00ed a na z\u00e1klad\u011b vzpom\u00ednek o\u010dit\u00fdch sv\u011bdk\u016f trag\u00e9die.<\/p>\n<p>\u201eHromadn\u00fd hrob objevily vyhled\u00e1va\u010di na z\u00e1klad\u011b vzpom\u00ednek m\u00edstn\u00edho obyvatele obce Iljinskij,\u201c dodal Leva\u0161ov.<\/p>\n<p>Okres Olonets byl obsazen finsk\u00fdmi vojsky v polovin\u011b podzimu v roce 1941. \u00dato\u010dn\u00edci tam z\u0159\u00eddili n\u011bkolik t\u00e1bor\u016f, v\u010detn\u011b obce Ilyinskij.<\/p>\n<p>Celkem bylo v letech 1941-1944 na \u00fazem\u00ed ovl\u00e1dan\u00e9m Finy tehdej\u0161\u00ed Karelofinsk\u00e9 SSR v letech 1941-1944 vytvo\u0159eno n\u011bkolik des\u00edtek center pro \u201enen\u00e1rodn\u00ed\u201c civiln\u00ed obyvatelstvo. Na za\u010d\u00e1tku dubna 1942 v nich bylo\u00a0<strong>asi 24 tis\u00edc lid\u00ed<\/strong>\u00a0&#8211; asi 30 % populace v okupa\u010dn\u00ed z\u00f3n\u011b.<\/p>\n<p>V t\u00e1borech podle \u00fadaj\u016f z odtajn\u011bn\u00fdch archiv\u016f byli hlavn\u011b Rusov\u00e9, B\u011blorusov\u00e9 a\u00a0Ukrajinci.<\/p>\n<p><iframe loading=\"lazy\" title=\"Na severoz\u00e1pad\u011b Ruska bylo nalezeno hromadn\u00e9 poh\u0159ebi\u0161t\u011b v\u011bz\u0148\u016f finsk\u00fdch koncentra\u010dn\u00edch t\u00e1bor\u016f\" width=\"640\" height=\"360\" src=\"https:\/\/www.youtube.com\/embed\/paIKoqc7nXs?feature=oembed\" frameborder=\"0\" allow=\"accelerometer; autoplay; clipboard-write; encrypted-media; gyroscope; picture-in-picture\" allowfullscreen><\/iframe><\/p>\n<p><a href=\"https:\/\/cz.sputniknews.com\/20210805\/na-severozapade-ruska-bylo-nalezeno-hromadne-pohrebiste-veznu-finskych-koncentracnich-taboru-video-15385184.html\">ZDROJ<\/a><\/p>\n<p>&nbsp;<\/p>\n","protected":false},"excerpt":{"rendered":"<p>V\u011bdci v r\u00e1mci projektu Bez proml\u010dec\u00ed lh\u016fty objevili v Karelsk\u00e9 republice v Rusku poh\u0159ebi\u0161t\u011b v\u011bz\u0148\u016f&#8230;<\/p>\n","protected":false},"author":2,"featured_media":3847,"comment_status":"closed","ping_status":"closed","sticky":false,"template":"","format":"standard","meta":[],"categories":[7],"tags":[113,675,999,22],"_links":{"self":[{"href":"https:\/\/www.infokuryr.cz\/n\/wp-json\/wp\/v2\/posts\/3846"}],"collection":[{"href":"https:\/\/www.infokuryr.cz\/n\/wp-json\/wp\/v2\/posts"}],"about":[{"href":"https:\/\/www.infokuryr.cz\/n\/wp-json\/wp\/v2\/types\/post"}],"author":[{"embeddable":true,"href":"https:\/\/www.infokuryr.cz\/n\/wp-json\/wp\/v2\/users\/2"}],"replies":[{"embeddable":true,"href":"https:\/\/www.infokuryr.cz\/n\/wp-json\/wp\/v2\/comments?post=3846"}],"version-history":[{"count":0,"href":"https:\/\/www.infokuryr.cz\/n\/wp-json\/wp\/v2\/posts\/3846\/revisions"}],"wp:featuredmedia":[{"embeddable":true,"href":"https:\/\/www.infokuryr.cz\/n\/wp-json\/wp\/v2\/media\/3847"}],"wp:attachment":[{"href":"https:\/\/www.infokuryr.cz\/n\/wp-json\/wp\/v2\/media?parent=3846"}],"wp:term":[{"taxonomy":"category","embeddable":true,"href":"https:\/\/www.infokuryr.cz\/n\/wp-json\/wp\/v2\/categories?post=3846"},{"taxonomy":"post_tag","embeddable":true,"href":"https:\/\/www.infokuryr.cz\/n\/wp-json\/wp\/v2\/tags?post=3846"}],"curies":[{"name":"wp","href":"https:\/\/api.w.org\/{rel}","templated":true}]}}