{"id":38452,"date":"2023-10-19T01:00:14","date_gmt":"2023-10-18T23:00:14","guid":{"rendered":"http:\/\/www.infokuryr.cz\/n\/?p=38452"},"modified":"2023-10-18T14:37:51","modified_gmt":"2023-10-18T12:37:51","slug":"podivejme-se-na-nektere-skutecne-zlociny-spachane-prezidenty","status":"publish","type":"post","link":"https:\/\/www.infokuryr.cz\/n\/2023\/10\/19\/podivejme-se-na-nektere-skutecne-zlociny-spachane-prezidenty\/","title":{"rendered":"Pod\u00edvejme se na n\u011bkter\u00e9 skute\u010dn\u00e9 zlo\u010diny sp\u00e1chan\u00e9 prezidenty"},"content":{"rendered":"<div id=\"fb-root\"><\/div>\n<div class=\"elementor-element elementor-element-1fb4c2c elementor-widget elementor-widget-theme-post-content\" data-id=\"1fb4c2c\" data-element_type=\"widget\" data-widget_type=\"theme-post-content.default\">\n<div class=\"elementor-widget-container\">\n<p><strong><span>B\u00fdval\u00fd prezident Donald Trump \u010del\u00ed devades\u00e1ti jedna obvin\u011bn\u00edm z trestn\u00e9ho \u010dinu, kdy\u017e se v roce 2024 pokou\u0161\u00ed dob\u00fdt zp\u011bt B\u00edl\u00fd d\u016fm<\/span><\/strong><span>\u00a0.\u00a0Obvin\u011bn\u00ed jsou nejnov\u011bj\u0161\u00ed bitvou ve zhruba \u0161estilet\u00e9 k\u0159\u00ed\u017eov\u00e9 v\u00fdprav\u011b proti Trumpovi, kter\u00e1 se ho nejprve sna\u017eila zbavit moci prost\u0159ednictv\u00edm dvac\u00e1t\u00e9ho p\u00e1t\u00e9ho dodatku, pot\u00e9 obvin\u011bn\u00ed ze \u0161pion\u00e1\u017ee a impeachmentu, a nyn\u00ed m\u00e1 za c\u00edl zabr\u00e1nit tomu, aby se znovu stal prezidentem.\u00a0Mantra, kterou sl\u00fdch\u00e1me od politik\u016f a m\u00e9di\u00ed, kte\u0159\u00ed tyto snahy podporuj\u00ed, je, \u017ee nikdo nestoj\u00ed nad z\u00e1konem.<\/span><\/p>\n<p><span>Ale existuje cel\u00e1 t\u0159\u00edda lid\u00ed, kte\u0159\u00ed jsou nad z\u00e1konem.\u00a0Nebo alespo\u0148 kte\u0159\u00ed jednaj\u00ed, jako by byli nad z\u00e1konem \u2013 politick\u00e1 t\u0159\u00edda.\u00a0Pokrytectv\u00ed jejich snahy usv\u011bd\u010dit Trumpa a zabr\u00e1nit mu znovu zast\u00e1vat \u00fa\u0159ad ukazuje, \u017ee jejich motivace jsou \u010dist\u011b politick\u00e9 a nevypl\u00fdvaj\u00ed ze z\u00e1vazku k vy\u0161\u0161\u00edmu mor\u00e1ln\u00edmu nebo pr\u00e1vn\u00edmu principu.<\/span><\/p>\n<p><span>Z\u00e1padn\u00ed pr\u00e1vn\u00ed filozofii lze rozd\u011blit do dvou hlavn\u00edch my\u0161lenkov\u00fdch sm\u011br\u016f.\u00a0Jsou to teorie p\u0159irozen\u00e9ho pr\u00e1va a pr\u00e1vn\u00ed pozitivismus.\u00a0Teorie p\u0159irozen\u00e9ho pr\u00e1va tvrd\u00ed, \u017ee pr\u00e1vo existuje nez\u00e1visle na dikt\u00e1tu st\u00e1t\u016f.\u00a0Z\u00e1kon vych\u00e1z\u00ed z p\u0159\u00edrody a plat\u00ed pro v\u0161echny lidi.\u00a0Jednodu\u0161e \u0159e\u010deno, teoretici p\u0159irozen\u00e9ho pr\u00e1va tvrd\u00ed, \u017ee zlo\u010din je zlo\u010din bez ohledu na to, co \u0159\u00edk\u00e1 st\u00e1t.\u00a0To \u010din\u00ed nap\u0159\u00edklad \u00famysln\u00e9 zabit\u00ed jin\u00e9 lidsk\u00e9 bytosti vra\u017edou, i kdy\u017e se tak d\u011bje s po\u017eehn\u00e1n\u00edm vl\u00e1dn\u00edch \u00fa\u0159edn\u00edk\u016f.<\/span><\/p>\n<p><span>Mnoho libertari\u00e1n\u016f, jako Murray Rothbard, ospravedl\u0148uje sv\u00e9 mor\u00e1ln\u00ed odm\u00edtnut\u00ed st\u00e1tn\u00ed moci citov\u00e1n\u00edm p\u0159irozen\u00e9ho pr\u00e1va.\u00a0Neexistuje \u017e\u00e1dn\u00fd zvl\u00e1\u0161tn\u00ed status, kter\u00fd by n\u011bkdo mohl dos\u00e1hnout a kter\u00fd by mu umo\u017e\u0148oval p\u00e1chat zlo\u010diny.<\/span><\/p>\n<p><span>P\u0159edstava, \u017ee nikdo, v\u010detn\u011b prezidenta, nestoj\u00ed nad z\u00e1konem, je p\u0159esn\u011b tento pohled.\u00a0Ale ve sv\u00e9m Rothbardov\u011b logick\u00e9m z\u00e1v\u011bru je rovnost p\u0159ed z\u00e1konem pop\u0159en\u00edm politick\u00e9 autority.\u00a0Proto je bizarn\u00ed, aby politick\u00e1 t\u0159\u00edda pou\u017e\u00edvala tento slogan jako protestn\u00ed pok\u0159ik, kdy\u017e ve\u0161ker\u00e9 jejich bohatstv\u00ed, moc a postaven\u00ed jsou zalo\u017eeny na politick\u00fdch privilegi\u00edch.\u00a0A nemohou pr\u00e1vem obvi\u0148ovat Trumpa ze zneu\u017e\u00edv\u00e1n\u00ed sv\u00e9 politick\u00e9 autority, proto\u017ee to nen\u00ed jen Trump.<\/span><\/p>\n<p><span>Politick\u00e1 t\u0159\u00edda preferuje pr\u00e1vn\u00ed pozitivismus, kter\u00fd odd\u011bluje pr\u00e1vo od mor\u00e1lky.\u00a0<\/span><strong><span>Podle pr\u00e1vn\u00edch pozitivist\u016f je z\u00e1kon t\u00edm, co \u0159\u00edk\u00e1 suver\u00e9nn\u00ed politick\u00e1 autorita.\u00a0Mohou existovat spravedliv\u00e9 z\u00e1kony a nespravedliv\u00e9 z\u00e1kony<\/span><\/strong><span>\u00a0.\u00a0Ale z tohoto pohledu jsou platn\u00e9 v\u0161echny z\u00e1kony.\u00a0Pr\u00e1vn\u00ed pozitivismus zakotvuje v\u00fdsadn\u00ed pr\u00e1vn\u00ed postaven\u00ed politick\u00e9 t\u0159\u00eddy ve srovn\u00e1n\u00ed s n\u00e1mi ostatn\u00edmi.<\/span><\/p>\n<p><a href=\"https:\/\/stranapro.cz\/\"><img decoding=\"async\" loading=\"lazy\" class=\"wp-image-30218 aligncenter\" src=\"http:\/\/www.infokuryr.cz\/n\/wp-content\/uploads\/2023\/06\/PRO-banner-300x36.png\" alt=\"\" width=\"1375\" height=\"165\" srcset=\"https:\/\/www.infokuryr.cz\/n\/wp-content\/uploads\/2023\/06\/PRO-banner-300x36.png 300w, https:\/\/www.infokuryr.cz\/n\/wp-content\/uploads\/2023\/06\/PRO-banner-768x93.png 768w, https:\/\/www.infokuryr.cz\/n\/wp-content\/uploads\/2023\/06\/PRO-banner.png 849w\" sizes=\"(max-width: 1375px) 100vw, 1375px\" \/><\/a><\/p>\n<p><span>Zp\u016fsob, jak z\u00edskat Trumpa, proto nen\u00ed uk\u00e1zat, \u017ee ud\u011blal n\u011bco nemor\u00e1ln\u00edho nebo \u0161patn\u00e9ho, \u200b\u200bale dok\u00e1zat, \u017ee technicky poru\u0161il pravidlo stanoven\u00e9 \u010dleny p\u0159edchoz\u00ed politick\u00e9 t\u0159\u00eddy.\u00a0Takto m\u016f\u017ee b\u00fdt vytla\u010den z ve\u0159ejn\u00e9ho \u017eivota, ani\u017e by byla ohro\u017eena autorita re\u017eimu.\u00a0Probl\u00e9m v\u0161ak nen\u00ed naj\u00edt zlo\u010diny sp\u00e1chan\u00e9 Trumpem, ale sp\u00ed\u0161e naj\u00edt zlo\u010diny jedine\u010dn\u00e9 pro Trumpa.\u00a0Proto\u017ee v\u0161ichni p\u0159edchoz\u00ed prezidenti poru\u0161ili z\u00e1kon.<\/span><\/p>\n<p><strong><span>Prezident George H. W. Bush zah\u00e1jil v\u00e1lku proti Ir\u00e1ku bez souhlasu Kongresu<\/span><\/strong><span>\u00a0.\u00a0To je nez\u00e1konn\u00e9 podle \u010dl\u00e1nku 1, odd\u00edlu 8, klauzule 11 \u00fastavy, souboru pravidel, kter\u00fdm Bush p\u0159\u00edsahal.\u00a0Tot\u00e9\u017e ud\u011blal prezident Bill Clinton, kter\u00fd dohl\u00ed\u017eel na neleg\u00e1ln\u00ed vojensk\u00e9 operace v Som\u00e1lsku, Srbsku a Ir\u00e1ku.<\/span><\/p>\n<p><strong><span>Prezident George W. Bush prov\u00e1d\u011bl sledov\u00e1n\u00ed americk\u00fdch ob\u010dan\u016f bez opr\u00e1vn\u011bn\u00ed<\/span><\/strong><span>\u00a0, co\u017e je podle \u010dtvrt\u00e9ho dodatku nez\u00e1konn\u00e9, a mu\u010den\u00ed, kter\u00e9 je zak\u00e1z\u00e1no podle odd\u00edlu 2340A hlavy 18 z\u00e1kon\u00edku Spojen\u00fdch st\u00e1t\u016f americk\u00fdch.\u00a0Jeho vl\u00e1da tak\u00e9 vedla nevyhl\u00e1\u0161en\u00e9 a tud\u00ed\u017e nez\u00e1konn\u00e9 v\u00e1lky v Afgh\u00e1nist\u00e1nu, Som\u00e1lsku a Ir\u00e1ku.<\/span><\/p>\n<p><strong><span>Prezident Barack Obama vedl dal\u0161\u00ed nez\u00e1konn\u00e9 v\u00e1lky v Libyi, S\u00fdrii, P\u00e1kist\u00e1nu, Mali a Jemenu<\/span><\/strong><span>\u00a0.\u00a0V mnoha z t\u011bchto v\u00e1lek Obama roz\u0161\u00ed\u0159il politiku George W. Bushe na podporu al-K\u00e1idy, co\u017e je zrada podle \u010dl\u00e1nku 3, odd\u00edlu 3 \u00fastavy.\u00a0Obama tak\u00e9 na\u0159\u00eddil zabit\u00ed americk\u00e9ho ob\u010dana v Jemenu, kter\u00fd je\u0161t\u011b nebyl ani obvin\u011bn nebo odsouzen za trestn\u00fd \u010din.\u00a0To je podle \u0161est\u00e9ho dodatku nez\u00e1konn\u00e9.<\/span><\/p>\n<p><em><span>Spole\u010dn\u011b tyto nez\u00e1konn\u00e9 v\u00e1lky zabily miliony lid\u00ed<\/span><\/em><span>\u00a0.\u00a0To jsou ohavn\u00e9 zlo\u010diny, kter\u00e9 m\u00e1 na sv\u011bdom\u00ed i Trump.\u00a0Jeho vl\u00e1da pokra\u010duje ve v\u00e1lk\u00e1ch v S\u00fdrii, Ir\u00e1ku, Afgh\u00e1nist\u00e1nu, Som\u00e1lsku a Jemenu, i kdy\u017e prosazuje v\u00edce izolacionistickou zahrani\u010dn\u00ed politiku.\u00a0Za nic z toho v\u0161ak nen\u00ed obvin\u011bn.\u00a0Zlo\u010diny, ze kter\u00fdch je obvin\u011bn, jsou daleko m\u00e9n\u011b z\u00e1va\u017en\u00e9, ale jsou pro Trumpa typi\u010dt\u011bj\u0161\u00ed.<\/span><\/p>\n<p><strong><span>V New Yorku je Trump obvin\u011bn z nespr\u00e1vn\u00e9ho vykazov\u00e1n\u00ed n\u011bkter\u00fdch obchodn\u00edch v\u00fddaj\u016f b\u011bhem voleb v roce 2016<\/span><\/strong><span>\u00a0.\u00a0V Gruzii je obvin\u011bn ze spiknut\u00ed s c\u00edlem zvr\u00e1tit volby, o kter\u00fdch podle \u017ealobc\u016f v\u011bd\u011bl, \u017ee prohr\u00e1l.\u00a0Je feder\u00e1ln\u011b obvin\u011bn z v\u00edt\u011bzstv\u00ed ve volb\u00e1ch, o kter\u00fdch \u00fadajn\u011b v\u011bd\u011bl, \u017ee je prohr\u00e1l, co\u017e podle \u017ealobc\u016f vedlo k povst\u00e1n\u00ed v Kapitolu 6. ledna 2021.\u00a0Je tak\u00e9 obvin\u011bn z \u201eudr\u017eov\u00e1n\u00ed tajn\u00fdch dokument\u016f pot\u00e9, co opustil \u00fa\u0159ad, a z pl\u00e1n\u016f, jak je skr\u00fdt p\u0159ed feder\u00e1ln\u00ed vl\u00e1dou\u201c.<\/span><\/p>\n<p><span>Odm\u00edtnut\u00edm vzn\u00e9st obvin\u011bn\u00ed proti Trumpovi, kter\u00e1 by mohla b\u00fdt vznesena i proti prezident\u016fm, kter\u00e9 maj\u00ed r\u00e1di, politick\u00e1 t\u0159\u00edda uk\u00e1zala, \u017ee jej\u00ed c\u00edle jsou politick\u00e9.\u00a0Pokud by dodr\u017eovali pravidla, kter\u00e1 p\u0159\u00edsahali dodr\u017eovat, museli by st\u00edhat mnoho sv\u00fdch vlastn\u00edch \u010dlen\u016f.\u00a0A kdyby skute\u010dn\u011b v\u011b\u0159ili, \u017ee nikdo nestoj\u00ed nad z\u00e1konem, museli by se toho vzd\u00e1t mnohem v\u00edc.<\/span><\/p>\n<p><em><span>Autor Tyler Durden<\/span><\/em><\/p>\n<\/div>\n<\/div>\n<div class=\"elementor-element elementor-element-8c57238 quelle dc-has-condition dc-condition-empty elementor-widget elementor-widget-heading\" data-id=\"8c57238\" data-element_type=\"widget\" data-widget_type=\"heading.default\">\n<div class=\"elementor-widget-container\">\n<h3 class=\"elementor-heading-title elementor-size-default\"><span style=\"font-size: 8pt;\"><a href=\"https:\/\/www.zerohedge.com\/political\/lets-examine-some-real-crimes-committed-presidents?utm_source=pocket_saves\" target=\"_blank\" rel=\"nofollow noopener\">ZDROJ<\/a><\/span><\/h3>\n<\/div>\n<\/div>\n<p>&nbsp;<\/p>\n<p>&nbsp;<\/p>\n","protected":false},"excerpt":{"rendered":"<p>B\u00fdval\u00fd prezident Donald Trump \u010del\u00ed devades\u00e1ti jedna obvin\u011bn\u00edm z trestn\u00e9ho \u010dinu, kdy\u017e se v roce&#8230;<\/p>\n","protected":false},"author":2,"featured_media":10764,"comment_status":"closed","ping_status":"closed","sticky":false,"template":"","format":"standard","meta":[],"categories":[7],"tags":[369,2091,37],"_links":{"self":[{"href":"https:\/\/www.infokuryr.cz\/n\/wp-json\/wp\/v2\/posts\/38452"}],"collection":[{"href":"https:\/\/www.infokuryr.cz\/n\/wp-json\/wp\/v2\/posts"}],"about":[{"href":"https:\/\/www.infokuryr.cz\/n\/wp-json\/wp\/v2\/types\/post"}],"author":[{"embeddable":true,"href":"https:\/\/www.infokuryr.cz\/n\/wp-json\/wp\/v2\/users\/2"}],"replies":[{"embeddable":true,"href":"https:\/\/www.infokuryr.cz\/n\/wp-json\/wp\/v2\/comments?post=38452"}],"version-history":[{"count":0,"href":"https:\/\/www.infokuryr.cz\/n\/wp-json\/wp\/v2\/posts\/38452\/revisions"}],"wp:featuredmedia":[{"embeddable":true,"href":"https:\/\/www.infokuryr.cz\/n\/wp-json\/wp\/v2\/media\/10764"}],"wp:attachment":[{"href":"https:\/\/www.infokuryr.cz\/n\/wp-json\/wp\/v2\/media?parent=38452"}],"wp:term":[{"taxonomy":"category","embeddable":true,"href":"https:\/\/www.infokuryr.cz\/n\/wp-json\/wp\/v2\/categories?post=38452"},{"taxonomy":"post_tag","embeddable":true,"href":"https:\/\/www.infokuryr.cz\/n\/wp-json\/wp\/v2\/tags?post=38452"}],"curies":[{"name":"wp","href":"https:\/\/api.w.org\/{rel}","templated":true}]}}