{"id":38445,"date":"2023-10-18T07:55:55","date_gmt":"2023-10-18T05:55:55","guid":{"rendered":"http:\/\/www.infokuryr.cz\/n\/?p=38445"},"modified":"2023-10-18T07:55:55","modified_gmt":"2023-10-18T05:55:55","slug":"michael-svatos-obri-ruda-hvezda-antares-vcera-vstoupila-do-konjunkce-s-mesicem-cas-izraele-se-naplnil","status":"publish","type":"post","link":"https:\/\/www.infokuryr.cz\/n\/2023\/10\/18\/michael-svatos-obri-ruda-hvezda-antares-vcera-vstoupila-do-konjunkce-s-mesicem-cas-izraele-se-naplnil\/","title":{"rendered":"Michael Svato\u0161: Ob\u0159\u00ed rud\u00e1 hv\u011bzda Antar\u00e9s v\u010dera vstoupila do konjunkce s M\u011bs\u00edcem! \u010cas Izraele se naplnil&#8230;"},"content":{"rendered":"<div id=\"fb-root\"><\/div>\n<h2 class=\"post-title entry-title\"><span style=\"font-size: 14pt;\">Ob\u0159\u00ed rud\u00e1 hv\u011bzda Antar\u00e9s v\u010dera vstoupila do konjunkce s M\u011bs\u00edcem! \u010cas Izraele se naplnil, ozn\u00e1mil dnes brzy r\u00e1no ir\u00e1nsk\u00fd ministr zahrani\u010d\u00ed, po ohavn\u00e9m masakru tis\u00edc\u016f civilist\u016f v nemocnici Al-Ahli v Gaze! Nejvy\u0161\u0161\u00ed americk\u00fd v\u00e1le\u010dn\u00fd pl\u00e1nova\u010d gener\u00e1l Kurilla dorazil do Tel Avivu! Vypukne snad III. sv\u011btov\u00e1 v\u00e1lka!?<\/span><\/h2>\n<p>V Egypt\u011b byl v\u010dera k pozorov\u00e1n\u00ed mraziv\u00fd astronomick\u00fd \u00fakaz.\u00a0<a href=\"https:\/\/cs.wikipedia.org\/wiki\/Antares\">Ob\u0159\u00ed rud\u00e1 hv\u011bzda Antares<\/a>, kter\u00e1 nese podle arabsk\u00fdch rukopis\u016f sv\u00e9 jm\u00e9no po legend\u00e1rn\u00edm p\u0159edisl\u00e1msk\u00e9m v\u00e1le\u010dn\u00edkovi\u00a0<a href=\"https:\/\/en.wikipedia.org\/wiki\/Antarah_ibn_Shaddad\">Antarah ibn Shaddadovi<\/a>,\u00a0a kter\u00e1 je ze Sahary viditeln\u00e1 \u201cprost\u00fdm zdrav\u00fdm okem\u201d, vstoupila v\u010dera ve\u010der na obloze do kr\u00e1sn\u00e9 konjunkce s m\u011bs\u00edcem. Antar\u00e9s je v\u00e1le\u010dn\u00e1 rud\u00e1 hv\u011bzda. V pov\u011bstech m\u00e1 podobn\u00fd v\u00fdznam jako rud\u00e1 planeta v\u00e1lky Mars! A bohu\u017eel v\u010derej\u0161\u00ed konjunkce Antares s M\u011bs\u00edcem si nemohla vybrat p\u0159\u00edzniv\u011bj\u0161\u00ed dobu! Mezi Izraelem a Muslimy se z\u0159ejm\u011b schyluje k nesmi\u0159iteln\u00e9 v\u00e1lce, do kter\u00e9 se hodlaj\u00ed zapl\u00e9st USA! V\u010dera ve\u010der jsem byl u H\u00e1jka, a\u00a0<a href=\"https:\/\/www.youtube.com\/@protiproudtv8090\">dnes by v 18. hodin m\u011bla b\u00fdt na Protiproudu na\u0161e beseda ze z\u00e1znamu zve\u0159ejn\u011bna<\/a>. Proto dnes jen kr\u00e1tce!<\/p>\n<p>Situace je v\u00e1\u017en\u00e1!<\/p>\n<p>V\u010dera pozd\u011b v noci na\u0161eho \u010dasu, ir\u00e1nsk\u00fd ministr zahrani\u010d\u00ed \u00a0Hossein Amir-Abdollahian, v reakci na d\u011bsiv\u00fd masakr tis\u00edce palestinsk\u00fdch civilist\u016f v k\u0159es\u0165ansk\u00e9 nemocnici\u00a0<span class=\"mw-page-title-main\">Al-Ahli Arab Hospital, su\u0161e v angli\u010dtin\u011b ozn\u00e1mil, \u017ee \u010das st\u00e1tu Izrael vypr\u0161el, (<a href=\"https:\/\/www.elbalad.news\/5963906\"><em>time is up<\/em><\/a>). A dodal: \u00a0<em>Po zlo\u010dinu sp\u00e1chan\u00e9m sionistick\u00fdm re\u017eimem p\u0159i bombardov\u00e1n\u00ed Baptistick\u00e9 nemocnice nastal \u010das pro glob\u00e1ln\u00ed humanit\u00e1rn\u00ed jednotu proti tomuto fale\u0161n\u00e9mu re\u017eimu, kter\u00fd je nen\u00e1vid\u011bn je\u0161t\u011b v\u00edce ne\u017e b\u00fdval\u00fd teroristick\u00fd st\u00e1t ISIS, a jeho vra\u017ed\u011bn\u00ed!\u00a0<\/em>Jeho slova jsou analytiky pova\u017eov\u00e1na za posledn\u00ed varov\u00e1n\u00ed Ir\u00e1nu pro USA, aby zastavily izraelsk\u00e9 bombardov\u00e1n\u00ed civilist\u016f, d\u0159\u00edv ne\u017e bude pozd\u011b!\u00a0<\/span><\/p>\n<p>V\u010dera podle cel\u00e9ho arabsk\u00e9ho tisku Izrael brut\u00e1ln\u011b vybombardoval nemocnici Al-Ahli v p\u00e1smu Gazy. O \u017eivot p\u0159i\u0161lo\u00a0<a href=\"https:\/\/www.elbalad.news\/5963905\">podle posledn\u00edch zpr\u00e1v nejm\u00e9n\u011b 500 civilist\u016f<\/a>, ale nikdo nev\u00ed kolik jich bylo poh\u0159beno pod troskami budovy.<\/p>\n<p>V d\u016fsledku t\u00e9to ohavn\u00e9 akce Jord\u00e1nsko, Egypt, a um\u00edrn\u011bn\u00ed Palestinci zru\u0161ili pl\u00e1novanou sch\u016fzku s prezidentem USA Bidenem v Jord\u00e1nsku, kter\u00e1 se m\u011bla konat bezprost\u0159edn\u011b po Bidenov\u011b n\u00e1v\u0161t\u011bv\u011b v Tel-Avivu! V muslimsk\u00fdch zem\u00edch propukly spont\u00e1nn\u00ed protiamerick\u00e9 bou\u0159e. V Turecku (<a href=\"https:\/\/www.elbalad.news\/5963905\">video<\/a>) demonstranti dokonce napadli a pokusili se vyp\u00e1lit vojenskou radarovou z\u00e1kladnu USA \u2013\u00a0<span class=\"mw-page-title-main\"><a href=\"https:\/\/en.wikipedia.org\/wiki\/K%C3%BCrecik_Radar_Station\">K\u00fcrecik Radar Station<\/a>. Hn\u011bv Arab\u016f a Muslim\u016f rezonuje v\u0161emi jejich m\u00e9dii! Podle izraelsk\u00fdch i arabsk\u00fdch m\u00e9di\u00ed v\u010dera pozd\u011b v noci\u00a0<a href=\"https:\/\/www.elbalad.news\/5963591\">zas\u00e1hli Palestinci raketami izraelsk\u00e9 hlavn\u00ed leti\u0161t\u011b Bena Guriona<\/a>, a na leti\u0161ti vypukl rozs\u00e1hl\u00fd po\u017e\u00e1r! (<a href=\"https:\/\/www.elbalad.news\/5963591\">Foto dole \u2013 zdroj<\/a>)<\/span><\/p>\n<p><img decoding=\"async\" loading=\"lazy\" class=\" wp-image-6427 aligncenter\" src=\"https:\/\/www.michalapetr.com\/wp-content\/uploads\/2023\/10\/195.jpeg\" sizes=\"(max-width: 600px) 100vw, 600px\" srcset=\"https:\/\/www.michalapetr.com\/wp-content\/uploads\/2023\/10\/195.jpeg 600w, https:\/\/www.michalapetr.com\/wp-content\/uploads\/2023\/10\/195-300x169.jpeg 300w, https:\/\/www.michalapetr.com\/wp-content\/uploads\/2023\/10\/195-450x254.jpeg 450w\" alt=\"\" width=\"820\" height=\"462\" \/><\/p>\n<p>Podle arabsk\u00fdch analytik\u016f se na Bl\u00edzk\u00e9m v\u00fdchod\u011b schyluje k velk\u00e9 v\u00e1lce, pokud Biden z\u00edtra p\u0159i n\u00e1v\u0161t\u011bv\u011b v Tel Avivu nezastav\u00ed izraelsk\u00e9 n\u00e1lety proti civilist\u016fm! \u017de v\u00e1lka hroz\u00ed, je jasn\u00e9 hlavn\u011b z n\u00e1hl\u00e9ho p\u0159esunu americk\u00e9ho\u00a0<a href=\"https:\/\/en.wikipedia.org\/wiki\/Michael_Kurilla\">gener\u00e1la Michaela Kurilly<\/a>\u00a0z Washingtonu do Tel Avivu. Kurilla je v americk\u00e9 vojensk\u00e9 hierarchii nejv\u00fd\u0161e postaven\u00e1 osoba, kter\u00e1 m\u00e1 v kompetenci bezprost\u0159edn\u00ed p\u0159\u00edpravu i veden\u00ed v\u00e1le\u010dn\u00fdch operac\u00ed. P\u0159edpokl\u00e1d\u00e1 se, \u017ee Kurilla v Izraeli p\u0159ipravuje konkr\u00e9tn\u00ed formy zapojen\u00ed vojensk\u00fdch sil USA do konfliktu! V\u00e1lka je tedy doslova na spadnut\u00ed! A p\u0159edpokl\u00e1d\u00e1 se, \u017ee vypukne naplno,\u00a0<a href=\"https:\/\/www.aljazeera.com\/news\/2023\/10\/18\/what-can-bidens-israel-visit-accomplish-after-gaza-hospital-bombing\">a\u017e Biden odlet\u00ed z Izraele<\/a>.<\/p>\n<p><a href=\"https:\/\/www.michalapetr.com\/map-1810-obri-ruda-hvezda-antares-vcera-vstoupila-do-konjunkce-s-mesicem-cas-izraele-se-naplnil-oznamil-dnes-brzy-rano-iransky-ministr-zahranici-po-ohavnem-masakru-tisicu-civilistu-v-nemocnici-al-a\/\">Michael Svato\u0161<\/a><\/p>\n<p><img decoding=\"async\" loading=\"lazy\" class=\"alignnone size-full wp-image-27204\" src=\"http:\/\/www.infokuryr.cz\/n\/wp-content\/uploads\/2023\/05\/Michael_Svatos.png\" alt=\"\" width=\"180\" height=\"180\" srcset=\"https:\/\/www.infokuryr.cz\/n\/wp-content\/uploads\/2023\/05\/Michael_Svatos.png 180w, https:\/\/www.infokuryr.cz\/n\/wp-content\/uploads\/2023\/05\/Michael_Svatos-150x150.png 150w\" sizes=\"(max-width: 180px) 100vw, 180px\" \/><\/p>\n<p>&nbsp;<\/p>\n<p><a href=\"https:\/\/stranapro.cz\/\"><img decoding=\"async\" loading=\"lazy\" class=\"wp-image-30218 aligncenter\" src=\"http:\/\/www.infokuryr.cz\/n\/wp-content\/uploads\/2023\/06\/PRO-banner-300x36.png\" alt=\"\" width=\"1375\" height=\"165\" srcset=\"https:\/\/www.infokuryr.cz\/n\/wp-content\/uploads\/2023\/06\/PRO-banner-300x36.png 300w, https:\/\/www.infokuryr.cz\/n\/wp-content\/uploads\/2023\/06\/PRO-banner-768x93.png 768w, https:\/\/www.infokuryr.cz\/n\/wp-content\/uploads\/2023\/06\/PRO-banner.png 849w\" sizes=\"(max-width: 1375px) 100vw, 1375px\" \/><\/a><\/p>\n<p>&nbsp;<\/p>\n<p>&nbsp;<\/p>\n<p>&nbsp;<\/p>\n","protected":false},"excerpt":{"rendered":"<p>Ob\u0159\u00ed rud\u00e1 hv\u011bzda Antar\u00e9s v\u010dera vstoupila do konjunkce s M\u011bs\u00edcem! \u010cas Izraele se naplnil, ozn\u00e1mil&#8230;<\/p>\n","protected":false},"author":2,"featured_media":38446,"comment_status":"closed","ping_status":"closed","sticky":false,"template":"","format":"standard","meta":[],"categories":[6],"tags":[1042,348,107,1083],"_links":{"self":[{"href":"https:\/\/www.infokuryr.cz\/n\/wp-json\/wp\/v2\/posts\/38445"}],"collection":[{"href":"https:\/\/www.infokuryr.cz\/n\/wp-json\/wp\/v2\/posts"}],"about":[{"href":"https:\/\/www.infokuryr.cz\/n\/wp-json\/wp\/v2\/types\/post"}],"author":[{"embeddable":true,"href":"https:\/\/www.infokuryr.cz\/n\/wp-json\/wp\/v2\/users\/2"}],"replies":[{"embeddable":true,"href":"https:\/\/www.infokuryr.cz\/n\/wp-json\/wp\/v2\/comments?post=38445"}],"version-history":[{"count":0,"href":"https:\/\/www.infokuryr.cz\/n\/wp-json\/wp\/v2\/posts\/38445\/revisions"}],"wp:featuredmedia":[{"embeddable":true,"href":"https:\/\/www.infokuryr.cz\/n\/wp-json\/wp\/v2\/media\/38446"}],"wp:attachment":[{"href":"https:\/\/www.infokuryr.cz\/n\/wp-json\/wp\/v2\/media?parent=38445"}],"wp:term":[{"taxonomy":"category","embeddable":true,"href":"https:\/\/www.infokuryr.cz\/n\/wp-json\/wp\/v2\/categories?post=38445"},{"taxonomy":"post_tag","embeddable":true,"href":"https:\/\/www.infokuryr.cz\/n\/wp-json\/wp\/v2\/tags?post=38445"}],"curies":[{"name":"wp","href":"https:\/\/api.w.org\/{rel}","templated":true}]}}