{"id":3844,"date":"2021-08-05T09:24:58","date_gmt":"2021-08-05T07:24:58","guid":{"rendered":"http:\/\/www.infokuryr.cz\/n\/?p=3844"},"modified":"2021-08-05T09:38:46","modified_gmt":"2021-08-05T07:38:46","slug":"odsun-uprchliku-kriminalniku-z-nemecka-do-afganistanu-se-nakonec-konat-nebude","status":"publish","type":"post","link":"https:\/\/www.infokuryr.cz\/n\/2021\/08\/05\/odsun-uprchliku-kriminalniku-z-nemecka-do-afganistanu-se-nakonec-konat-nebude\/","title":{"rendered":"Odsun uprchl\u00edk\u016f krimin\u00e1ln\u00edk\u016f z N\u011bmecka do Afganistanu se nakonec konat nebude&#8230;"},"content":{"rendered":"<div id=\"fb-root\"><\/div>\n<h1 class=\"entry-title\"><span style=\"font-size: 12pt;\">Odsun uprchl\u00edk\u016f krimin\u00e1ln\u00edk\u016f z N\u011bmecka do Afganistanu se nakonec konat nebude. Pr\u00fd by to bylo pro n\u011b moc nebezpe\u010dn\u00e9! Ve skute\u010dnosti je afg\u00e1nsk\u00e1 vl\u00e1da nechce p\u0159ijmout. M\u00e1 je\u0161t\u011b n\u011bkdo pochybnosti o pl\u00e1nu n\u00e1hrady n\u011bmeck\u00fdch goj\u016f muslimy?<\/span><\/h1>\n<p><strong>N\u011bmeck\u00e9 \u00fa\u0159ady pl\u00e1novaly na 10. srpna hromadn\u00fd odsun Afg\u00e1nc\u016f. kte\u0159\u00ed nemaj\u00ed (nebo ho ztratili) n\u00e1rok na azyl v N\u011bmecku.\u00a0<a href=\"https:\/\/jungefreiheit.de\/politik\/deutschland\/2021\/sammelabschiebung-nach-afghanistan-droht-zu-scheitern\/\">K odsunu ale nakonec nedojde<\/a>. Podle n\u011bmeck\u00fdch \u00fa\u0159ad\u016f by to pr\u00fd pro n\u011b bylo p\u0159\u00edli\u0161 nebezpe\u010dn\u00e9, kv\u016fli zhor\u0161en\u00ed bezpe\u010dnostn\u00ed situace po odsunu vojsk NATO.<\/strong><\/p>\n<p>Dal\u0161\u00edm v\u00fdznamn\u00fdm faktorem je, \u017ee<strong>\u00a0afg\u00e1nsk\u00e1 vl\u00e1da odm\u00edt\u00e1 sv\u00e9 vlastn\u00ed ob\u010dany p\u0159ijmout zp\u00e1tky. Ono se vesm\u011bs jedn\u00e1 o t\u011b\u017ek\u00e9 krimin\u00e1ln\u00edky, kte\u0159\u00ed maj\u00ed na sv\u011bdom\u00ed nejenom v\u00e1\u017en\u00e9 trestn\u00e9 \u010diny v N\u011bmecku, ale i doma v Afganist\u00e1nu.\u00a0<\/strong>Nav\u00edc mnoho z nich jsou voj\u00e1ci Talib\u00e1nu, kte\u0159\u00ed ode\u0161li za lep\u0161\u00edm do N\u011bmecka. P\u0159ece jenom je lep\u0161\u00ed br\u00e1t v N\u011bmecku soci\u00e1ln\u00ed d\u00e1vky a kr\u00e1st a zn\u00e1sil\u0148ovat, ne\u017e v\u00e1l\u010dit v Afganist\u00e1nu.<\/p>\n<p>N\u011bmeck\u00fd\u00a0<strong>velvyslanec sice \u0161kemral u afg\u00e1nsk\u00e9 vl\u00e1dy, \u017ee jsou v N\u011bmecku na podzim volby a je tedy pot\u0159eba ud\u011blat gesto pro vyd\u011b\u0161enou n\u011bmeckou ve\u0159ejnost, ale afg\u00e1nskou vl\u00e1du to nezaj\u00edm\u00e1.<\/strong><\/p>\n<p>Ono\u00a0<strong>ani n\u011bmeck\u00e1 vl\u00e1da nem\u00e1 v \u00famyslu skute\u010dn\u011b n\u011bjak\u00e9 uprchl\u00edky krimin\u00e1ln\u00edky ze zem\u011b odsouvat<\/strong>. Pracuje p\u0159ece podle pokyn\u016f glob\u00e1ln\u00ed finan\u010dn\u00ed oligarchie a ta pl\u00e1nuje likvidaci n\u011bmeck\u00e9ho g\u00f3je a jeho n\u00e1hradu muslimy.<\/p>\n<p><a href=\"https:\/\/ceskavec.com\/2021\/08\/odsun-uprchliku-kriminalniku-z-nemecka-do-afganistanu-se-nakonec-konat-nebude-pry-by-to-bylo-pro-ne-moc-nebezpecne-ve-skutecnosti-je-afganska-vlada-nechce-prijmout-ma-jeste-nekdo-pochybnosti-o-plan\">Milan v N\u011bmecku<\/a><\/p>\n<p>&nbsp;<\/p>\n","protected":false},"excerpt":{"rendered":"<p>Odsun uprchl\u00edk\u016f krimin\u00e1ln\u00edk\u016f z N\u011bmecka do Afganistanu se nakonec konat nebude. Pr\u00fd by to bylo&#8230;<\/p>\n","protected":false},"author":2,"featured_media":3845,"comment_status":"closed","ping_status":"closed","sticky":false,"template":"","format":"standard","meta":[],"categories":[7],"tags":[118,84,148],"_links":{"self":[{"href":"https:\/\/www.infokuryr.cz\/n\/wp-json\/wp\/v2\/posts\/3844"}],"collection":[{"href":"https:\/\/www.infokuryr.cz\/n\/wp-json\/wp\/v2\/posts"}],"about":[{"href":"https:\/\/www.infokuryr.cz\/n\/wp-json\/wp\/v2\/types\/post"}],"author":[{"embeddable":true,"href":"https:\/\/www.infokuryr.cz\/n\/wp-json\/wp\/v2\/users\/2"}],"replies":[{"embeddable":true,"href":"https:\/\/www.infokuryr.cz\/n\/wp-json\/wp\/v2\/comments?post=3844"}],"version-history":[{"count":0,"href":"https:\/\/www.infokuryr.cz\/n\/wp-json\/wp\/v2\/posts\/3844\/revisions"}],"wp:featuredmedia":[{"embeddable":true,"href":"https:\/\/www.infokuryr.cz\/n\/wp-json\/wp\/v2\/media\/3845"}],"wp:attachment":[{"href":"https:\/\/www.infokuryr.cz\/n\/wp-json\/wp\/v2\/media?parent=3844"}],"wp:term":[{"taxonomy":"category","embeddable":true,"href":"https:\/\/www.infokuryr.cz\/n\/wp-json\/wp\/v2\/categories?post=3844"},{"taxonomy":"post_tag","embeddable":true,"href":"https:\/\/www.infokuryr.cz\/n\/wp-json\/wp\/v2\/tags?post=3844"}],"curies":[{"name":"wp","href":"https:\/\/api.w.org\/{rel}","templated":true}]}}