{"id":3822,"date":"2021-08-04T04:19:53","date_gmt":"2021-08-04T02:19:53","guid":{"rendered":"http:\/\/www.infokuryr.cz\/n\/?p=3822"},"modified":"2021-08-04T04:19:53","modified_gmt":"2021-08-04T02:19:53","slug":"volebni-koalice-pirati-a-starostove-oficialnimi-partnery-pochodu-prague-pride-spolecne-s-kondomy-primeros-k-volebnimu-vitezstvi","status":"publish","type":"post","link":"https:\/\/www.infokuryr.cz\/n\/2021\/08\/04\/volebni-koalice-pirati-a-starostove-oficialnimi-partnery-pochodu-prague-pride-spolecne-s-kondomy-primeros-k-volebnimu-vitezstvi\/","title":{"rendered":"Volebn\u00ed koalice Pir\u00e1ti a Starostov\u00e9 ofici\u00e1ln\u00edmi partnery pochodu Prague pride. Spole\u010dn\u011b s kondomy Primeros k volebn\u00edmu v\u00edt\u011bzstv\u00ed?!"},"content":{"rendered":"<div id=\"fb-root\"><\/div>\n<p>Volebn\u00ed koalice Pir\u00e1ti a Starostov\u00e9 (STAN) se podle n\u011bkter\u00fdch \u201cnez\u00e1visl\u00fdch\u201d pr\u016fzkum\u016f m\u00e1 st\u00e1t v\u00edt\u011bzem podzimn\u00edch voleb s volebn\u00edmi v\u00fdsledkem kolem 30% hlas\u016f.\u00a0<strong>Sice je to divn\u00e1 matematika 10+5= 30\u00a0<\/strong>(v posledn\u00edch volb\u00e1ch dostali Pir\u00e1ti 10% a Stan 5% a to je\u0161t\u011b musel z\u00e1hadn\u011b spadnout volebn\u00ed server a nyn\u00ed pr\u00fd maj\u00ed 30%\u2026), ale s t\u00edm si v liber\u00e1ln\u00ed l\u017eidokracii nikdo hlavu nel\u00e1me.<\/p>\n<p><strong>Pokrokov\u00e9 koalici nelze up\u0159\u00edt snahu zam\u011b\u0159it se na voli\u010dsk\u00e9 skupiny, kter\u00e1 nikdo otev\u0159en\u011b neoslovuje, t\u0159eba sexu\u00e1ln\u00ed devianty. Mo\u017ena pr\u00e1v\u011b transsexu\u00e1lov\u00e9, nebo nebin\u00e1rn\u00ed lid\u00e9 rozhodnou volby, kdov\u00ed?! Proto se koalice Pir\u00e1ti s Stan stala\u00a0<a href=\"https:\/\/festival.praguepride.com\/cs\/partneri\">ofici\u00e1ln\u00edm partnerem<\/a>\u00a0leto\u0161n\u00edho pochodu Prague pride.<\/strong><\/p>\n<p>Ocitla se tak vedle zaj\u00edmav\u00fdch spolk\u016f a firem. Nam\u00e1tkou t\u0159eba \u201cs barvou ven\u201d (neziskovka nab\u00e1daj\u00edc\u00ed d\u011bti k homosexu\u00e1ln\u00edmu comingoutu), \u201ctransparent\u201d (transsexu\u00e1ln\u00ed rodi\u010de), \u201cjsme f\u00e9r\u201d (podpora homo man\u017eelstv\u00ed), Z nadn\u00e1rodn\u00edch korporac\u00ed je to Vodafone, Coca Cola a t\u0159eba Adidas a p\u0159edev\u0161\u00edm v\u00fdrobce kondom\u016f Primeros!\u00a0<strong>Proto by m\u011bla koalice Pir\u00e1t\u016f a Stanu vyrazit na duhov\u00fd pochod a volebn\u00edm transprentem \u201cS kondomy Primeros k volebn\u00edmu v\u00edt\u011bzstv\u00ed\u201d!<\/strong><\/p>\n<p>Aron G.<\/p>\n<p><a href=\"https:\/\/ceskavec.com\/2021\/08\/volebni-koalice-pirati-a-starostove-oficialnimi-partnery-pochodu-prague-pride-spolecne-s-kondomy-primeros-k-volebnimu-vitezstvi\">\u010cesk\u00e1 v\u011bc<\/a><\/p>\n<p>&nbsp;<\/p>\n","protected":false},"excerpt":{"rendered":"<p>Volebn\u00ed koalice Pir\u00e1ti a Starostov\u00e9 (STAN) se podle n\u011bkter\u00fdch \u201cnez\u00e1visl\u00fdch\u201d pr\u016fzkum\u016f m\u00e1 st\u00e1t v\u00edt\u011bzem podzimn\u00edch&#8230;<\/p>\n","protected":false},"author":2,"featured_media":1790,"comment_status":"closed","ping_status":"closed","sticky":false,"template":"","format":"standard","meta":[],"categories":[6],"tags":[206,137,424,27],"_links":{"self":[{"href":"https:\/\/www.infokuryr.cz\/n\/wp-json\/wp\/v2\/posts\/3822"}],"collection":[{"href":"https:\/\/www.infokuryr.cz\/n\/wp-json\/wp\/v2\/posts"}],"about":[{"href":"https:\/\/www.infokuryr.cz\/n\/wp-json\/wp\/v2\/types\/post"}],"author":[{"embeddable":true,"href":"https:\/\/www.infokuryr.cz\/n\/wp-json\/wp\/v2\/users\/2"}],"replies":[{"embeddable":true,"href":"https:\/\/www.infokuryr.cz\/n\/wp-json\/wp\/v2\/comments?post=3822"}],"version-history":[{"count":0,"href":"https:\/\/www.infokuryr.cz\/n\/wp-json\/wp\/v2\/posts\/3822\/revisions"}],"wp:featuredmedia":[{"embeddable":true,"href":"https:\/\/www.infokuryr.cz\/n\/wp-json\/wp\/v2\/media\/1790"}],"wp:attachment":[{"href":"https:\/\/www.infokuryr.cz\/n\/wp-json\/wp\/v2\/media?parent=3822"}],"wp:term":[{"taxonomy":"category","embeddable":true,"href":"https:\/\/www.infokuryr.cz\/n\/wp-json\/wp\/v2\/categories?post=3822"},{"taxonomy":"post_tag","embeddable":true,"href":"https:\/\/www.infokuryr.cz\/n\/wp-json\/wp\/v2\/tags?post=3822"}],"curies":[{"name":"wp","href":"https:\/\/api.w.org\/{rel}","templated":true}]}}