{"id":38193,"date":"2023-10-15T01:08:49","date_gmt":"2023-10-14T23:08:49","guid":{"rendered":"http:\/\/www.infokuryr.cz\/n\/?p=38193"},"modified":"2023-10-14T19:39:46","modified_gmt":"2023-10-14T17:39:46","slug":"sef-svetove-banky-jpmorgan-varuje-pred-nejnebezpecnejsi-dobou","status":"publish","type":"post","link":"https:\/\/www.infokuryr.cz\/n\/2023\/10\/15\/sef-svetove-banky-jpmorgan-varuje-pred-nejnebezpecnejsi-dobou\/","title":{"rendered":"\u0160\u00e9f sv\u011btov\u00e9 banky JPMorgan varuje p\u0159ed \u201enejnebezpe\u010dn\u011bj\u0161\u00ed dobou\u201c"},"content":{"rendered":"<div id=\"fb-root\"><\/div>\n<p><span style=\"font-size: 18pt;\"><strong>Eskalace izraelsko-palestinsk\u00e9ho konfliktu by mohla zhor\u0161it v\u00fdzvy, kter\u00fdm sv\u011btov\u00e1 ekonomika ji\u017e \u010del\u00ed, \u0159ekl Jamie Dimon<\/strong><\/span><\/p>\n<p>Pokra\u010duj\u00edc\u00ed konflikt mezi Ruskem a Ukrajinou spojen\u00fd s eskalac\u00ed izraelsko-palestinsk\u00e9ho nep\u0159\u00e1telstv\u00ed by mohl m\u00edt dalekos\u00e1hl\u00e9 d\u016fsledky pro glob\u00e1ln\u00ed ekonomiku a geopolitick\u00e9 vztahy, uvedl gener\u00e1ln\u00ed \u0159editel JPMorgan Jamie Dimon ve zpr\u00e1v\u011b o hospoda\u0159en\u00ed spole\u010dnosti za t\u0159et\u00ed \u010dtvrtlet\u00ed zve\u0159ejn\u011bn\u00e9 v\u00a0<a href=\"https:\/\/www.jpmorganchase.com\/content\/dam\/jpmc\/jpmorgan-chase-and-co\/investor-relations\/documents\/quarterly-earnings\/2023\/3rd-quarter\/fa584ba1-9ee9-4b87-8ac4-eb9be0e9744b.pdf\" target=\"_blank\" rel=\"noopener noreferrer\">p\u00e1tek<\/a>\u00a0.<\/p>\n<p>Dimon \u0159ekl, \u017ee navzdory relativn\u00edmu zdrav\u00ed americk\u00e9 ekonomiky mus\u00ed zem\u011b p\u0159ekonat dost v\u00fdzev, v\u010detn\u011b napjat\u00e9ho trhu pr\u00e1ce, vysok\u00e9 \u00farovn\u011b vl\u00e1dn\u00edho dluhu, hrozby dal\u0161\u00edho prudk\u00e9ho r\u016fstu inflace a dlouhodob\u011bj\u0161\u00edch d\u016fsledk\u016f kvantitativn\u00edho zp\u0159\u00edsn\u011bn\u00ed.\u00a0Zhor\u0161uj\u00edc\u00ed se geopolitick\u00e9 podm\u00ednky by v\u0161ak mohly situaci nekone\u010dn\u011b zt\u00ed\u017eit, varoval.<\/p>\n<p>\u201e\u00a0<em>V\u00e1lka na Ukrajin\u011b spojen\u00e1 s \u00fatoky na Izrael z minul\u00e9ho t\u00fddne m\u016f\u017ee m\u00edt dalekos\u00e1hl\u00e9 dopady na trhy s energi\u00ed a potravinami, glob\u00e1ln\u00ed obchod a geopolitick\u00e9 vztahy.\u00a0Toto m\u016f\u017ee b\u00fdt nejnebezpe\u010dn\u011bj\u0161\u00ed doba, kterou sv\u011bt za\u017eil za posledn\u00ed desetilet\u00ed<\/em>\u00a0,\u201c uvedl.<\/p>\n<p>Dimon v p\u00e1tek CNN \u0159ekl, \u017ee ameri\u010dt\u00ed bankovn\u00ed mana\u017ee\u0159i \u201e\u00a0<em>p\u0159el\u00e9zaj\u00ed ze\u010f obav<\/em>\u00a0\u201c s odkazem na jeden z nejzn\u00e1m\u011bj\u0161\u00edch truism\u016f Wall Street, kter\u00fd vysv\u011btluje, jak trhy mohou z\u016fstat b\u00fd\u010d\u00ed uprost\u0159ed ekonomick\u00e9 nejistoty a geopolitick\u00fdch kriz\u00ed.<\/p>\n<p><a href=\"https:\/\/stranapro.cz\/\"><img decoding=\"async\" loading=\"lazy\" class=\"wp-image-30218 aligncenter\" src=\"http:\/\/www.infokuryr.cz\/n\/wp-content\/uploads\/2023\/06\/PRO-banner-300x36.png\" alt=\"\" width=\"1367\" height=\"164\" srcset=\"https:\/\/www.infokuryr.cz\/n\/wp-content\/uploads\/2023\/06\/PRO-banner-300x36.png 300w, https:\/\/www.infokuryr.cz\/n\/wp-content\/uploads\/2023\/06\/PRO-banner-768x93.png 768w, https:\/\/www.infokuryr.cz\/n\/wp-content\/uploads\/2023\/06\/PRO-banner.png 849w\" sizes=\"(max-width: 1367px) 100vw, 1367px\" \/><\/a><\/p>\n<p>&#8220;\u00a0<em>D\u011bl\u00e1me sto z\u00e1t\u011b\u017eov\u00fdch test\u016f t\u00fddn\u011b&#8230; Obvykle se geopolitika prezentuje jako hlubok\u00e1 recese nebo m\u00edrn\u00e1 recese&#8230; A trhy, kter\u00fdm se da\u0159\u00ed, nen\u00ed d\u016fvodem k tvrzen\u00ed, \u017ee se jim bude da\u0159it i nad\u00e1le,&#8220; uvedl gener\u00e1ln\u00ed \u0159editel<\/em>\u00a0.<\/p>\n<p>Dal\u0161\u00ed v\u00fdznamn\u00e1 postava v glob\u00e1ln\u00edch financ\u00edch, Ray Dalio, zakladatel nejv\u011bt\u0161\u00edho sv\u011btov\u00e9ho hedgeov\u00e9ho fondu Bridgewater Associates, ji\u017e d\u0159\u00edve varoval, \u017ee izraelsko-palestinsk\u00fd konflikt se m\u016f\u017ee roz\u0161\u00ed\u0159it za hranice obou zem\u00ed a m\u00edt dalekos\u00e1hl\u00e9 d\u016fsledky pro celou glob\u00e1ln\u00ed komunitu.<\/p>\n<p>\u201e\u00a0<em>Podle m\u00e9ho n\u00e1zoru m\u00e1 tato v\u00e1lka vysok\u00e9 riziko, \u017ee povede k n\u011bkolika dal\u0161\u00edm konflikt\u016fm r\u016fzn\u00e9ho typu na mnoha m\u00edstech a pravd\u011bpodobn\u011b bude m\u00edt \u0161kodliv\u00e9 \u00fa\u010dinky, kter\u00e9 p\u0159ekro\u010d\u00ed ty v Izraeli a Gaze,\u201c napsal Dalio na LinkedIn<\/em>\u00a0. p\u0159\u00edsp\u011bvek ve \u010dtvrtek a dodal, \u017ee \u201e\u00a0<em>v\u00e1lka mezi Izraelem a Ham\u00e1sem je dal\u0161\u00edm klasick\u00fdm, ne\u0161\u0165astn\u00fdm krokem k n\u00e1siln\u011bj\u0161\u00ed a obs\u00e1hlej\u0161\u00ed mezin\u00e1rodn\u00ed v\u00e1lce.\u00a0<\/em>\u201c<\/p>\n<p>Eskalace nep\u0159\u00e1telstv\u00ed mezi palestinskou militantn\u00ed skupinou Hamas, kter\u00e1 ovl\u00e1d\u00e1 velkou \u010d\u00e1st Gazy, a izraelsk\u00fdmi obrann\u00fdmi silami ji\u017e za\u010d\u00e1tkem tohoto t\u00fddne zp\u016fsobila prudk\u00fd n\u00e1r\u016fst sv\u011btov\u00fdch cen ropy.\u00a0Analytici tvrd\u00ed, \u017ee konflikt by mohl destabilizovat Bl\u00edzk\u00fd v\u00fdchod, kter\u00fd p\u0159edstavuje v\u00edce ne\u017e jednu t\u0159etinu celosv\u011btov\u00e9ho n\u00e1mo\u0159n\u00edho obchodu, a prohloubit st\u00e1vaj\u00edc\u00ed deficit dod\u00e1vek ropy a zp\u016fsobit raketov\u00fd r\u016fst cen ropy.<\/p>\n<p><img decoding=\"async\" loading=\"lazy\" class=\"alignnone size-full wp-image-1185\" src=\"http:\/\/www.infokuryr.cz\/n\/wp-content\/uploads\/2021\/04\/kuryr-podpis.png\" alt=\"\" width=\"84\" height=\"24\" \/><\/p>\n<p>&nbsp;<\/p>\n<p>&nbsp;<\/p>\n","protected":false},"excerpt":{"rendered":"<p>Eskalace izraelsko-palestinsk\u00e9ho konfliktu by mohla zhor\u0161it v\u00fdzvy, kter\u00fdm sv\u011btov\u00e1 ekonomika ji\u017e \u010del\u00ed, \u0159ekl Jamie Dimon&#8230;<\/p>\n","protected":false},"author":2,"featured_media":38194,"comment_status":"closed","ping_status":"closed","sticky":false,"template":"","format":"standard","meta":[],"categories":[7],"tags":[503,59,6095,371,276],"_links":{"self":[{"href":"https:\/\/www.infokuryr.cz\/n\/wp-json\/wp\/v2\/posts\/38193"}],"collection":[{"href":"https:\/\/www.infokuryr.cz\/n\/wp-json\/wp\/v2\/posts"}],"about":[{"href":"https:\/\/www.infokuryr.cz\/n\/wp-json\/wp\/v2\/types\/post"}],"author":[{"embeddable":true,"href":"https:\/\/www.infokuryr.cz\/n\/wp-json\/wp\/v2\/users\/2"}],"replies":[{"embeddable":true,"href":"https:\/\/www.infokuryr.cz\/n\/wp-json\/wp\/v2\/comments?post=38193"}],"version-history":[{"count":0,"href":"https:\/\/www.infokuryr.cz\/n\/wp-json\/wp\/v2\/posts\/38193\/revisions"}],"wp:featuredmedia":[{"embeddable":true,"href":"https:\/\/www.infokuryr.cz\/n\/wp-json\/wp\/v2\/media\/38194"}],"wp:attachment":[{"href":"https:\/\/www.infokuryr.cz\/n\/wp-json\/wp\/v2\/media?parent=38193"}],"wp:term":[{"taxonomy":"category","embeddable":true,"href":"https:\/\/www.infokuryr.cz\/n\/wp-json\/wp\/v2\/categories?post=38193"},{"taxonomy":"post_tag","embeddable":true,"href":"https:\/\/www.infokuryr.cz\/n\/wp-json\/wp\/v2\/tags?post=38193"}],"curies":[{"name":"wp","href":"https:\/\/api.w.org\/{rel}","templated":true}]}}