{"id":38190,"date":"2023-10-15T01:06:06","date_gmt":"2023-10-14T23:06:06","guid":{"rendered":"http:\/\/www.infokuryr.cz\/n\/?p=38190"},"modified":"2023-10-14T19:20:05","modified_gmt":"2023-10-14T17:20:05","slug":"putin-vysvetluje-proc-ukrajina-odmitla-dohodu-eu-z-roku-2013","status":"publish","type":"post","link":"https:\/\/www.infokuryr.cz\/n\/2023\/10\/15\/putin-vysvetluje-proc-ukrajina-odmitla-dohodu-eu-z-roku-2013\/","title":{"rendered":"Putin vysv\u011btluje, pro\u010d Ukrajina odm\u00edtla dohodu EU z roku 2013"},"content":{"rendered":"<div id=\"fb-root\"><\/div>\n<p><span style=\"font-size: 18pt;\"><strong>Rusk\u00fd prezident tvrd\u00ed, \u017ee dohoda o p\u0159idru\u017een\u00ed Ukrajin k EU fakticky vyz\u00fdvala ke zni\u010den\u00ed ve\u0161ker\u00e9ho pr\u016fmyslu zem\u011b<\/strong><\/span><\/p>\n<p><span>Dohoda o p\u0159idru\u017een\u00ed mezi EU a Ukrajinou v podstat\u011b p\u0159edpokl\u00e1dala smrt cel\u00e9ho ukrajinsk\u00e9ho pr\u016fmyslu, prohl\u00e1sil rusk\u00fd prezident Vladimir Putin.\u00a0Ratifikace dohody byla odlo\u017eena koncem roku 2013 tehdej\u0161\u00edm prezidentem Viktorem Janukovy\u010dem, co\u017e vyvolalo pu\u010d na Majdanu, kter\u00fd vedl k jeho svr\u017een\u00ed.<\/span><\/p>\n<p><span>Nov\u00e1 ukrajinsk\u00e1 vl\u00e1da podepsala dohodu v roce 2014.<\/span><\/p>\n<p><span>Putin v p\u00e1tek v rozhovoru s novin\u00e1\u0159i \u0159ekl: \u201e\u00a0<\/span><em><span>Kdy\u017e si p\u0159e\u010dtete, co EU navrhla Ukrajin\u011b, je to to, co se nyn\u00ed zjevn\u011b realizuje \u2013 rovnalo se to zni\u010den\u00ed v\u0161ech kl\u00ed\u010dov\u00fdch pr\u016fmyslov\u00fdch odv\u011btv\u00ed, kter\u00fdmi se kdysi sov\u011btsk\u00e1 Ukrajina py\u0161nila.\u00a0<\/span><\/em><span>\u201c Prezident dodal, \u017ee \u201e\u00a0<\/span><em><span>te\u010f p\u0159esn\u011b vid\u00edme, \u017ee tam u\u017e nic nez\u016fstalo.\u00a0<\/span><\/em><span>\u201c<\/span><\/p>\n<p><span>Janukovy\u010d podle Putina zva\u017eoval mo\u017enosti Kyjeva a ratifikaci dohody s EU v roce 2013 prost\u011b odlo\u017eil.<\/span><\/p>\n<div class=\"read-more\" data-has-alias=\"\"><a href=\"https:\/\/stranapro.cz\/\"><img decoding=\"async\" loading=\"lazy\" class=\"wp-image-30218 aligncenter\" src=\"http:\/\/www.infokuryr.cz\/n\/wp-content\/uploads\/2023\/06\/PRO-banner-300x36.png\" alt=\"\" width=\"1367\" height=\"164\" srcset=\"https:\/\/www.infokuryr.cz\/n\/wp-content\/uploads\/2023\/06\/PRO-banner-300x36.png 300w, https:\/\/www.infokuryr.cz\/n\/wp-content\/uploads\/2023\/06\/PRO-banner-768x93.png 768w, https:\/\/www.infokuryr.cz\/n\/wp-content\/uploads\/2023\/06\/PRO-banner.png 849w\" sizes=\"(max-width: 1367px) 100vw, 1367px\" \/><\/a><\/div>\n<p><span>V rozhovoru pro Politico koncem minul\u00e9ho m\u011bs\u00edce ukrajinsk\u00fd premi\u00e9r Denis Shmigal \u0159ekl, \u017ee Kyjev o\u010dek\u00e1v\u00e1 pln\u00e9 \u010dlenstv\u00ed v EU do dvou let a nespokoj\u00ed se s ni\u010d\u00edm men\u0161\u00edm.\u00a0Zm\u00ednil \u201e\u00a0<\/span><em><span>obrovskou cenu<\/span><\/em><span>\u00a0\u201c, kterou jeho zem\u011b zaplatila za p\u0159ipojen\u00ed k bloku.<\/span><\/p>\n<p><span>\u0160migal d\u00e1le sl\u00edbil, \u017ee Ukrajina \u201e\u00a0<\/span><em><span>nebude p\u0159in\u00e1\u0161et probl\u00e9my<\/span><\/em><span>\u00a0\u201c EU, ale bude u\u017eite\u010dn\u00fdm dopl\u0148kem.<\/span><\/p>\n<p><span>P\u0159edsedkyn\u011b Evropsk\u00e9 komise Ursula von der Leyenov\u00e1 na tiskov\u00e9 konferenci po summitu vedouc\u00edch p\u0159edstavitel\u016f EU ve \u0161pan\u011blsk\u00e9 Granad\u011b minul\u00fd t\u00fdden uvedla, \u017ee proces p\u0159istoupen\u00ed ka\u017ed\u00e9ho aspiruj\u00edc\u00edho n\u00e1roda by m\u011bl b\u00fdt p\u0159\u00edsn\u011b \u201ezalo\u017een\u00fd na z\u00e1sluh\u00e1ch\u201c s ur\u010dit\u00fdmi \u201e\u00a0<\/span><em><span>miln\u00edky<\/span><\/em><span>\u00a0,\u00a0<\/span><em><span>kter\u00e9 mus\u00ed b\u00fdt nejprve dosa\u017eeno<\/span><\/em><span>.<\/span><\/p>\n<p><span>Spole\u010dn\u00e9 prohl\u00e1\u0161en\u00ed p\u0159ijat\u00e9 \u010dlensk\u00fdmi st\u00e1ty vyz\u00fdv\u00e1 Ukrajinu a dal\u0161\u00ed kandid\u00e1ty, aby \u201e\u00a0<\/span><em><span>zrychlili sv\u00e9 reformn\u00ed \u00fasil\u00ed, zejm\u00e9na v oblasti pr\u00e1vn\u00edho st\u00e1tu.\u00a0<\/span><\/em><span>\u201c<\/span><\/p>\n<p><span>P\u0159edseda Evropsk\u00e9 rady Charles Michel \u0159ekl, \u017ee EU by m\u011bla b\u00fdt p\u0159ipravena na roz\u0161\u00ed\u0159en\u00ed do roku 2030.<\/span><\/p>\n<p><span>Tento \u010dasov\u00fd r\u00e1mec v\u0161ak zjevn\u011b nevyhovoval v\u0161em \u010dlensk\u00fdm st\u00e1t\u016fm.\u00a0Nizozemsk\u00fd premi\u00e9r Mark Rutte trval na tom, \u017ee \u201e\u00a0<\/span><em><span>nen\u00ed ot\u00e1zkou, kdy jsou zem\u011b p\u0159ipraveny;\u00a0je ot\u00e1zkou, zda jsou zem\u011b p\u0159ipraveny.\u00a0<\/span><\/em><span>\u201c<\/span><\/p>\n<p><span>Vstup do EU pat\u0159\u00ed po desetilet\u00ed mezi hlavn\u00ed c\u00edle proz\u00e1padn\u011b ukrajinsk\u00fdch politik\u016f.\u00a0Kyjev na t\u00e9to cest\u011b p\u0159\u00edli\u0161 nepokro\u010dil p\u0159ed \u00fanorem 2022, kdy Moskva zah\u00e1jila vojenskou operaci v zemi.\u00a0Zd\u00e1 se, \u017ee konflikt znovu o\u017eivil proces, p\u0159i\u010dem\u017e nejvy\u0161\u0161\u00ed p\u0159edstavitel\u00e9 opakovan\u011b po\u017eadovali \u010dlenstv\u00ed kv\u016fli vn\u00edman\u00e9 roli Ukrajiny p\u0159i obran\u011b EU p\u0159ed \u00fadajn\u011b hroz\u00edc\u00ed ruskou invaz\u00ed.<\/span><\/p>\n<p><img decoding=\"async\" loading=\"lazy\" class=\"alignnone size-full wp-image-1185\" src=\"http:\/\/www.infokuryr.cz\/n\/wp-content\/uploads\/2021\/04\/kuryr-podpis.png\" alt=\"\" width=\"84\" height=\"24\" \/><\/p>\n<p>&nbsp;<\/p>\n<p>&nbsp;<\/p>\n","protected":false},"excerpt":{"rendered":"<p>Rusk\u00fd prezident tvrd\u00ed, \u017ee dohoda o p\u0159idru\u017een\u00ed Ukrajin k EU fakticky vyz\u00fdvala ke zni\u010den\u00ed ve\u0161ker\u00e9ho&#8230;<\/p>\n","protected":false},"author":2,"featured_media":32616,"comment_status":"closed","ping_status":"closed","sticky":false,"template":"","format":"standard","meta":[],"categories":[7],"tags":[41,102,26],"_links":{"self":[{"href":"https:\/\/www.infokuryr.cz\/n\/wp-json\/wp\/v2\/posts\/38190"}],"collection":[{"href":"https:\/\/www.infokuryr.cz\/n\/wp-json\/wp\/v2\/posts"}],"about":[{"href":"https:\/\/www.infokuryr.cz\/n\/wp-json\/wp\/v2\/types\/post"}],"author":[{"embeddable":true,"href":"https:\/\/www.infokuryr.cz\/n\/wp-json\/wp\/v2\/users\/2"}],"replies":[{"embeddable":true,"href":"https:\/\/www.infokuryr.cz\/n\/wp-json\/wp\/v2\/comments?post=38190"}],"version-history":[{"count":0,"href":"https:\/\/www.infokuryr.cz\/n\/wp-json\/wp\/v2\/posts\/38190\/revisions"}],"wp:featuredmedia":[{"embeddable":true,"href":"https:\/\/www.infokuryr.cz\/n\/wp-json\/wp\/v2\/media\/32616"}],"wp:attachment":[{"href":"https:\/\/www.infokuryr.cz\/n\/wp-json\/wp\/v2\/media?parent=38190"}],"wp:term":[{"taxonomy":"category","embeddable":true,"href":"https:\/\/www.infokuryr.cz\/n\/wp-json\/wp\/v2\/categories?post=38190"},{"taxonomy":"post_tag","embeddable":true,"href":"https:\/\/www.infokuryr.cz\/n\/wp-json\/wp\/v2\/tags?post=38190"}],"curies":[{"name":"wp","href":"https:\/\/api.w.org\/{rel}","templated":true}]}}