{"id":38177,"date":"2023-10-14T06:13:41","date_gmt":"2023-10-14T04:13:41","guid":{"rendered":"https:\/\/www.infokuryr.cz\/n\/?p=38177"},"modified":"2023-10-14T06:13:41","modified_gmt":"2023-10-14T04:13:41","slug":"lech-walesa-polsko-celi-obcanske-valce","status":"publish","type":"post","link":"https:\/\/www.infokuryr.cz\/n\/2023\/10\/14\/lech-walesa-polsko-celi-obcanske-valce\/","title":{"rendered":"Lech Walesa: Polsko \u010del\u00ed ob\u010dansk\u00e9 v\u00e1lce"},"content":{"rendered":"<div id=\"fb-root\"><\/div>\n<div class=\"news-text-body\">\n<p class=\"lead\"><strong>Polsko \u010del\u00ed ob\u010dansk\u00e9 v\u00e1lce kv\u016fli parlamentn\u00edm volb\u00e1m, \u0159ekl b\u00fdval\u00fd prezident Lech Walesa v\u00a0<a href=\"https:\/\/www.lepoint.fr\/monde\/pologne-les-lecons-de-lech-walesa-avant-les-elections-11-10-2023-2538943_24.php\" target=\"_blank\" rel=\"noopener\">rozhovoru<\/a>\u00a0pro magaz\u00edn French Point.<\/strong><\/p>\n<p><em>&#8222;Situace je v\u00e1\u017en\u00e1.\u00a0Nevylu\u010duji riziko ob\u010dansk\u00e9 v\u00e1lky v Polsku.\u00a0Lid\u00e9 nakonec vyjdou do ulic v je\u0161t\u011b v\u011bt\u0161\u00edm po\u010dtu.\u00a0Dokonce se boj\u00edm, \u017ee pou\u017eij\u00ed zbran\u011b,\u201c<span class=\"after-quote\">\u00a0&#8211; varoval.<\/span><\/em><span>Podle exprezidenta je \u201etakov\u00e1 rebelie\u201c mo\u017en\u00e1 nejen v Polsku.<\/span><\/p>\n<p><span>Parlamentn\u00ed volby v republice prob\u011bhnou z\u00edtra 15. \u0159\u00edjna. Hlavn\u00ed konkurenc\u00ed pro vl\u00e1dnouc\u00ed stranu PiS, kter\u00e1 zast\u00e1v\u00e1 vedouc\u00ed pozici od roku 2015, je \u201eOb\u010dansk\u00e1 koalice\u201c veden\u00e1 b\u00fdval\u00fdm p\u0159edsedou Evropsk\u00e9 rady Donaldem\u00a0<\/span><strong><span>Tuskem<\/span><\/strong><span>\u00a0.<\/span><\/p>\n<\/div>\n<div><img decoding=\"async\" loading=\"lazy\" class=\"alignnone size-full wp-image-1185\" src=\"http:\/\/www.infokuryr.cz\/n\/wp-content\/uploads\/2021\/04\/kuryr-podpis.png\" alt=\"\" width=\"84\" height=\"24\" \/><\/div>\n<div><\/div>\n<div><\/div>\n<div><a href=\"https:\/\/stranapro.cz\/\"><img decoding=\"async\" loading=\"lazy\" class=\"wp-image-30218 aligncenter\" src=\"http:\/\/www.infokuryr.cz\/n\/wp-content\/uploads\/2023\/06\/PRO-banner-300x36.png\" alt=\"\" width=\"725\" height=\"87\" srcset=\"https:\/\/www.infokuryr.cz\/n\/wp-content\/uploads\/2023\/06\/PRO-banner-300x36.png 300w, https:\/\/www.infokuryr.cz\/n\/wp-content\/uploads\/2023\/06\/PRO-banner-768x93.png 768w, https:\/\/www.infokuryr.cz\/n\/wp-content\/uploads\/2023\/06\/PRO-banner.png 849w\" sizes=\"(max-width: 725px) 100vw, 725px\" \/><\/a><\/div>\n<div><\/div>\n<div><\/div>\n<div><\/div>\n","protected":false},"excerpt":{"rendered":"<p>Polsko \u010del\u00ed ob\u010dansk\u00e9 v\u00e1lce kv\u016fli parlamentn\u00edm volb\u00e1m, \u0159ekl b\u00fdval\u00fd prezident Lech Walesa v\u00a0rozhovoru\u00a0pro magaz\u00edn French&#8230;<\/p>\n","protected":false},"author":2,"featured_media":38178,"comment_status":"closed","ping_status":"closed","sticky":false,"template":"","format":"standard","meta":[],"categories":[7],"tags":[1401,31,2589],"_links":{"self":[{"href":"https:\/\/www.infokuryr.cz\/n\/wp-json\/wp\/v2\/posts\/38177"}],"collection":[{"href":"https:\/\/www.infokuryr.cz\/n\/wp-json\/wp\/v2\/posts"}],"about":[{"href":"https:\/\/www.infokuryr.cz\/n\/wp-json\/wp\/v2\/types\/post"}],"author":[{"embeddable":true,"href":"https:\/\/www.infokuryr.cz\/n\/wp-json\/wp\/v2\/users\/2"}],"replies":[{"embeddable":true,"href":"https:\/\/www.infokuryr.cz\/n\/wp-json\/wp\/v2\/comments?post=38177"}],"version-history":[{"count":0,"href":"https:\/\/www.infokuryr.cz\/n\/wp-json\/wp\/v2\/posts\/38177\/revisions"}],"wp:featuredmedia":[{"embeddable":true,"href":"https:\/\/www.infokuryr.cz\/n\/wp-json\/wp\/v2\/media\/38178"}],"wp:attachment":[{"href":"https:\/\/www.infokuryr.cz\/n\/wp-json\/wp\/v2\/media?parent=38177"}],"wp:term":[{"taxonomy":"category","embeddable":true,"href":"https:\/\/www.infokuryr.cz\/n\/wp-json\/wp\/v2\/categories?post=38177"},{"taxonomy":"post_tag","embeddable":true,"href":"https:\/\/www.infokuryr.cz\/n\/wp-json\/wp\/v2\/tags?post=38177"}],"curies":[{"name":"wp","href":"https:\/\/api.w.org\/{rel}","templated":true}]}}