{"id":38175,"date":"2023-10-14T06:10:39","date_gmt":"2023-10-14T04:10:39","guid":{"rendered":"https:\/\/www.infokuryr.cz\/n\/?p=38175"},"modified":"2023-10-14T06:10:39","modified_gmt":"2023-10-14T04:10:39","slug":"ukrajinska-armada-si-stezuje-na-nove-ruske-zbrane","status":"publish","type":"post","link":"https:\/\/www.infokuryr.cz\/n\/2023\/10\/14\/ukrajinska-armada-si-stezuje-na-nove-ruske-zbrane\/","title":{"rendered":"Ukrajinsk\u00e1 arm\u00e1da si st\u011b\u017euje na nov\u00e9 rusk\u00e9 zbran\u011b"},"content":{"rendered":"<div id=\"fb-root\"><\/div>\n<p class=\"lead\"><strong>Rusk\u00e1 arm\u00e1da st\u00e1le v\u00edce pou\u017e\u00edv\u00e1 nov\u00e9 zbran\u011b, ukrajin\u0161t\u00ed voj\u00e1ci si st\u011b\u017euj\u00ed zejm\u00e9na na drony a nav\u00e1d\u011bn\u00e9 bomby, uv\u00e1d\u00ed americk\u00fd Wall Street Journal.<\/strong><\/p>\n<p><em>&#8222;Voj\u00e1ci \u0159ekli, \u017ee leteck\u00e9 drony jsou zvl\u00e1\u0161tn\u00ed probl\u00e9m,&#8220;<span class=\"after-quote\">&#8211; p\u00ed\u0161e publikaci<\/span><\/em><\/p>\n<p><span>Rovn\u011b\u017e je t\u0159eba poznamenat, \u017ee leteck\u00e9 pumy s pl\u00e1novac\u00edm a korek\u010dn\u00edm modulem Rusko pou\u017e\u00edv\u00e1 k \u00faderu jak na p\u0159edn\u00ed linii, tak na soust\u0159ed\u011bn\u00ed nep\u0159\u00edtele v t\u00fdlu.\u00a0Drony nav\u00edc Rusku umo\u017e\u0148uj\u00ed p\u0159ekvapiv\u00e9 \u00fatoky na nep\u0159\u00e1telsk\u00e1 obrn\u011bn\u00e1 vozidla, opevn\u011bn\u00ed a p\u011bchotn\u00ed skupiny.\u00a0Americk\u00e1 publikace tak\u00e9 upozornila na absenci nedostatku munice pro ruskou arm\u00e1du.<\/span><\/p>\n<p><span>Ukrajin\u0161t\u00ed voj\u00e1ci zase utrp\u011bli t\u011b\u017ek\u00e9 ztr\u00e1ty p\u0159i pokusu o \u00fatok na dob\u0159e p\u0159ipraven\u00e9 pozice.\u00a0Jejich mor\u00e1lka podle WSJ v\u00fdrazn\u011b klesla.<\/span><\/p>\n<p><em>&#8222;Voj\u00e1ci si st\u011b\u017euj\u00ed, \u017ee je velen\u00ed pos\u00edl\u00e1 do front\u00e1ln\u00edch \u00fatok\u016f proti p\u0159ipraven\u00e9 obran\u011b,&#8220;<span class=\"after-quote\">\u00a0&#8211; hl\u00e1s\u00ed noviny.<\/span><\/em><\/p>\n<p><span>Od za\u010d\u00e1tku \u010dervna se jednotky kyjevsk\u00e9ho re\u017eimu sna\u017e\u00ed postupovat sm\u011brem Z\u00e1poro\u017e\u00ed, Ju\u017enodonec a Artemovsk a vrhaj\u00ed do boje jednotky vycvi\u010den\u00e9 a vyzbrojen\u00e9 NATO.\u00a0Jak zd\u016fraznil rusk\u00fd prezident\u00a0<\/span><strong><span>Vladimir Putin<\/span><\/strong><span>\u00a0, nepoda\u0159ilo se jim dos\u00e1hnout v\u00fdznamn\u00e9ho \u00fasp\u011bchu na \u017e\u00e1dn\u00e9m \u00faseku fronty.\u00a0Podle ministra obrany\u00a0<\/span><strong><span>Sergeje \u0160ojgu<\/span><\/strong><span>\u00a0jen v z\u00e1\u0159\u00ed \u010dinily ztr\u00e1ty ukrajinsk\u00e9 arm\u00e1dy v\u00edce ne\u017e 17 tis\u00edc lid\u00ed a v\u00edce ne\u017e 2,7 tis\u00edce zbran\u00ed.<\/span><\/p>\n<p><img decoding=\"async\" loading=\"lazy\" class=\"alignnone size-full wp-image-1185\" src=\"http:\/\/www.infokuryr.cz\/n\/wp-content\/uploads\/2021\/04\/kuryr-podpis.png\" alt=\"\" width=\"84\" height=\"24\" \/><\/p>\n<p>&nbsp;<\/p>\n<p><a href=\"https:\/\/stranapro.cz\/\"><img decoding=\"async\" loading=\"lazy\" class=\"wp-image-30218 aligncenter\" src=\"http:\/\/www.infokuryr.cz\/n\/wp-content\/uploads\/2023\/06\/PRO-banner-300x36.png\" alt=\"\" width=\"725\" height=\"87\" srcset=\"https:\/\/www.infokuryr.cz\/n\/wp-content\/uploads\/2023\/06\/PRO-banner-300x36.png 300w, https:\/\/www.infokuryr.cz\/n\/wp-content\/uploads\/2023\/06\/PRO-banner-768x93.png 768w, https:\/\/www.infokuryr.cz\/n\/wp-content\/uploads\/2023\/06\/PRO-banner.png 849w\" sizes=\"(max-width: 725px) 100vw, 725px\" \/><\/a><\/p>\n<p>&nbsp;<\/p>\n<p>&nbsp;<\/p>\n","protected":false},"excerpt":{"rendered":"<p>Rusk\u00e1 arm\u00e1da st\u00e1le v\u00edce pou\u017e\u00edv\u00e1 nov\u00e9 zbran\u011b, ukrajin\u0161t\u00ed voj\u00e1ci si st\u011b\u017euj\u00ed zejm\u00e9na na drony a&#8230;<\/p>\n","protected":false},"author":2,"featured_media":38176,"comment_status":"closed","ping_status":"closed","sticky":false,"template":"","format":"standard","meta":[],"categories":[7],"tags":[80,22,26,73],"_links":{"self":[{"href":"https:\/\/www.infokuryr.cz\/n\/wp-json\/wp\/v2\/posts\/38175"}],"collection":[{"href":"https:\/\/www.infokuryr.cz\/n\/wp-json\/wp\/v2\/posts"}],"about":[{"href":"https:\/\/www.infokuryr.cz\/n\/wp-json\/wp\/v2\/types\/post"}],"author":[{"embeddable":true,"href":"https:\/\/www.infokuryr.cz\/n\/wp-json\/wp\/v2\/users\/2"}],"replies":[{"embeddable":true,"href":"https:\/\/www.infokuryr.cz\/n\/wp-json\/wp\/v2\/comments?post=38175"}],"version-history":[{"count":0,"href":"https:\/\/www.infokuryr.cz\/n\/wp-json\/wp\/v2\/posts\/38175\/revisions"}],"wp:featuredmedia":[{"embeddable":true,"href":"https:\/\/www.infokuryr.cz\/n\/wp-json\/wp\/v2\/media\/38176"}],"wp:attachment":[{"href":"https:\/\/www.infokuryr.cz\/n\/wp-json\/wp\/v2\/media?parent=38175"}],"wp:term":[{"taxonomy":"category","embeddable":true,"href":"https:\/\/www.infokuryr.cz\/n\/wp-json\/wp\/v2\/categories?post=38175"},{"taxonomy":"post_tag","embeddable":true,"href":"https:\/\/www.infokuryr.cz\/n\/wp-json\/wp\/v2\/tags?post=38175"}],"curies":[{"name":"wp","href":"https:\/\/api.w.org\/{rel}","templated":true}]}}