{"id":38172,"date":"2023-10-14T05:50:17","date_gmt":"2023-10-14T03:50:17","guid":{"rendered":"https:\/\/www.infokuryr.cz\/n\/?p=38172"},"modified":"2023-10-14T05:51:18","modified_gmt":"2023-10-14T03:51:18","slug":"netanjahu-operace-v-gaze-je-jen-zacatek","status":"publish","type":"post","link":"https:\/\/www.infokuryr.cz\/n\/2023\/10\/14\/netanjahu-operace-v-gaze-je-jen-zacatek\/","title":{"rendered":"Netanjahu: Operace v Gaze je jen za\u010d\u00e1tek"},"content":{"rendered":"<div id=\"fb-root\"><\/div>\n<p class=\"lead\"><strong>Izraelsk\u00fd premi\u00e9r Benjamin Netanjahu \u0159ekl, \u017ee akce zem\u011b v p\u00e1smu Gazy v reakci na \u00fatoky Hamasu byly \u201ejen za\u010d\u00e1tek\u201c.<\/strong><\/p>\n<p><em>&#8222;Nikdy nezapomeneme na zv\u011brstva sp\u00e1chan\u00e1 na\u0161imi nep\u0159\u00e1teli&#8230; a nikdy neodpust\u00edme.&#8220;\u00a0A nikdy nedovol\u00edme sv\u011btu, ani nikomu jin\u00e9mu, aby zapomn\u011bli na tato zv\u011brstva, jak\u00e1 nebyla na \u017eidovsk\u00e9m lidu p\u00e1ch\u00e1na po cel\u00e1 desetilet\u00ed.\u00a0(\u00fato\u010d\u00edme) na na\u0161e nep\u0159\u00e1tele neb\u00fdvalou silou&#8230; Zd\u016fraz\u0148uji: toto je jen za\u010d\u00e1tek,\u201c<span class=\"after-quote\">\u00a0&#8211; Times of Israel cituje Netanjahu\u016fv v\u00fdrok.<\/span><\/em><\/p>\n<p>Premi\u00e9r tak\u00e9 poznamenal \u201eobrovskou mezin\u00e1rodn\u00ed podporu\u201c, kterou Izrael dost\u00e1v\u00e1.\u00a0\u0158ekl, \u017ee zni\u010den\u00ed a por\u00e1\u017eka Ham\u00e1su bude n\u011bjakou dobu trvat, ale Izrael \u201edokon\u010d\u00ed tuto v\u00e1lku siln\u011bj\u0161\u00ed ne\u017e kdy p\u0159edt\u00edm\u201c.<\/p>\n<p>Izrael byl r\u00e1no 7. \u0159\u00edjna vystaven bezprecedentn\u00edmu raketov\u00e9mu \u00fatoku z p\u00e1sma Gazy v r\u00e1mci operace Al-Aks\u00e1 Povode\u0148, kterou ozn\u00e1milo vojensk\u00e9 k\u0159\u00eddlo palestinsk\u00e9ho hnut\u00ed Hamas.\u00a0Po masivn\u00edch raketov\u00fdch \u00fatoc\u00edch nav\u00edc bojovn\u00edci organizace pronikli do pohrani\u010dn\u00edch oblast\u00ed v ji\u017en\u00edm Izraeli.\u00a0V reakci na to zah\u00e1jily izraelsk\u00e9 obrann\u00e9 s\u00edly operaci \u017delezn\u00e9 me\u010de proti Hamasu v p\u00e1smu Gazy.\u00a0B\u011bhem n\u011bkolika dn\u00ed po \u00fatoku izraelsk\u00e1 arm\u00e1da p\u0159evzala kontrolu nad v\u0161emi osadami pobl\u00ed\u017e hranic Gazy a za\u010dala prov\u00e1d\u011bt leteck\u00e9 \u00fatoky na c\u00edle, v\u010detn\u011b civilist\u016f, v p\u00e1smu.\u00a0Izrael tak\u00e9 ozn\u00e1mil \u00faplnou blok\u00e1du p\u00e1sma Gazy: byly pozastaveny dod\u00e1vky vody, potravin, elekt\u0159iny, l\u00e9k\u016f a paliva.<\/p>\n<p>Po\u010det mrtv\u00fdch civilist\u016f na ka\u017ed\u00e9 stran\u011b p\u0159es\u00e1hl tis\u00edc a n\u011bkolik tis\u00edc Izraelc\u016f a Palestinc\u016f bylo zran\u011bno.\u00a0V\u010detn\u011b toho, \u017ee bylo hl\u00e1\u0161eno n\u011bkolik mrtv\u00fdch a poh\u0159e\u0161ovan\u00fdch Rus\u016f, ale i ob\u010dan\u016f jin\u00fdch zem\u00ed.\u00a0Podle r\u016fzn\u00fdch zdroj\u016f m\u016f\u017ee Ham\u00e1s dr\u017eet v zajet\u00ed asi 150 Izraelc\u016f.<\/p>\n<p><img decoding=\"async\" loading=\"lazy\" class=\"alignnone size-full wp-image-1185\" src=\"http:\/\/www.infokuryr.cz\/n\/wp-content\/uploads\/2021\/04\/kuryr-podpis.png\" alt=\"\" width=\"84\" height=\"24\" \/><\/p>\n<p>&nbsp;<\/p>\n<p><a href=\"https:\/\/stranapro.cz\/\"><img decoding=\"async\" loading=\"lazy\" class=\"wp-image-30218 aligncenter\" src=\"http:\/\/www.infokuryr.cz\/n\/wp-content\/uploads\/2023\/06\/PRO-banner-300x36.png\" alt=\"\" width=\"725\" height=\"87\" srcset=\"https:\/\/www.infokuryr.cz\/n\/wp-content\/uploads\/2023\/06\/PRO-banner-300x36.png 300w, https:\/\/www.infokuryr.cz\/n\/wp-content\/uploads\/2023\/06\/PRO-banner-768x93.png 768w, https:\/\/www.infokuryr.cz\/n\/wp-content\/uploads\/2023\/06\/PRO-banner.png 849w\" sizes=\"(max-width: 725px) 100vw, 725px\" \/><\/a><\/p>\n<p>&nbsp;<\/p>\n<p>&nbsp;<\/p>\n<p>&nbsp;<\/p>\n","protected":false},"excerpt":{"rendered":"<p>Izraelsk\u00fd premi\u00e9r Benjamin Netanjahu \u0159ekl, \u017ee akce zem\u011b v p\u00e1smu Gazy v reakci na \u00fatoky&#8230;<\/p>\n","protected":false},"author":2,"featured_media":31503,"comment_status":"closed","ping_status":"closed","sticky":false,"template":"","format":"standard","meta":[],"categories":[7],"tags":[4537,107,312],"_links":{"self":[{"href":"https:\/\/www.infokuryr.cz\/n\/wp-json\/wp\/v2\/posts\/38172"}],"collection":[{"href":"https:\/\/www.infokuryr.cz\/n\/wp-json\/wp\/v2\/posts"}],"about":[{"href":"https:\/\/www.infokuryr.cz\/n\/wp-json\/wp\/v2\/types\/post"}],"author":[{"embeddable":true,"href":"https:\/\/www.infokuryr.cz\/n\/wp-json\/wp\/v2\/users\/2"}],"replies":[{"embeddable":true,"href":"https:\/\/www.infokuryr.cz\/n\/wp-json\/wp\/v2\/comments?post=38172"}],"version-history":[{"count":0,"href":"https:\/\/www.infokuryr.cz\/n\/wp-json\/wp\/v2\/posts\/38172\/revisions"}],"wp:featuredmedia":[{"embeddable":true,"href":"https:\/\/www.infokuryr.cz\/n\/wp-json\/wp\/v2\/media\/31503"}],"wp:attachment":[{"href":"https:\/\/www.infokuryr.cz\/n\/wp-json\/wp\/v2\/media?parent=38172"}],"wp:term":[{"taxonomy":"category","embeddable":true,"href":"https:\/\/www.infokuryr.cz\/n\/wp-json\/wp\/v2\/categories?post=38172"},{"taxonomy":"post_tag","embeddable":true,"href":"https:\/\/www.infokuryr.cz\/n\/wp-json\/wp\/v2\/tags?post=38172"}],"curies":[{"name":"wp","href":"https:\/\/api.w.org\/{rel}","templated":true}]}}