{"id":38147,"date":"2023-10-14T01:11:53","date_gmt":"2023-10-13T23:11:53","guid":{"rendered":"https:\/\/www.infokuryr.cz\/n\/?p=38147"},"modified":"2023-10-13T17:24:50","modified_gmt":"2023-10-13T15:24:50","slug":"nato-varuje-iran-a-hizballah-aby-netezily-ze-situace-v-gaze","status":"publish","type":"post","link":"https:\/\/www.infokuryr.cz\/n\/2023\/10\/14\/nato-varuje-iran-a-hizballah-aby-netezily-ze-situace-v-gaze\/","title":{"rendered":"NATO varuje \u00cdr\u00e1n a Hizball\u00e1h, aby net\u011b\u017eily ze situace v Gaze"},"content":{"rendered":"<div id=\"fb-root\"><\/div>\n<p><span style=\"font-size: 18pt;\"><strong>Stoltenberg \u0159\u00edk\u00e1, \u017ee NATO rozm\u00edstilo v regionu sv\u00e9 s\u00edly, aby zabr\u00e1nilo eskalaci<\/strong><\/span><\/p>\n<p><span>Gener\u00e1ln\u00ed tajemn\u00edk NATO Jens Stoltenberg ve \u010dtvrtek\u00a0<\/span><a class=\"ek-link\" href=\"https:\/\/ziare.com\/razboi-israel-hamas\/mesaj-nato-iran-hezbollah-razboi-israel-1830245\"><span>vyzval<\/span><\/a><span>\u00a0n\u00e1rody a organizace \u201enep\u0159\u00e1telsk\u00e9\u201c Izraeli, v\u010detn\u011b \u00cdr\u00e1nu a \u0161\u00editsk\u00e9ho hnut\u00ed Hizball\u00e1h v Libanonu, aby nezneu\u017e\u00edvaly konfrontace mezi izraelsk\u00fdm st\u00e1tem a islamistickou skupinou Hamas, kter\u00e1 by eskalovala konflikt. .<\/span><\/p>\n<p><span>\u201eSituace na Bl\u00edzk\u00e9m v\u00fdchod\u011b je nyn\u00ed velmi obt\u00ed\u017en\u00e1 a samoz\u0159ejm\u011b v\u017edy existuje riziko, \u017ee n\u00e1rody nebo organizace nep\u0159\u00e1telsk\u00e9 Izraeli se pokus\u00ed t\u00e9to situace vyu\u017e\u00edt.\u00a0Jsou to nap\u0159\u00edklad organizace jako Hizball\u00e1h nebo zem\u011b jako \u00cdr\u00e1n,\u201c \u0159ekl Stoltenberg na tiskov\u00e9 konferenci po st\u0159ede\u010dn\u00edm a \u010dtvrte\u010dn\u00edm setk\u00e1n\u00ed ministr\u016f obrany NATO v Bruselu.<\/span><\/p>\n<p><span>\u201eJe to vzkaz zem\u00edm a organizac\u00edm nep\u0159\u00e1telsk\u00fdm v\u016f\u010di Izraeli, \u017ee by se nem\u011bly sna\u017eit vyu\u017e\u00edt situace,\u201c \u0159ekl a dodal, \u017ee USA rozm\u00edstily v regionu vojensk\u00e9 s\u00edly, aby zabr\u00e1nily eskalaci.<\/span><\/p>\n<p><span>Stoltenberg zd\u016fraznil, \u017ee Izrael \u201em\u00e1 pr\u00e1vo se br\u00e1nit\u201c a \u017ee s t\u00edm, jak se konflikt vyv\u00edj\u00ed, \u201eje nezbytn\u00e1 ochrana civilist\u016f\u201c.\u00a0Na \u010dtvrte\u010dn\u00edm zased\u00e1n\u00ed ministr\u016f NATO Stoltenberg \u0159ekl, \u017ee izraelsk\u00fd ministr obrany Yoav Gallant informoval prost\u0159ednictv\u00edm telekonference spojence o \u201estra\u0161liv\u00fdch teroristick\u00fdch \u00fatoc\u00edch Hamasu proti Izraeli a pokra\u010duj\u00edc\u00ed reakci Izraele\u201c.<\/span><\/p>\n<p><span>&#8222;Spojenci d\u016frazn\u011b odsoudili neopr\u00e1vn\u011bn\u00e9 \u00fatoky Ham\u00e1su na civilisty a po\u017eadovali okam\u017eit\u00e9 propu\u0161t\u011bn\u00ed v\u0161ech rukojm\u00edch,&#8220; \u0159ekl a dodal, \u017ee \u0159ada spojenc\u016f &#8222;dala jasn\u011b najevo, \u017ee Izraeli poskytnou praktickou podporu.&#8220;<\/span><\/p>\n<p><span>Stoltenberg zd\u016fraznil, \u017ee NATO jako organizace \u201enen\u00ed p\u0159\u00edmo zapojeno\u201c do v\u00e1lky mezi Izraelem a Ham\u00e1sem, ale uznal, \u017ee je d\u016fle\u017eit\u00e9, \u017ee se dnes minist\u0159i \u010dlensk\u00fdch zem\u00ed zab\u00fdvali situac\u00ed v Izraeli a na palestinsk\u00fdch \u00fazem\u00edch.<\/span><\/p>\n<p><span>\u0158ekl, \u017ee izraelsk\u00fd ministr obrany uk\u00e1zal sv\u00fdm prot\u011bj\u0161k\u016fm z NATO &#8222;\u0161okuj\u00edc\u00ed&#8220; video, kter\u00e9 podle n\u011bj obsahovalo &#8222;stra\u0161n\u00e9!&#8220;\u00a0z\u00e1b\u011bry v\u00edkendov\u00fdch \u00fatok\u016f a ob\u011bt\u00ed.<\/span><\/p>\n<p><span>\u201eJak se tento konflikt vyv\u00edj\u00ed, ochrana civilist\u016f je st\u00e1le d\u016fle\u017eit\u011bj\u0161\u00ed.\u00a0To je n\u00e1zor, kter\u00fd spojenci jasn\u011b vyj\u00e1d\u0159ili.\u00a0Existuj\u00ed pravidla v\u00e1lky, je zde vol\u00e1n\u00ed po proporcionalit\u011b a to v\u0161e tak\u00e9 podtrhlo mnoho spojenc\u016f, kte\u0159\u00ed z\u00e1rove\u0148 velmi jasn\u011b odsoudili brut\u00e1ln\u00ed zv\u011brstva a n\u00e1sil\u00ed, za kter\u00e9 je odpov\u011bdn\u00fd Ham\u00e1s,\u201c \u0159ekl Stoltenberg.<\/span><\/p>\n<p><img decoding=\"async\" loading=\"lazy\" class=\"alignnone size-full wp-image-1185\" src=\"http:\/\/www.infokuryr.cz\/n\/wp-content\/uploads\/2021\/04\/kuryr-podpis.png\" alt=\"\" width=\"84\" height=\"24\" \/><\/p>\n<p>&nbsp;<\/p>\n<p><a href=\"https:\/\/stranapro.cz\/\"><img decoding=\"async\" loading=\"lazy\" class=\"wp-image-30218 aligncenter\" src=\"http:\/\/www.infokuryr.cz\/n\/wp-content\/uploads\/2023\/06\/PRO-banner-300x36.png\" alt=\"\" width=\"725\" height=\"87\" srcset=\"https:\/\/www.infokuryr.cz\/n\/wp-content\/uploads\/2023\/06\/PRO-banner-300x36.png 300w, https:\/\/www.infokuryr.cz\/n\/wp-content\/uploads\/2023\/06\/PRO-banner-768x93.png 768w, https:\/\/www.infokuryr.cz\/n\/wp-content\/uploads\/2023\/06\/PRO-banner.png 849w\" sizes=\"(max-width: 725px) 100vw, 725px\" \/><\/a><\/p>\n<p>&nbsp;<\/p>\n<p>&nbsp;<\/p>\n","protected":false},"excerpt":{"rendered":"<p>Stoltenberg \u0159\u00edk\u00e1, \u017ee NATO rozm\u00edstilo v regionu sv\u00e9 s\u00edly, aby zabr\u00e1nilo eskalaci Gener\u00e1ln\u00ed tajemn\u00edk NATO&#8230;<\/p>\n","protected":false},"author":2,"featured_media":35777,"comment_status":"closed","ping_status":"closed","sticky":false,"template":"","format":"standard","meta":[],"categories":[7],"tags":[348,39,1402],"_links":{"self":[{"href":"https:\/\/www.infokuryr.cz\/n\/wp-json\/wp\/v2\/posts\/38147"}],"collection":[{"href":"https:\/\/www.infokuryr.cz\/n\/wp-json\/wp\/v2\/posts"}],"about":[{"href":"https:\/\/www.infokuryr.cz\/n\/wp-json\/wp\/v2\/types\/post"}],"author":[{"embeddable":true,"href":"https:\/\/www.infokuryr.cz\/n\/wp-json\/wp\/v2\/users\/2"}],"replies":[{"embeddable":true,"href":"https:\/\/www.infokuryr.cz\/n\/wp-json\/wp\/v2\/comments?post=38147"}],"version-history":[{"count":0,"href":"https:\/\/www.infokuryr.cz\/n\/wp-json\/wp\/v2\/posts\/38147\/revisions"}],"wp:featuredmedia":[{"embeddable":true,"href":"https:\/\/www.infokuryr.cz\/n\/wp-json\/wp\/v2\/media\/35777"}],"wp:attachment":[{"href":"https:\/\/www.infokuryr.cz\/n\/wp-json\/wp\/v2\/media?parent=38147"}],"wp:term":[{"taxonomy":"category","embeddable":true,"href":"https:\/\/www.infokuryr.cz\/n\/wp-json\/wp\/v2\/categories?post=38147"},{"taxonomy":"post_tag","embeddable":true,"href":"https:\/\/www.infokuryr.cz\/n\/wp-json\/wp\/v2\/tags?post=38147"}],"curies":[{"name":"wp","href":"https:\/\/api.w.org\/{rel}","templated":true}]}}