{"id":38092,"date":"2023-10-13T01:09:42","date_gmt":"2023-10-12T23:09:42","guid":{"rendered":"http:\/\/www.infokuryr.cz\/n\/?p=38092"},"modified":"2023-10-12T08:31:40","modified_gmt":"2023-10-12T06:31:40","slug":"cerveny-kriz-nemocnice-v-chudobou-suzovane-gaze-se-meni-v-marnice","status":"publish","type":"post","link":"https:\/\/www.infokuryr.cz\/n\/2023\/10\/13\/cerveny-kriz-nemocnice-v-chudobou-suzovane-gaze-se-meni-v-marnice\/","title":{"rendered":"\u010cerven\u00fd k\u0159\u00ed\u017e: Nemocnice v chudobou su\u017eovan\u00e9 Gaze se m\u011bn\u00ed v m\u00e1rnice"},"content":{"rendered":"<div id=\"fb-root\"><\/div>\n<p class=\"lead\"><strong>Nemocnice v p\u00e1smu Gazy &#8222;riskuj\u00ed, \u017ee se prom\u011bn\u00ed v m\u00e1rnice&#8220;, proto\u017ee b\u011bhem izraelsk\u00e9ho bombardov\u00e1n\u00ed enkl\u00e1vy ztr\u00e1cej\u00ed moc, varovali ve \u010dtvrtek z\u00e1stupci Mezin\u00e1rodn\u00edho v\u00fdboru \u010cerven\u00e9ho k\u0159\u00ed\u017ee (ICRC), jak informovala CNN 12. \u0159\u00edjna.<\/strong><\/p>\n<p>Humanit\u00e1rn\u00ed krize rychle roste v Gaze, kde mezin\u00e1rodn\u00ed humanit\u00e1rn\u00ed agentury a m\u00edstn\u00ed zdravotni\u010dt\u00ed p\u0159edstavitel\u00e9 \u0159\u00edkaj\u00ed, \u017ee statis\u00edce lid\u00ed byly nuceny opustit sv\u00e9 domovy kv\u016fli nedostatku j\u00eddla, vody a elekt\u0159iny, co\u017e d\u00e1le zat\u011b\u017euje zdravotnick\u00e1 za\u0159\u00edzen\u00ed.<\/p>\n<p><em>\u201eNemaj\u00ed plyn, ztr\u00e1c\u00ed elekt\u0159inu: nemocnice nemaj\u00ed elekt\u0159inu a t\u00edm neumis\u0165uj\u00ed novorozence do inkub\u00e1tor\u016f, star\u0161\u00ed pacienti dost\u00e1vaj\u00ed kysl\u00edk v ohro\u017een\u00ed,\u201c<span class=\"after-quote\">\u00a0&#8211; \u0159ekl region\u00e1ln\u00ed \u0159editel MV\u010cK pro Bl\u00edzk\u00fd a St\u0159edn\u00ed v\u00fdchod\u00a0<strong>Fabrizio Carboni<\/strong>.<\/span><\/em><\/p>\n<p>Jedin\u00e1 elektr\u00e1rna v Gaze p\u0159estala fungovat, proto\u017ee j\u00ed do\u0161lo palivo, \u0159ekl v\u010dera \u0161\u00e9f energetick\u00e9ho \u00fa\u0159adu palestinsk\u00e9 enkl\u00e1vy.\u00a0Podle \u00fa\u0159edn\u00edka mohou m\u00edstn\u00ed obyvatel\u00e9 st\u00e1le pou\u017e\u00edvat gener\u00e1tory k v\u00fdrob\u011b elekt\u0159iny, ale kv\u016fli blok\u00e1d\u011b ze v\u0161ech stran doch\u00e1z\u00ed palivo pot\u0159ebn\u00e9 k provozu gener\u00e1tor\u016f.<\/p>\n<p>Od minul\u00e9 soboty si n\u00e1lety v Gaze podle palestinsk\u00fdch zdravotn\u00edk\u016f vy\u017e\u00e1daly asi 1200 mrtv\u00fdch a v\u00edce ne\u017e 6000 zran\u011bn\u00fdch.<\/p>\n<p>Nemocnice v Gaze\u00a0<a href=\"https:\/\/eadaily.com\/ru\/news\/2023\/10\/11\/gaza-pogruzhaetsya-v-gumanitarnyy-krizis-bolnicy-i-ubezhishcha-perepolneny\" target=\"_blank\" rel=\"noopener\">jsou p\u0159et\u00ed\u017een\u00e9<\/a>\u00a0a trp\u00ed nedostatkem l\u00e9k\u016f, zdravotnick\u00e9ho materi\u00e1lu a elekt\u0159iny, varovali minulou st\u0159edu L\u00e9ka\u0159i bez hranic (MSF).<\/p>\n<p><img decoding=\"async\" loading=\"lazy\" class=\"alignnone size-full wp-image-1185\" src=\"http:\/\/www.infokuryr.cz\/n\/wp-content\/uploads\/2021\/04\/kuryr-podpis.png\" alt=\"\" width=\"84\" height=\"24\" \/><\/p>\n<p>&nbsp;<\/p>\n<p><a href=\"https:\/\/stranapro.cz\/\"><img decoding=\"async\" loading=\"lazy\" class=\"wp-image-30218 aligncenter\" src=\"http:\/\/www.infokuryr.cz\/n\/wp-content\/uploads\/2023\/06\/PRO-banner-300x36.png\" alt=\"\" width=\"1358\" height=\"163\" srcset=\"https:\/\/www.infokuryr.cz\/n\/wp-content\/uploads\/2023\/06\/PRO-banner-300x36.png 300w, https:\/\/www.infokuryr.cz\/n\/wp-content\/uploads\/2023\/06\/PRO-banner-768x93.png 768w, https:\/\/www.infokuryr.cz\/n\/wp-content\/uploads\/2023\/06\/PRO-banner.png 849w\" sizes=\"(max-width: 1358px) 100vw, 1358px\" \/><\/a><\/p>\n<p>&nbsp;<\/p>\n<p>&nbsp;<\/p>\n<p>&nbsp;<\/p>\n","protected":false},"excerpt":{"rendered":"<p>Nemocnice v p\u00e1smu Gazy &#8222;riskuj\u00ed, \u017ee se prom\u011bn\u00ed v m\u00e1rnice&#8220;, proto\u017ee b\u011bhem izraelsk\u00e9ho bombardov\u00e1n\u00ed enkl\u00e1vy&#8230;<\/p>\n","protected":false},"author":2,"featured_media":38093,"comment_status":"closed","ping_status":"closed","sticky":false,"template":"","format":"standard","meta":[],"categories":[7],"tags":[348,6084,1083],"_links":{"self":[{"href":"https:\/\/www.infokuryr.cz\/n\/wp-json\/wp\/v2\/posts\/38092"}],"collection":[{"href":"https:\/\/www.infokuryr.cz\/n\/wp-json\/wp\/v2\/posts"}],"about":[{"href":"https:\/\/www.infokuryr.cz\/n\/wp-json\/wp\/v2\/types\/post"}],"author":[{"embeddable":true,"href":"https:\/\/www.infokuryr.cz\/n\/wp-json\/wp\/v2\/users\/2"}],"replies":[{"embeddable":true,"href":"https:\/\/www.infokuryr.cz\/n\/wp-json\/wp\/v2\/comments?post=38092"}],"version-history":[{"count":1,"href":"https:\/\/www.infokuryr.cz\/n\/wp-json\/wp\/v2\/posts\/38092\/revisions"}],"predecessor-version":[{"id":38094,"href":"https:\/\/www.infokuryr.cz\/n\/wp-json\/wp\/v2\/posts\/38092\/revisions\/38094"}],"wp:featuredmedia":[{"embeddable":true,"href":"https:\/\/www.infokuryr.cz\/n\/wp-json\/wp\/v2\/media\/38093"}],"wp:attachment":[{"href":"https:\/\/www.infokuryr.cz\/n\/wp-json\/wp\/v2\/media?parent=38092"}],"wp:term":[{"taxonomy":"category","embeddable":true,"href":"https:\/\/www.infokuryr.cz\/n\/wp-json\/wp\/v2\/categories?post=38092"},{"taxonomy":"post_tag","embeddable":true,"href":"https:\/\/www.infokuryr.cz\/n\/wp-json\/wp\/v2\/tags?post=38092"}],"curies":[{"name":"wp","href":"https:\/\/api.w.org\/{rel}","templated":true}]}}