{"id":38088,"date":"2023-10-13T01:07:50","date_gmt":"2023-10-12T23:07:50","guid":{"rendered":"http:\/\/www.infokuryr.cz\/n\/?p=38088"},"modified":"2023-10-12T08:36:55","modified_gmt":"2023-10-12T06:36:55","slug":"podpora-neni-neurcita-rika-bily-dum-ukrajine","status":"publish","type":"post","link":"https:\/\/www.infokuryr.cz\/n\/2023\/10\/13\/podpora-neni-neurcita-rika-bily-dum-ukrajine\/","title":{"rendered":"Podpora nen\u00ed \u201eneur\u010dit\u00e1\u201c, \u0159\u00edk\u00e1 B\u00edl\u00fd d\u016fm Ukrajin\u011b"},"content":{"rendered":"<div id=\"fb-root\"><\/div>\n<p><span style=\"font-size: 18pt;\"><strong>Pokud jde o financov\u00e1n\u00ed Kyjeva, USA \u0159\u00edkaj\u00ed, \u017ee jsou \u201ena konci provazu\u201c<\/strong><\/span><\/p>\n<p>USA doch\u00e1zej\u00ed pen\u00edze pro Ukrajinu, pokud Kongres neschv\u00e1l\u00ed dodate\u010dn\u00e9 financov\u00e1n\u00ed, \u0159ekl ve st\u0159edu novin\u00e1\u0159\u016fm mluv\u010d\u00ed N\u00e1rodn\u00ed bezpe\u010dnostn\u00ed rady John Kirby.<\/p>\n<p><em>&#8222;V bl\u00edzk\u00e9 budoucnosti m\u00e1me prost\u0159edky a \u00fa\u0159ady jak pro Ukrajinu, tak pro Izrael,&#8220;<\/em>\u00a0\u0159ekl Kirby b\u011bhem denn\u00edho tiskov\u00e9ho br\u00edfinku.\u00a0<em>&#8222;Ale vy se nechcete sna\u017eit up\u00e9ct v dlouhodob\u00e9 podpo\u0159e, kdy\u017e jste na konci provazu.&#8220;<\/em><\/p>\n<p><em>&#8222;A na Ukrajin\u011b, pokud jde o financov\u00e1n\u00ed z Ukrajiny, se bl\u00ed\u017e\u00edme ke konci provazu,&#8220;<\/em>\u00a0dodal.\u00a0<em>&#8222;Dnes jsme ozn\u00e1mili 200 milion\u016f dolar\u016f a budeme tuto pomoc udr\u017eovat tak dlouho, jak to p\u016fjde, ale nebude to neomezen\u00e9.&#8220;<\/em><\/p>\n<p>Kdy\u017e byl Kirby po\u017e\u00e1d\u00e1n o definici\u00a0<em>\u201ebl\u00edzk\u00e9ho term\u00ednu\u201c,<\/em>\u00a0\u0159ekl, \u017ee nem\u016f\u017ee uk\u00e1zat na konkr\u00e9tn\u00ed datum, proto\u017ee to z\u00e1vis\u00ed na tom, jak rychle Ukrajina a Izrael vynalo\u017e\u00ed sv\u00e9 vybaven\u00ed a munici, \u201e\u00a0<em>nebo jak\u00e1 je pot\u0159eba a jak\u00e1 je na\u0161e schopnost to ud\u011blat\u201c.<\/em><\/p>\n<p><a href=\"https:\/\/stranapro.cz\/\"><img decoding=\"async\" loading=\"lazy\" class=\"wp-image-30218 aligncenter\" src=\"http:\/\/www.infokuryr.cz\/n\/wp-content\/uploads\/2023\/06\/PRO-banner-300x36.png\" alt=\"\" width=\"1358\" height=\"163\" srcset=\"https:\/\/www.infokuryr.cz\/n\/wp-content\/uploads\/2023\/06\/PRO-banner-300x36.png 300w, https:\/\/www.infokuryr.cz\/n\/wp-content\/uploads\/2023\/06\/PRO-banner-768x93.png 768w, https:\/\/www.infokuryr.cz\/n\/wp-content\/uploads\/2023\/06\/PRO-banner.png 849w\" sizes=\"(max-width: 1358px) 100vw, 1358px\" \/><\/a><\/p>\n<p>V \u00fater\u00fd mluv\u010d\u00ed Pentagonu\u00a0<a href=\"https:\/\/www.rt.com\/news\/584496-pentagon-israel-ukraine-weapons\/\" target=\"_blank\" rel=\"noopener noreferrer\">ujistil novin\u00e1\u0159e<\/a>\u00a0, \u017ee USA jsou schopny\u00a0<em>\u201epokra\u010dovat v na\u0161\u00ed podpo\u0159e Ukrajin\u011b, Izraeli a udr\u017eovat na\u0161i vlastn\u00ed glob\u00e1ln\u00ed p\u0159ipravenost\u201c.<\/em><\/p>\n<p>Kirby v\u0161ak p\u0159ipustil, \u017ee pen\u00edze, kter\u00e9 Kongres d\u0159\u00edve p\u0159id\u011blil Ukrajin\u011b,\u00a0<em>\u201enebudou trvat v\u011b\u010dn\u011b\u201c<\/em>\u00a0a \u017ee z\u00e1konod\u00e1rci mus\u00ed schv\u00e1lit v\u00edce a brzy.<\/p>\n<p><em>&#8222;\u010c\u00edm d\u0159\u00edve bude \u0159e\u010dn\u00edk Sn\u011bmovny, samoz\u0159ejm\u011b, t\u00edm pohodln\u011bj\u0161\u00ed budeme v\u0161ichni, pokud jde o mo\u017enost podporovat Izrael a Ukrajinu,&#8220; \u0159ekl<\/em>\u00a0.<\/p>\n<p>Sn\u011bmovna reprezentant\u016f nem\u00e1 \u0159e\u010dn\u00edka od minul\u00e9ho \u00fater\u00fd, kdy se Kevin McCarthy stal v\u016fbec prvn\u00edm \u0159e\u010dn\u00edkem, kter\u00fd byl sesazen p\u0159i hlasov\u00e1n\u00ed ve Sn\u011bmovn\u011b kv\u016fli \u00fadajn\u00e9 tajn\u00e9 dohod\u011b s B\u00edl\u00fdm domem o schv\u00e1len\u00ed v\u011bt\u0161\u00edho financov\u00e1n\u00ed Ukrajiny.\u00a0N\u011bkolik republik\u00e1n\u016f vedlo obvin\u011bn\u00ed proti sv\u00e9mu kolegovi z Kalifornie, podporovan\u00e9 v\u0161emi men\u0161inov\u00fdmi demokraty.\u00a0<a href=\"https:\/\/www.rt.com\/news\/584695-steve-scalise-house-speaker\/\" target=\"_blank\" rel=\"noopener noreferrer\">Steve Scalise<\/a>\u00a0z Louisiany, republik\u00e1nsk\u00fd kandid\u00e1t na n\u00e1stupce McCarthyho, podporoval financov\u00e1n\u00ed Ukrajiny v minulosti.<\/p>\n<p>Od \u00fanora 2022, kdy konflikt s Ruskem eskaloval, poskytly USA vojenskou pomoc v hodnot\u011b t\u00e9m\u011b\u0159 44 miliard dolar\u016f na Ukrajinu a dal\u0161\u00ed miliardy v hotovosti, humanit\u00e1rn\u00ed a ekonomickou pomoc.<\/p>\n<p><img decoding=\"async\" loading=\"lazy\" class=\"alignnone size-full wp-image-1185\" src=\"http:\/\/www.infokuryr.cz\/n\/wp-content\/uploads\/2021\/04\/kuryr-podpis.png\" alt=\"\" width=\"84\" height=\"24\" \/><\/p>\n<p>&nbsp;<\/p>\n<p>&nbsp;<\/p>\n","protected":false},"excerpt":{"rendered":"<p>Pokud jde o financov\u00e1n\u00ed Kyjeva, USA \u0159\u00edkaj\u00ed, \u017ee jsou \u201ena konci provazu\u201c USA doch\u00e1zej\u00ed pen\u00edze&#8230;<\/p>\n","protected":false},"author":2,"featured_media":38089,"comment_status":"closed","ping_status":"closed","sticky":false,"template":"","format":"standard","meta":[],"categories":[7],"tags":[45,1242,26,37],"_links":{"self":[{"href":"https:\/\/www.infokuryr.cz\/n\/wp-json\/wp\/v2\/posts\/38088"}],"collection":[{"href":"https:\/\/www.infokuryr.cz\/n\/wp-json\/wp\/v2\/posts"}],"about":[{"href":"https:\/\/www.infokuryr.cz\/n\/wp-json\/wp\/v2\/types\/post"}],"author":[{"embeddable":true,"href":"https:\/\/www.infokuryr.cz\/n\/wp-json\/wp\/v2\/users\/2"}],"replies":[{"embeddable":true,"href":"https:\/\/www.infokuryr.cz\/n\/wp-json\/wp\/v2\/comments?post=38088"}],"version-history":[{"count":0,"href":"https:\/\/www.infokuryr.cz\/n\/wp-json\/wp\/v2\/posts\/38088\/revisions"}],"wp:featuredmedia":[{"embeddable":true,"href":"https:\/\/www.infokuryr.cz\/n\/wp-json\/wp\/v2\/media\/38089"}],"wp:attachment":[{"href":"https:\/\/www.infokuryr.cz\/n\/wp-json\/wp\/v2\/media?parent=38088"}],"wp:term":[{"taxonomy":"category","embeddable":true,"href":"https:\/\/www.infokuryr.cz\/n\/wp-json\/wp\/v2\/categories?post=38088"},{"taxonomy":"post_tag","embeddable":true,"href":"https:\/\/www.infokuryr.cz\/n\/wp-json\/wp\/v2\/tags?post=38088"}],"curies":[{"name":"wp","href":"https:\/\/api.w.org\/{rel}","templated":true}]}}