{"id":38083,"date":"2023-10-13T01:05:01","date_gmt":"2023-10-12T23:05:01","guid":{"rendered":"http:\/\/www.infokuryr.cz\/n\/?p=38083"},"modified":"2023-10-12T08:06:12","modified_gmt":"2023-10-12T06:06:12","slug":"pentagon-slibuje-ze-ukrajine-pomuze-vybudovat-jeji-letectvo","status":"publish","type":"post","link":"https:\/\/www.infokuryr.cz\/n\/2023\/10\/13\/pentagon-slibuje-ze-ukrajine-pomuze-vybudovat-jeji-letectvo\/","title":{"rendered":"Pentagon slibuje, \u017ee Ukrajin\u011b pom\u016f\u017ee vybudovat jej\u00ed letectvo"},"content":{"rendered":"<div id=\"fb-root\"><\/div>\n<p><span style=\"font-size: 18pt;\"><strong>USA ozn\u00e1mily, \u017ee \u201evedou\u201c v\u00fdcvikovou koalici F-16 pro Kyjev<\/strong><\/span><\/p>\n<p><span>USA povedou\u00a0<\/span><em><span>\u201ekoalici schopnost\u00ed\u201c<\/span><\/em><span>\u00a0k rozvoji ukrajinsk\u00e9ho letectva, v\u010detn\u011b v\u00fdcviku ukrajinsk\u00fdch pilot\u016f na l\u00e9taj\u00edc\u00edch st\u00edha\u010dk\u00e1ch F-16, \u0159ekl ve st\u0159edu ministr obrany Lloyd Austin.<\/span><\/p>\n<p><em><span>&#8222;Jsem hrd\u00fd na to, \u017ee mohu ozn\u00e1mit, \u017ee Spojen\u00e9 st\u00e1ty znovu vystupuj\u00ed, aby pomohly v\u00e9st koalici zem\u00ed spolupracuj\u00edc\u00edch s Ukrajinou na rozvoji jej\u00edch vzdu\u0161n\u00fdch sil,&#8220;<\/span><\/em><span>\u00a0\u0159ekl Austin novin\u00e1\u0159\u016fm v belgick\u00e9m Bruselu.\u00a0Dodal, \u017ee USA budou\u00a0<\/span><em><span>\u201e\u00fazce koordinovat s Ukrajinou a dal\u0161\u00edmi partnery se zam\u011b\u0159en\u00edm na rozvoj schopnost\u00ed ukrajinsk\u00fdch st\u00edhac\u00edch letoun\u016f F-16\u201c.<\/span><\/em><\/p>\n<p><span>To ukazuje,\u00a0<\/span><em><span>\u017ee \u201ena americk\u00e9m veden\u00ed z\u00e1le\u017e\u00ed,\u201c<\/span><\/em><span>\u00a0\u0159ekl Austin.<\/span><\/p>\n<p><span>\u0160\u00e9f Pentagonu poznamenal, \u017ee D\u00e1nsko a Nizozemsko by\u00a0<\/span><em><span>\u201espole\u010dn\u011b s n\u00e1mi vedly tuto koalici\u201c,<\/span><\/em><span>\u00a0p\u0159i\u010dem\u017e jmenoval zem\u011b, kter\u00e9 se skute\u010dn\u011b\u00a0<\/span><a href=\"https:\/\/twitter.com\/Forsvarsmin\/status\/1678788240973733893\"><span>postavily<\/span><\/a><span>\u00a0iniciativ\u011b F-16 na za\u010d\u00e1tku \u010dervence, bez Washingtonu.<\/span><\/p>\n<p><span>Jakmile USA vstoupily na palubu, americk\u00fd poradce pro n\u00e1rodn\u00ed bezpe\u010dnost Jake Sullivan \u0159ekl, \u017ee Ukrajina nedostane\u00a0<\/span><a href=\"https:\/\/www.rt.com\/news\/579615-ukraine-to-receive-f16\/\"><span>trysk\u00e1\u010de<\/span><\/a><span>\u00a0z Pentagonu, ale\u00a0<\/span><em><span>\u201epravd\u011bpodobn\u011b z evropsk\u00fdch zem\u00ed, kter\u00e9 maj\u00ed p\u0159ebyte\u010dn\u00e9 z\u00e1soby F-16\u201c.<\/span><\/em><\/p>\n<div class=\"read-more large read-more__right\" data-has-alias=\"\"><a href=\"https:\/\/stranapro.cz\/\"><img decoding=\"async\" loading=\"lazy\" class=\"wp-image-30218 aligncenter\" src=\"http:\/\/www.infokuryr.cz\/n\/wp-content\/uploads\/2023\/06\/PRO-banner-300x36.png\" alt=\"\" width=\"1367\" height=\"164\" srcset=\"https:\/\/www.infokuryr.cz\/n\/wp-content\/uploads\/2023\/06\/PRO-banner-300x36.png 300w, https:\/\/www.infokuryr.cz\/n\/wp-content\/uploads\/2023\/06\/PRO-banner-768x93.png 768w, https:\/\/www.infokuryr.cz\/n\/wp-content\/uploads\/2023\/06\/PRO-banner.png 849w\" sizes=\"(max-width: 1367px) 100vw, 1367px\" \/><\/a><\/div>\n<p><span>Po mnoha\u00a0<\/span><a href=\"https:\/\/www.rt.com\/news\/579749-us-delay-f16-training-ukraine\/\"><span>odkladech<\/span><\/a><span>\u00a0daly USA v srpnu D\u00e1nsku a Nizozemsku povolen\u00ed darovat F-16 Kyjevu.\u00a0K v\u00fdcviku ukrajinsk\u00fdch pilot\u016f se zav\u00e1zalo celkem 11 zem\u00ed.\u00a0USA sl\u00edbily, \u017ee zah\u00e1j\u00ed v\u00fduku na z\u00e1kladn\u011b Morris Air National Guard v Arizon\u011b koncem tohoto m\u011bs\u00edce, jakmile kandid\u00e1ti slo\u017e\u00ed zkou\u0161ku z angli\u010dtiny.<\/span><\/p>\n<p><span>F-16 byl navr\u017een v 70. letech 20. stolet\u00ed spole\u010dnost\u00ed General Dynamics a v sou\u010dasn\u00e9 dob\u011b je v omezen\u00e9 produkci Lockheed Martin.\u00a0Ukrajina o n\u011b po\u017e\u00e1dala pot\u00e9, co j\u00ed v t\u011b\u017ek\u00fdch boj\u00edch proti Rusku do\u0161ly st\u00edha\u010dky MiG-29 darovan\u00e9 Slovenskem a Polskem.<\/span><\/p>\n<p><span>Rusk\u00fd prezident Vladimir Putin varoval, \u017ee pokud budou F-16 posl\u00e1ny na Ukrajinu,\u00a0<\/span><em><span>\u201esho\u0159\u00ed\u201c<\/span><\/em><span>\u00a0stejn\u011b jako ostatn\u00ed z\u00e1padn\u00ed hardware dod\u00e1van\u00fd do Kyjeva.\u00a0Ministr zahrani\u010d\u00ed Sergej Lavrov popsal potenci\u00e1ln\u00ed dod\u00e1vky jako eskala\u010dn\u00ed krok s t\u00edm, \u017ee letadla mohou n\u00e9st jadern\u00e9 zbran\u011b.<\/span><\/p>\n<p><span>Podle Austina m\u016f\u017ee Kyjev o\u010dek\u00e1vat p\u0159ijet\u00ed d\u00e1nsk\u00fdch a nizozemsk\u00fdch trysk\u00e1\u010d\u016f nejd\u0159\u00edve\u00a0<\/span><em><span>\u201ep\u0159\u00ed\u0161t\u00ed jaro\u201c.\u00a0<\/span><\/em><span>Belgie tak\u00e9 sl\u00edbila darovat n\u011bkter\u00e9 ze sv\u00fdch F-16 Ukrajin\u011b do roku 2025 za p\u0159edpokladu, \u017ee z\u00edsk\u00e1 povolen\u00ed od USA a podle toho, kter\u00e1 vl\u00e1da vyhraje volby v \u010dervnu 2024.<\/span><\/p>\n<p><img decoding=\"async\" loading=\"lazy\" class=\"alignnone size-full wp-image-1185\" src=\"http:\/\/www.infokuryr.cz\/n\/wp-content\/uploads\/2021\/04\/kuryr-podpis.png\" alt=\"\" width=\"84\" height=\"24\" \/><\/p>\n<p>&nbsp;<\/p>\n<p>&nbsp;<\/p>\n","protected":false},"excerpt":{"rendered":"<p>USA ozn\u00e1mily, \u017ee \u201evedou\u201c v\u00fdcvikovou koalici F-16 pro Kyjev USA povedou\u00a0\u201ekoalici schopnost\u00ed\u201c\u00a0k rozvoji ukrajinsk\u00e9ho letectva,&#8230;<\/p>\n","protected":false},"author":2,"featured_media":38084,"comment_status":"closed","ping_status":"closed","sticky":false,"template":"","format":"standard","meta":[],"categories":[7],"tags":[457,380,26],"_links":{"self":[{"href":"https:\/\/www.infokuryr.cz\/n\/wp-json\/wp\/v2\/posts\/38083"}],"collection":[{"href":"https:\/\/www.infokuryr.cz\/n\/wp-json\/wp\/v2\/posts"}],"about":[{"href":"https:\/\/www.infokuryr.cz\/n\/wp-json\/wp\/v2\/types\/post"}],"author":[{"embeddable":true,"href":"https:\/\/www.infokuryr.cz\/n\/wp-json\/wp\/v2\/users\/2"}],"replies":[{"embeddable":true,"href":"https:\/\/www.infokuryr.cz\/n\/wp-json\/wp\/v2\/comments?post=38083"}],"version-history":[{"count":0,"href":"https:\/\/www.infokuryr.cz\/n\/wp-json\/wp\/v2\/posts\/38083\/revisions"}],"wp:featuredmedia":[{"embeddable":true,"href":"https:\/\/www.infokuryr.cz\/n\/wp-json\/wp\/v2\/media\/38084"}],"wp:attachment":[{"href":"https:\/\/www.infokuryr.cz\/n\/wp-json\/wp\/v2\/media?parent=38083"}],"wp:term":[{"taxonomy":"category","embeddable":true,"href":"https:\/\/www.infokuryr.cz\/n\/wp-json\/wp\/v2\/categories?post=38083"},{"taxonomy":"post_tag","embeddable":true,"href":"https:\/\/www.infokuryr.cz\/n\/wp-json\/wp\/v2\/tags?post=38083"}],"curies":[{"name":"wp","href":"https:\/\/api.w.org\/{rel}","templated":true}]}}