{"id":38078,"date":"2023-10-12T05:28:50","date_gmt":"2023-10-12T03:28:50","guid":{"rendered":"http:\/\/www.infokuryr.cz\/n\/?p=38078"},"modified":"2023-10-12T05:28:50","modified_gmt":"2023-10-12T03:28:50","slug":"jerusalem-post-egypt-nechce-otevirat-koridory-pro-uprchliky-z-pasma-gazy","status":"publish","type":"post","link":"https:\/\/www.infokuryr.cz\/n\/2023\/10\/12\/jerusalem-post-egypt-nechce-otevirat-koridory-pro-uprchliky-z-pasma-gazy\/","title":{"rendered":"Jerusalem Post: Egypt nechce otev\u00edrat koridory pro uprchl\u00edky z p\u00e1sma Gazy"},"content":{"rendered":"<div id=\"fb-root\"><\/div>\n<p class=\"lead\"><strong>Egypt nechce otev\u00edrat koridory pro uprchl\u00edky z p\u00e1sma Gazy, p\u00ed\u0161e Jerusalem Post s odvol\u00e1n\u00edm na zdroje z egyptsk\u00fdch bezpe\u010dnostn\u00edch slu\u017eeb.<\/strong><\/p>\n<p><span>D\u0159\u00edve, jak uvedla CNN, Izrael uvedl, \u017ee prob\u00edhaj\u00ed jedn\u00e1n\u00ed, kter\u00e1 maj\u00ed umo\u017enit ob\u010dan\u016fm USA a palestinsk\u00fdm civilist\u016fm opustit p\u00e1smo Gazy do Egypta p\u0159es kontroln\u00ed stanovi\u0161t\u011b Rafah p\u0159ed zah\u00e1jen\u00edm pravd\u011bpodobn\u00e9 izraelsk\u00e9 pozemn\u00ed operace.<\/span><\/p>\n<p><em>&#8222;Egypt projednal pl\u00e1ny s USA a dal\u0161\u00edmi (zem\u011bmi) na poskytnut\u00ed humanit\u00e1rn\u00ed pomoci p\u0159es hranici do p\u00e1sma Gazy, ale odm\u00edt\u00e1 zva\u017eovat jak\u00e9koli kroky k vytvo\u0159en\u00ed bezpe\u010dn\u00fdch koridor\u016f pro ty, kte\u0159\u00ed prchaj\u00ed z enkl\u00e1vy,&#8220;<span class=\"after-quote\"> &#8211; p\u00ed\u0161\u00ed noviny.<\/span><\/em><\/p>\n<p><span>Jeden ze zdroj\u016f vysv\u011btlil postoj Egypta t\u00edm, \u017ee zem\u011b chce chr\u00e1nit \u201epr\u00e1vo Palestinc\u016f dr\u017eet se sv\u00e9 v\u011bci a sv\u00e9 zem\u011b\u201c.<\/span><\/p>\n<p><span>Izrael byl r\u00e1no 7. \u0159\u00edjna vystaven bezprecedentn\u00edmu raketov\u00e9mu \u00fatoku z p\u00e1sma Gazy.\u00a0Bojovn\u00edci Hamasu nav\u00edc po masivn\u00edch raketov\u00fdch \u00fatoc\u00edch pronikli do pohrani\u010dn\u00edch oblast\u00ed na jihu Izraele.<\/span><\/p>\n<p><span>Vojensk\u00e9 k\u0159\u00eddlo palestinsk\u00e9ho hnut\u00ed Hamas ozn\u00e1milo operaci Al-Aks\u00e1 Povode\u0148 proti Izraeli.\u00a0Izraelsk\u00e9 obrann\u00e9 s\u00edly ozn\u00e1mily zah\u00e1jen\u00ed operace \u017delezn\u00e9 me\u010de proti Hamasu v p\u00e1smu Gazy.\u00a0Izraelsk\u00fd premi\u00e9r\u00a0<\/span><strong><span>Benjamin Netanjahu<\/span><\/strong><span>\u00a0v projevu k n\u00e1rodu \u0159ekl, \u017ee zem\u011b je ve v\u00e1le\u010dn\u00e9m stavu, a \u0159ekl, \u017ee na\u0159\u00eddil rozs\u00e1hlou mobilizaci z\u00e1lo\u017en\u00edk\u016f.\u00a0V \u00fater\u00fd Haaretz s odvol\u00e1n\u00edm na mluv\u010d\u00edho izraelsk\u00fdch obrann\u00fdch sil\u00a0<\/span><strong><span>Daniela Hagariho<\/span><\/strong><span>\u00a0ozn\u00e1mil, \u017ee izraelsk\u00e1 arm\u00e1da p\u0159evzala kontrolu nad v\u0161emi osadami pobl\u00ed\u017e hranic Gazy.\u00a0V sou\u010dasn\u00e9 dob\u011b prob\u00edhaj\u00ed leteck\u00e9 \u00fatoky na c\u00edle, v\u010detn\u011b civilist\u016f, v p\u00e1smu Gazy.<\/span><\/p>\n<p><span>Uprost\u0159ed eskalace konfliktu za\u010dala \u0159ada st\u00e1t\u016f transportovat\u00a0sv\u00e9 ob\u010dany z Izraele.<\/span><\/p>\n<p><span>Po\u010det ob\u011bt\u00ed izraelsk\u00fdch obyvatel v d\u016fsledku eskalace izraelsko-palestinsk\u00e9ho konfliktu p\u0159es\u00e1hl 1200 lid\u00ed, uv\u00e1d\u00ed list Times of Israel.\u00a0Podle posledn\u00edch \u00fadaj\u016f palestinsk\u00e9ho ministerstva zdravotnictv\u00ed p\u0159es\u00e1hl po\u010det ob\u011bt\u00ed izraelsk\u00fdch \u00fader\u016f v p\u00e1smu Gazy 1100.<\/span><\/p>\n<p><img decoding=\"async\" loading=\"lazy\" class=\"alignnone size-full wp-image-1185\" src=\"http:\/\/www.infokuryr.cz\/n\/wp-content\/uploads\/2021\/04\/kuryr-podpis.png\" alt=\"\" width=\"84\" height=\"24\" \/><\/p>\n<p>&nbsp;<\/p>\n<p><a href=\"https:\/\/stranapro.cz\/\"><img decoding=\"async\" loading=\"lazy\" class=\"wp-image-30218 aligncenter\" src=\"http:\/\/www.infokuryr.cz\/n\/wp-content\/uploads\/2023\/06\/PRO-banner-300x36.png\" alt=\"\" width=\"1367\" height=\"164\" srcset=\"https:\/\/www.infokuryr.cz\/n\/wp-content\/uploads\/2023\/06\/PRO-banner-300x36.png 300w, https:\/\/www.infokuryr.cz\/n\/wp-content\/uploads\/2023\/06\/PRO-banner-768x93.png 768w, https:\/\/www.infokuryr.cz\/n\/wp-content\/uploads\/2023\/06\/PRO-banner.png 849w\" sizes=\"(max-width: 1367px) 100vw, 1367px\" \/><\/a><\/p>\n<p>&nbsp;<\/p>\n<p>&nbsp;<\/p>\n<p>&nbsp;<\/p>\n","protected":false},"excerpt":{"rendered":"<p>Egypt nechce otev\u00edrat koridory pro uprchl\u00edky z p\u00e1sma Gazy, p\u00ed\u0161e Jerusalem Post s odvol\u00e1n\u00edm na&#8230;<\/p>\n","protected":false},"author":2,"featured_media":38079,"comment_status":"closed","ping_status":"closed","sticky":false,"template":"","format":"standard","meta":[],"categories":[7],"tags":[3245,348,2612,148],"_links":{"self":[{"href":"https:\/\/www.infokuryr.cz\/n\/wp-json\/wp\/v2\/posts\/38078"}],"collection":[{"href":"https:\/\/www.infokuryr.cz\/n\/wp-json\/wp\/v2\/posts"}],"about":[{"href":"https:\/\/www.infokuryr.cz\/n\/wp-json\/wp\/v2\/types\/post"}],"author":[{"embeddable":true,"href":"https:\/\/www.infokuryr.cz\/n\/wp-json\/wp\/v2\/users\/2"}],"replies":[{"embeddable":true,"href":"https:\/\/www.infokuryr.cz\/n\/wp-json\/wp\/v2\/comments?post=38078"}],"version-history":[{"count":0,"href":"https:\/\/www.infokuryr.cz\/n\/wp-json\/wp\/v2\/posts\/38078\/revisions"}],"wp:featuredmedia":[{"embeddable":true,"href":"https:\/\/www.infokuryr.cz\/n\/wp-json\/wp\/v2\/media\/38079"}],"wp:attachment":[{"href":"https:\/\/www.infokuryr.cz\/n\/wp-json\/wp\/v2\/media?parent=38078"}],"wp:term":[{"taxonomy":"category","embeddable":true,"href":"https:\/\/www.infokuryr.cz\/n\/wp-json\/wp\/v2\/categories?post=38078"},{"taxonomy":"post_tag","embeddable":true,"href":"https:\/\/www.infokuryr.cz\/n\/wp-json\/wp\/v2\/tags?post=38078"}],"curies":[{"name":"wp","href":"https:\/\/api.w.org\/{rel}","templated":true}]}}