{"id":38076,"date":"2023-10-12T05:24:23","date_gmt":"2023-10-12T03:24:23","guid":{"rendered":"http:\/\/www.infokuryr.cz\/n\/?p=38076"},"modified":"2023-10-12T05:24:23","modified_gmt":"2023-10-12T03:24:23","slug":"pri-izraelskem-leteckem-utoku-na-pasmo-gazy-zahynulo-vice-nez-50-lidi","status":"publish","type":"post","link":"https:\/\/www.infokuryr.cz\/n\/2023\/10\/12\/pri-izraelskem-leteckem-utoku-na-pasmo-gazy-zahynulo-vice-nez-50-lidi\/","title":{"rendered":"P\u0159i izraelsk\u00e9m leteck\u00e9m \u00fatoku na p\u00e1smo Gazy zahynulo v\u00edce ne\u017e 50 lid\u00ed"},"content":{"rendered":"<div id=\"fb-root\"><\/div>\n<p class=\"lead\"><strong>Izraelsk\u00e9 letectvo brzy r\u00e1no zah\u00e1jilo s\u00e9rii \u00fatok\u016f na obydlen\u00e9 oblasti v p\u00e1smu Gazy.\u00a0Podle televizn\u00edho kan\u00e1lu Al Mayadeen bylo napadeno 450 pozemn\u00edch c\u00edl\u016f ve m\u011bstech Gaza, Jabaliya a Khan Yunis.<\/strong><\/p>\n<p><span>Podle l\u00e9ka\u0159sk\u00fdch zdroj\u016f se po\u010det ob\u011bt\u00ed od p\u016flnoci zv\u00fd\u0161il na 51, 281 bylo p\u0159evezeno do nemocnic.<\/span><\/p>\n<p><span>K nejv\u011bt\u0161\u00edmu po\u010dtu \u00fader\u016f do\u0161lo ve \u010dtvrt\u00edch Sheikh Radwan, Al-Karama a Khalaf-Barak, kde se nach\u00e1zej\u00ed v\u00edcepodla\u017en\u00ed budovy. Odtud byla p\u0159ivezena v\u011bt\u0161ina ob\u011bt\u00ed a zran\u011bn\u00fdch.<\/span><\/p>\n<p><span>Agentury OSN uvedly, \u017ee rozs\u00e1hl\u00e9 bombardov\u00e1n\u00ed vedlo ke zv\u00fd\u0161en\u00ed toku uprchl\u00edk\u016f z Gazy.\u00a0Nebezpe\u010dn\u00e9 oblasti podle nich opustilo 338 tis\u00edc lid\u00ed.<\/span><\/p>\n<p><span>P\u00e1smo Gazy je jednou z nejhust\u011bji obydlen\u00fdch oblast\u00ed na planet\u011b, rozkl\u00e1d\u00e1 se na plo\u0161e 360 \u200b\u200bmetr\u016f \u010dtvere\u010dn\u00edch km kde \u017eije 2,3 milionu lid\u00ed. V\u011bt\u0161ina obyvatel jsou uprchl\u00edci, kte\u0159\u00ed \u017eij\u00ed v chudob\u011b.<\/span><\/p>\n<p><img decoding=\"async\" loading=\"lazy\" class=\"alignnone size-full wp-image-1185\" src=\"http:\/\/www.infokuryr.cz\/n\/wp-content\/uploads\/2021\/04\/kuryr-podpis.png\" alt=\"\" width=\"84\" height=\"24\" \/><\/p>\n<p>&nbsp;<\/p>\n<p><a href=\"https:\/\/stranapro.cz\/\"><img decoding=\"async\" loading=\"lazy\" class=\"wp-image-30218 aligncenter\" src=\"http:\/\/www.infokuryr.cz\/n\/wp-content\/uploads\/2023\/06\/PRO-banner-300x36.png\" alt=\"\" width=\"1358\" height=\"163\" srcset=\"https:\/\/www.infokuryr.cz\/n\/wp-content\/uploads\/2023\/06\/PRO-banner-300x36.png 300w, https:\/\/www.infokuryr.cz\/n\/wp-content\/uploads\/2023\/06\/PRO-banner-768x93.png 768w, https:\/\/www.infokuryr.cz\/n\/wp-content\/uploads\/2023\/06\/PRO-banner.png 849w\" sizes=\"(max-width: 1358px) 100vw, 1358px\" \/><\/a><\/p>\n<p>&nbsp;<\/p>\n<p>&nbsp;<\/p>\n<p>&nbsp;<\/p>\n","protected":false},"excerpt":{"rendered":"<p>Izraelsk\u00e9 letectvo brzy r\u00e1no zah\u00e1jilo s\u00e9rii \u00fatok\u016f na obydlen\u00e9 oblasti v p\u00e1smu Gazy.\u00a0Podle televizn\u00edho kan\u00e1lu&#8230;<\/p>\n","protected":false},"author":2,"featured_media":38077,"comment_status":"closed","ping_status":"closed","sticky":false,"template":"","format":"standard","meta":[],"categories":[7],"tags":[2011,348,107,3535],"_links":{"self":[{"href":"https:\/\/www.infokuryr.cz\/n\/wp-json\/wp\/v2\/posts\/38076"}],"collection":[{"href":"https:\/\/www.infokuryr.cz\/n\/wp-json\/wp\/v2\/posts"}],"about":[{"href":"https:\/\/www.infokuryr.cz\/n\/wp-json\/wp\/v2\/types\/post"}],"author":[{"embeddable":true,"href":"https:\/\/www.infokuryr.cz\/n\/wp-json\/wp\/v2\/users\/2"}],"replies":[{"embeddable":true,"href":"https:\/\/www.infokuryr.cz\/n\/wp-json\/wp\/v2\/comments?post=38076"}],"version-history":[{"count":0,"href":"https:\/\/www.infokuryr.cz\/n\/wp-json\/wp\/v2\/posts\/38076\/revisions"}],"wp:featuredmedia":[{"embeddable":true,"href":"https:\/\/www.infokuryr.cz\/n\/wp-json\/wp\/v2\/media\/38077"}],"wp:attachment":[{"href":"https:\/\/www.infokuryr.cz\/n\/wp-json\/wp\/v2\/media?parent=38076"}],"wp:term":[{"taxonomy":"category","embeddable":true,"href":"https:\/\/www.infokuryr.cz\/n\/wp-json\/wp\/v2\/categories?post=38076"},{"taxonomy":"post_tag","embeddable":true,"href":"https:\/\/www.infokuryr.cz\/n\/wp-json\/wp\/v2\/tags?post=38076"}],"curies":[{"name":"wp","href":"https:\/\/api.w.org\/{rel}","templated":true}]}}