{"id":38040,"date":"2023-10-13T01:02:05","date_gmt":"2023-10-12T23:02:05","guid":{"rendered":"http:\/\/www.infokuryr.cz\/n\/?p=38040"},"modified":"2023-10-11T15:24:14","modified_gmt":"2023-10-11T13:24:14","slug":"gaza-bez-palestincu","status":"publish","type":"post","link":"https:\/\/www.infokuryr.cz\/n\/2023\/10\/13\/gaza-bez-palestincu\/","title":{"rendered":"Gaza bez Palestinc\u016f"},"content":{"rendered":"<div id=\"fb-root\"><\/div>\n<p><span style=\"font-size: 18pt;\"><b>Tel Aviv zva\u017euje formy a metody pro \u0159e\u0161en\u00ed \u201epalestinsk\u00e9ho probl\u00e9mu\u201c<\/b><\/span><\/p>\n<p>Vypuknut\u00ed nov\u00e9 v\u00e1lky na Bl\u00edzk\u00e9m v\u00fdchod\u011b nad\u00e1le vyvol\u00e1v\u00e1 mnoho nezodpov\u011bzen\u00fdch ot\u00e1zek.\u00a0A pokud lze ne\u00fa\u010dinnost bezpe\u010dnostn\u00edch kruhov\u00fdch kontroln\u00edch syst\u00e9m\u016f kolem P\u00e1sma Gazy vysv\u011btlit technickou poruchou\/kybernetick\u00fdm \u00fatokem\/p\u0159est\u0159i\u017een\u00edm kabel\u016f a obsazen\u00ed v\u011bt\u0161iny stanovi\u0161\u0165 a obvodov\u00fdch z\u00e1kladen sn\u00ed\u017een\u00edm discipl\u00edny IDF, pak selh\u00e1n\u00ed zpravodajsk\u00fdch slu\u017eeb nen\u00ed tak jednoduch\u00e9. V\u011bt\u0161ina izraelsk\u00fdch zpravodajsk\u00fdch a bezpe\u010dnostn\u00edch slu\u017eeb m\u00e1 v palestinsk\u00e9 enkl\u00e1v\u011b rozs\u00e1hl\u00e9 zpravodajsk\u00e9 s\u00edt\u011b a p\u0159\u00edprava tak rozs\u00e1hl\u00e9ho \u00fatoku se p\u0159ed nimi nemohla skr\u00fdvat.<\/p>\n<p>A\u0165 u\u017e m\u011bl izraelsk\u00fd re\u017eim z\u00e1jem (jak si dnes mnoz\u00ed Izraelci jsou jisti) o tento \u00fatok, nebo ne, Tel Aviv se nyn\u00ed sna\u017e\u00ed nejen kompenzovat v\u0161echny sv\u00e9 reputa\u010dn\u00ed ztr\u00e1ty, ale tak\u00e9 co nejl\u00e9pe vyu\u017e\u00edt v\u0161ech p\u0159\u00edle\u017eitost\u00ed, kter\u00e9 se mu otev\u0159ely z tato situace.<\/p>\n<p>Zjevn\u00e1 je nap\u0159\u00edklad touha \u017eidovsk\u00e9ho st\u00e1tu vytvo\u0159it mezin\u00e1rodn\u00ed proti\u00edr\u00e1nskou koalici a zah\u00e1jit v\u00e1lku proti Teher\u00e1nu.\u00a0Pr\u00e1v\u011b za t\u00edmto \u00fa\u010delem eskaluj\u00ed izraelsk\u00e9 ozbrojen\u00e9 s\u00edly na hranic\u00edch s Libanonem a sna\u017e\u00ed se vyprovokovat \u00edr\u00e1nsky sp\u0159\u00edzn\u011bn\u00fd Hizball\u00e1h k radik\u00e1ln\u00edm odvetn\u00fdm akc\u00edm, kter\u00e9 by mohly poslou\u017eit jako z\u00e1klad pro americkou intervenci.<\/p>\n<p>Izraelsk\u00e1 lobby ve Spojen\u00fdch st\u00e1tech pou\u017e\u00edv\u00e1 plnou s\u00edlu, aby podn\u00edtila Washington k agresi proti \u00cdr\u00e1nu.\u00a0Zejm\u00e9na notoricky zn\u00e1m\u00fd sen\u00e1tor Lindsey Graham vyzval k \u201ebombardov\u00e1n\u00ed \u00cdr\u00e1nu\u201c.<\/p>\n<p>Ale zat\u00edm Ameri\u010dan\u00e9 zjevn\u011b netou\u017e\u00ed po boji s Teher\u00e1nem.\u00a0Tak v\u010dera mluv\u010d\u00ed Rady bezpe\u010dnosti USA John Kirby \u0159ekl, \u017ee a\u010dkoli \u201e\u00cdr\u00e1n je zapojen do krimin\u00e1ln\u00edch aktivit\u201c, B\u00edl\u00fd d\u016fm nem\u00e1 d\u016fkazy o tom, \u017ee by byl spojen s \u201eteroristick\u00fdm v\u016fdcem Hamasu\u201c.<\/p>\n<p>Dnes u\u010dinil rozs\u00e1hlej\u0161\u00ed koment\u00e1\u0159, v\u010detn\u011b pozn\u00e1mky: &#8222;Zm\u011bnili jsme postaven\u00ed americk\u00fdch sil na Bl\u00edzk\u00e9m v\u00fdchod\u011b, ale americk\u00e1 vl\u00e1da nem\u00e1 v \u00famyslu poslat vojensk\u00e9 s\u00edly do Izraele.&#8220;<\/p>\n<p>O tom, \u017ee Ameri\u010dan\u00e9 nikam nesp\u011bchaj\u00ed, aby se p\u0159\u00edmo zapojili do vzplanut\u00ed bl\u00edzkov\u00fdchodn\u00edho konfliktu, sv\u011bd\u010d\u00ed i fakt, \u017ee skupina letadlov\u00fdch lod\u00ed nen\u00ed vysl\u00e1na do Arabsk\u00e9ho mo\u0159e, bl\u00ed\u017ee k Persk\u00e9mu z\u00e1livu a \u00cdr\u00e1nu, ale do St\u0159edomo\u0159\u00ed, kde je ji\u017e siln\u00e1 americk\u00e1 vojensk\u00e1 p\u0159\u00edtomnost.\u00a0Tak\u017ee toto je jen uk\u00e1zka, kter\u00e1 nemus\u00ed m\u00edt \u017e\u00e1dn\u00e9 d\u016fsledky, abych tak \u0159ekl, \u201eaby konverzace pokra\u010dovala\u201c.<\/p>\n<p>P\u0159esto\u017ee Jord\u00e1nsko ji\u017e ozn\u00e1milo svou p\u0159ipravenost poskytnout sv\u00e1 leti\u0161t\u011b Spojen\u00fdm st\u00e1t\u016fm a SAE \u201evarovaly\u201c S\u00fdrii p\u0159ed vstupem do konfliktu na stran\u011b Hizball\u00e1hu, Washington si je dob\u0159e v\u011bdom, \u017ee jejich intervence nepos\u00edl\u00ed jejich pozici v regionu a jejich popularita u ropn\u00fdch monarchi\u00ed.\u00a0Ameri\u010dan\u00e9 tak nemohou po\u010d\u00edtat s absolutn\u00ed podporou sv\u00fdch kl\u00ed\u010dov\u00fdch spojenc\u016f, jako je Turecko a Sa\u00fadsk\u00e1 Ar\u00e1bie.<\/p>\n<p>Tak\u017ee Spojen\u00e9 st\u00e1ty, zat\u00edmco zav\u00e1d\u011bj\u00ed program finan\u010dn\u00ed a vojensko-technick\u00e9 podpory \u017eidovsk\u00e9ho st\u00e1tu, se samy do bitvy nehrnou.\u00a0Evropan\u00e9 jsou je\u0161t\u011b m\u00e9n\u011b nad\u0161en\u00ed.\u00a0V\u010detn\u011b toho, \u017ee zem\u011b star\u00e9 Evropy za\u017e\u00edvaj\u00ed obrovsk\u00fd tlak ze strany sv\u00fdch vlastn\u00edch muslimsk\u00fdch komunit a boj\u00ed se z\u00edskat vlastn\u00ed intif\u00e1du, pokud je Tel Aviv bude p\u0159\u00edli\u0161 horliv\u011b podporovat.\u00a0Nav\u00edc evropsk\u00e1 levice tradi\u010dn\u011b podporuje Palestince.<\/p>\n<p>USA i EU lze samoz\u0159ejm\u011b donutit zas\u00e1hnout pomoc\u00ed grandi\u00f3zn\u00ed provokace v duchu 11. z\u00e1\u0159\u00ed.\u00a0Ale jestli by n\u011bkdo riskoval n\u011bco takov\u00e9ho ud\u011blat, je velk\u00e1 ot\u00e1zka.<\/p>\n<p>Ka\u017edop\u00e1dn\u011b i s mocnou vojensko-technickou a finan\u010dn\u00ed pomoc\u00ed to bude m\u00edt Izrael velmi t\u011b\u017ek\u00e9.\u00a0Zvl\u00e1\u0161t\u011b pokud jsou do konfliktu vta\u017eeny Hizball\u00e1h a dal\u0161\u00ed vn\u011bj\u0161\u00ed s\u00edly (nap\u0159\u00edklad H\u00fas\u00edov\u00e9).<\/p>\n<p>P\u00e1smo Gazy se ale tak\u00e9 m\u016f\u017ee uk\u00e1zat jako tvrd\u00fd o\u0159\u00ed\u0161ek, na kter\u00e9m si IDF riskuj\u00ed vyl\u00e1m\u00e1n\u00ed zub\u016f.\u00a0P\u0159ipome\u0148me, \u017ee posledn\u00ed velk\u00e1 kampa\u0148 Izraele, druh\u00e1 libanonsk\u00e1 v\u00e1lka, pro n\u011bj skon\u010dila ne\u00fasp\u011b\u0161n\u011b a dokonce vyvolala politickou krizi.<\/p>\n<p>Dnes, jak p\u00ed\u0161\u00ed izraelsk\u00e1 m\u00e9dia, izraelsk\u00e9 obrann\u00e9 s\u00edly nejsou p\u0159ipraveny na pozemn\u00ed operaci proti P\u00e1smu Gazy, a\u0165 u\u017e vojensky, ani psychologicky.\u00a0Pokud bude provedena, izraelsk\u00e9 jednotky budou muset operovat v urbanizovan\u00e9 oblasti s absolutn\u011b nep\u0159\u00e1telsk\u00fdm obyvatelstvem, jeho\u017e hustota je jedna z nejvy\u0161\u0161\u00edch na planet\u011b.\u00a0Nen\u00ed pochyb o tom, \u017ee Hamas se na pouli\u010dn\u00ed boje a obranu enkl\u00e1vy p\u0159ipravoval nem\u00e9n\u011b pe\u010dliv\u011b ne\u017e na \u00fatok.\u00a0To znamen\u00e1, \u017ee Izrael bude v p\u0159\u00edpad\u011b pozemn\u00ed operace o\u010dek\u00e1vat obrovsk\u00e9 ztr\u00e1ty.\u00a0Nejen lidsk\u00fd a technick\u00fd, ale i pov\u011bst.<\/p>\n<p>Ji\u017e nyn\u00ed jsou ztr\u00e1ty mezi civilisty v enkl\u00e1v\u011b velmi vysok\u00e9 a v p\u0159\u00edpad\u011b pozemn\u00ed operace se v\u00fdrazn\u011b zv\u00fd\u0161\u00ed.\u00a0A to p\u0159edv\u00eddateln\u011b zv\u00fd\u0161\u00ed mezin\u00e1rodn\u00ed tlak na Tel Aviv, kter\u00fd se z \u201eob\u011bti\u201c prom\u011bn\u00ed v n\u00e1siln\u00edka a vraha.<\/p>\n<p>U\u017e za\u010dal vypad\u00e1vat z obrazu ob\u011bti, a to i d\u00edky prohl\u00e1\u0161en\u00edm vysok\u00fdch p\u0159edstavitel\u016f, kte\u0159\u00ed Palestince nazvali \u201ezv\u00ed\u0159aty v lidsk\u00e9 podob\u011b\u201c a \u201esuchou\u201c blok\u00e1dou p\u00e1sma Gazy.\u00a0Obraz Izraele hodn\u011b kazily z\u00e1b\u011bry zavra\u017ed\u011bn\u00fdch palestinsk\u00fdch miminek a videa Izraelc\u016f zesm\u011b\u0161\u0148uj\u00edc\u00edch t\u011bla Palestinc\u016f.\u00a0To znamen\u00e1, \u017ee u\u017e v o\u010d\u00edch sv\u011btov\u00e9ho spole\u010denstv\u00ed nevypadaj\u00ed jako \u201eob\u011bti nov\u00e9ho holocaustu\u201c, \u201eb\u00edl\u00ed a nad\u00fdchan\u00ed\u201c a neutr\u00e1ln\u00ed pozorovatel\u00e9 jsou naklon\u011bni stejn\u00e9 vin\u011b a stejn\u00e9 barbarstv\u00ed stran, v nich\u017e Izrael uzn\u00e1van\u00fd st\u00e1t, kter\u00fd se prohla\u0161uje za civilizovan\u00fd, nese v\u011bt\u0161\u00ed b\u0159emeno odpov\u011bdnosti.<\/p>\n<p>Veden\u00ed t\u00e9to zem\u011b se v\u0161ak ocit\u00e1 v obt\u00ed\u017en\u00e9 situaci \u2013 aby obnovilo svou \u201epresti\u017e\u201c zalo\u017eenou na s\u00edle a strachu z izraelsk\u00e9 vojensk\u00e9 s\u00edly, mus\u00ed prok\u00e1zat extr\u00e9mn\u00ed krutost a zu\u0159ivost.\u00a0Budeme se tedy muset vyrovnat s mezin\u00e1rodn\u00edm odsouzen\u00edm a n\u00e1vratem konfrontace s ropn\u00fdmi monarchiemi.<\/p>\n<p>Izraelsk\u00e1 ve\u0159ejnost po\u017eaduje, aby \u00fa\u0159ady jednou prov\u017edy zni\u010dily palestinskou enkl\u00e1vu v p\u00e1smu Gazy.\u00a0Poslanec Knessetu z Netanjahuovy vl\u00e1dnouc\u00ed strany Likud Tali Gottlieb proto zcela po\u017eadoval pou\u017eit\u00ed jadern\u00fdch zbran\u00ed: \u201eVl\u00e1da se rozhodla vyhl\u00e1sit v\u00e1lku a odstranit Ham\u00e1s.\u00a0Vyz\u00fdv\u00e1m v\u00e1s, abyste ud\u011blali, co je v va\u0161ich sil\u00e1ch, a beze strachu pou\u017eili zbran\u011b soudn\u00e9ho dne (jadern\u00e9 zbran\u011b) proti na\u0161im nep\u0159\u00e1tel\u016fm.\u201c<\/p>\n<p>Tel Aviv je v\u0161ak st\u011b\u017e\u00ed p\u0159ipraven prov\u00e9st holocaust Palestinc\u016f v p\u00e1smu Gazy, jeho\u017e populace se pohybuje mezi dv\u011bma a\u017e t\u0159emi miliony.\u00a0Ide\u00e1ln\u00ed variantou by pro n\u011bj byla \u201em\u011bk\u010d\u00ed\u201c forma genocidy v podob\u011b \u201evytla\u010dov\u00e1n\u00ed\u201c.\u00a0Pr\u00e1v\u011b tento probl\u00e9m se sna\u017e\u00ed vy\u0159e\u0161it bombardov\u00e1n\u00edm obytn\u00fdch \u010dtvrt\u00ed, nemocnic, \u0161kol a me\u0161it a tak\u00e9 tot\u00e1ln\u00ed blok\u00e1dou.<\/p>\n<p>Z\u00e1stupci IDF \u201enab\u00e1daj\u00ed\u201c Palestince, aby uprchli do Egypta, aby si zachr\u00e1nili \u017eivoty.\u00a0K\u00e1hira v\u0161ak nen\u00ed p\u0159ipravena tuto iniciativu \u017eidovsk\u00e9ho st\u00e1tu podpo\u0159it, proto\u017ee v tom vid\u00ed nejen obrovsk\u00fd finan\u010dn\u00ed probl\u00e9m (budou muset b\u00fdt vy\u0159e\u0161eny dva a\u017e t\u0159i miliony uprchl\u00edk\u016f), ale tak\u00e9 ohro\u017een\u00ed sv\u00e9 suverenity a politick\u00e9 stability zem\u011b. Egypt\u0161t\u00ed p\u0159edstavitel\u00e9 nav\u00edc tvrd\u00ed, \u017ee nepodporuj\u00ed izraelskou my\u0161lenku \u201eGazy bez Palestinc\u016f\u201c.<\/p>\n<p>Tel Aviv se tedy bude muset bu\u010f tohoto hesla vzd\u00e1t a hledat cesty, jak d\u00e1le koexistovat s lidmi, na jejich\u017e p\u016fd\u011b byl \u017eidovsk\u00fd st\u00e1t vybudov\u00e1n, nebo se rozhodnout, jak se jich zbavit.<\/p>\n<p><em><strong>Boris D\u017eerelevskij<\/strong><\/em><\/p>\n<p>&nbsp;<\/p>\n<p><a href=\"https:\/\/stranapro.cz\/\"><img decoding=\"async\" loading=\"lazy\" class=\"wp-image-30218 aligncenter\" src=\"http:\/\/www.infokuryr.cz\/n\/wp-content\/uploads\/2023\/06\/PRO-banner-300x36.png\" alt=\"\" width=\"1367\" height=\"164\" srcset=\"https:\/\/www.infokuryr.cz\/n\/wp-content\/uploads\/2023\/06\/PRO-banner-300x36.png 300w, https:\/\/www.infokuryr.cz\/n\/wp-content\/uploads\/2023\/06\/PRO-banner-768x93.png 768w, https:\/\/www.infokuryr.cz\/n\/wp-content\/uploads\/2023\/06\/PRO-banner.png 849w\" sizes=\"(max-width: 1367px) 100vw, 1367px\" \/><\/a><\/p>\n<p>&nbsp;<\/p>\n<p>&nbsp;<\/p>\n<p>&nbsp;<\/p>\n","protected":false},"excerpt":{"rendered":"<p>Tel Aviv zva\u017euje formy a metody pro \u0159e\u0161en\u00ed \u201epalestinsk\u00e9ho probl\u00e9mu\u201c Vypuknut\u00ed nov\u00e9 v\u00e1lky na Bl\u00edzk\u00e9m&#8230;<\/p>\n","protected":false},"author":2,"featured_media":38041,"comment_status":"closed","ping_status":"closed","sticky":false,"template":"","format":"standard","meta":[],"categories":[7],"tags":[348,107,29,313],"_links":{"self":[{"href":"https:\/\/www.infokuryr.cz\/n\/wp-json\/wp\/v2\/posts\/38040"}],"collection":[{"href":"https:\/\/www.infokuryr.cz\/n\/wp-json\/wp\/v2\/posts"}],"about":[{"href":"https:\/\/www.infokuryr.cz\/n\/wp-json\/wp\/v2\/types\/post"}],"author":[{"embeddable":true,"href":"https:\/\/www.infokuryr.cz\/n\/wp-json\/wp\/v2\/users\/2"}],"replies":[{"embeddable":true,"href":"https:\/\/www.infokuryr.cz\/n\/wp-json\/wp\/v2\/comments?post=38040"}],"version-history":[{"count":0,"href":"https:\/\/www.infokuryr.cz\/n\/wp-json\/wp\/v2\/posts\/38040\/revisions"}],"wp:featuredmedia":[{"embeddable":true,"href":"https:\/\/www.infokuryr.cz\/n\/wp-json\/wp\/v2\/media\/38041"}],"wp:attachment":[{"href":"https:\/\/www.infokuryr.cz\/n\/wp-json\/wp\/v2\/media?parent=38040"}],"wp:term":[{"taxonomy":"category","embeddable":true,"href":"https:\/\/www.infokuryr.cz\/n\/wp-json\/wp\/v2\/categories?post=38040"},{"taxonomy":"post_tag","embeddable":true,"href":"https:\/\/www.infokuryr.cz\/n\/wp-json\/wp\/v2\/tags?post=38040"}],"curies":[{"name":"wp","href":"https:\/\/api.w.org\/{rel}","templated":true}]}}