{"id":38030,"date":"2023-10-12T01:16:14","date_gmt":"2023-10-11T23:16:14","guid":{"rendered":"http:\/\/www.infokuryr.cz\/n\/?p=38030"},"modified":"2023-10-11T12:48:23","modified_gmt":"2023-10-11T10:48:23","slug":"nove-zemetreseni-zdevastovalo-afghanistan","status":"publish","type":"post","link":"https:\/\/www.infokuryr.cz\/n\/2023\/10\/12\/nove-zemetreseni-zdevastovalo-afghanistan\/","title":{"rendered":"Nov\u00e9 zem\u011bt\u0159esen\u00ed zdevastovalo Afgh\u00e1nist\u00e1n"},"content":{"rendered":"<div id=\"fb-root\"><\/div>\n<p><span style=\"font-size: 18pt;\"><strong>Ot\u0159es p\u0159ich\u00e1z\u00ed v dob\u011b, kdy m\u00edstn\u00ed afgh\u00e1nsk\u00e9 \u00fa\u0159ady minul\u00fd v\u00edkend \u0159e\u0161ily n\u00e1sledky smrteln\u00e9ho zem\u011bt\u0159esen\u00ed<\/strong><\/span><\/p>\n<p><span>Zem\u011bt\u0159esen\u00ed o s\u00edle 6,3 stupn\u011b zas\u00e1hlo z\u00e1padn\u00ed Afgh\u00e1nist\u00e1n jen n\u011bkolik dn\u00ed po dal\u0161\u00edm velk\u00e9m zem\u011bt\u0159esen\u00ed, kter\u00e9 zabilo p\u0159es 2000 Afgh\u00e1nc\u016f a tis\u00edce dal\u0161\u00edch zranilo, uvedli m\u00edstn\u00ed \u00fa\u0159edn\u00edci.<\/span><\/p>\n<p><span>Americk\u00e1 geologick\u00e1 slu\u017eba US Geological Survey ohl\u00e1sila posledn\u00ed ot\u0159es ve st\u0159edu \u010dasn\u011b r\u00e1no a zaznamenala malou hloubku pouh\u00fdch 9 kilometr\u016f.\u00a0Epicentrum zem\u011bt\u0159esen\u00ed se nach\u00e1zelo v okol\u00ed hlavn\u00edho m\u011bsta provincie Her\u00e1t pobl\u00ed\u017e z\u00e1padn\u00edch hranic s Afgh\u00e1nist\u00e1nem.<\/span><\/p>\n<p><em><span>&#8222;Byl jsem tak vyd\u011b\u0161en\u00fd a \u0161okovan\u00fd, te\u010f se mi to\u010d\u00ed hlava a jen zvrac\u00edm,&#8220;<\/span><\/em><span>\u00a0\u0159ekl m\u00edstn\u00ed obyvatel Mohammad Reza New York Times a dodal, \u017ee\u00a0po sobotn\u00edm zem\u011bt\u0159esen\u00ed o s\u00edle 6,3 stupn\u011b\u00a0<\/span><em><span>si &#8222;myslel, \u017ee je po v\u0161em&#8220; .<\/span><\/em><\/p>\n<div class=\"rtcode\">\n<div class=\"twitter-tweet twitter-tweet-rendered\"><iframe id=\"twitter-widget-0\" class=\"\" title=\"Twitter Tweet\" src=\"https:\/\/platform.twitter.com\/embed\/Tweet.html?creatorScreenName=RT_com&amp;dnt=false&amp;embedId=twitter-widget-0&amp;features=eyJ0ZndfdGltZWxpbmVfbGlzdCI6eyJidWNrZXQiOltdLCJ2ZXJzaW9uIjpudWxsfSwidGZ3X2ZvbGxvd2VyX2NvdW50X3N1bnNldCI6eyJidWNrZXQiOnRydWUsInZlcnNpb24iOm51bGx9LCJ0ZndfdHdlZXRfZWRpdF9iYWNrZW5kIjp7ImJ1Y2tldCI6Im9uIiwidmVyc2lvbiI6bnVsbH0sInRmd19yZWZzcmNfc2Vzc2lvbiI6eyJidWNrZXQiOiJvbiIsInZlcnNpb24iOm51bGx9LCJ0ZndfZm9zbnJfc29mdF9pbnRlcnZlbnRpb25zX2VuYWJsZWQiOnsiYnVja2V0Ijoib24iLCJ2ZXJzaW9uIjpudWxsfSwidGZ3X21peGVkX21lZGlhXzE1ODk3Ijp7ImJ1Y2tldCI6InRyZWF0bWVudCIsInZlcnNpb24iOm51bGx9LCJ0ZndfZXhwZXJpbWVudHNfY29va2llX2V4cGlyYXRpb24iOnsiYnVja2V0IjoxMjA5NjAwLCJ2ZXJzaW9uIjpudWxsfSwidGZ3X3Nob3dfYmlyZHdhdGNoX3Bpdm90c19lbmFibGVkIjp7ImJ1Y2tldCI6Im9uIiwidmVyc2lvbiI6bnVsbH0sInRmd19kdXBsaWNhdGVfc2NyaWJlc190b19zZXR0aW5ncyI6eyJidWNrZXQiOiJvbiIsInZlcnNpb24iOm51bGx9LCJ0ZndfdXNlX3Byb2ZpbGVfaW1hZ2Vfc2hhcGVfZW5hYmxlZCI6eyJidWNrZXQiOiJvbiIsInZlcnNpb24iOm51bGx9LCJ0ZndfdmlkZW9faGxzX2R5bmFtaWNfbWFuaWZlc3RzXzE1MDgyIjp7ImJ1Y2tldCI6InRydWVfYml0cmF0ZSIsInZlcnNpb24iOm51bGx9LCJ0ZndfbGVnYWN5X3RpbWVsaW5lX3N1bnNldCI6eyJidWNrZXQiOnRydWUsInZlcnNpb24iOm51bGx9LCJ0ZndfdHdlZXRfZWRpdF9mcm9udGVuZCI6eyJidWNrZXQiOiJvbiIsInZlcnNpb24iOm51bGx9fQ%3D%3D&amp;frame=false&amp;hideCard=false&amp;hideThread=false&amp;id=1711956994305765427&amp;lang=cs&amp;origin=https%3A%2F%2Fwww.rt.com%2Fnews%2F584625-quake-strikes-devestated-afghanistan%2F&amp;sessionId=bd537fb1552ef4385c13644fa28c16ea732f17c1&amp;siteScreenName=RT_com&amp;theme=light&amp;widgetsVersion=01917f4d1d4cb%3A1696883169554&amp;width=550px\" frameborder=\"0\" scrolling=\"no\" allowfullscreen=\"allowfullscreen\" data-tweet-id=\"1711956994305765427\" data-mce-fragment=\"1\"><\/iframe><\/div>\n<\/div>\n<p><span>Zat\u00edmco afgh\u00e1n\u0161t\u00ed p\u0159edstavitel\u00e9 po st\u0159ede\u010dn\u00edm ot\u0159esu zat\u00edm neozn\u00e1mili ob\u011bti, zdroj spojen\u00fd s nemocnic\u00ed v Her\u00e1tsk\u00e9m semin\u00e1\u0159i TOLO News\u00a0<\/span><a href=\"https:\/\/twitter.com\/TOLOnews\/status\/1711946629220061637\" target=\"_blank\" rel=\"noopener noreferrer\"><span>\u0159ekl<\/span><\/a><span>\u00a0, \u017ee za\u0159\u00edzen\u00ed o\u0161et\u0159ilo 55 zran\u011bn\u00fdch a zaznamenalo jedno \u00famrt\u00ed.<\/span><\/p>\n<p><span>P\u0159edchoz\u00ed zem\u011bt\u0159esen\u00ed srovnalo se zem\u00ed cel\u00e9 vesnice v z\u00e1padn\u00edm Afgh\u00e1nist\u00e1nu a m\u011blo za n\u00e1sledek n\u011bkolik siln\u00fdch n\u00e1sledn\u00fdch ot\u0159es\u016f, kter\u00e9 zp\u016fsobily dal\u0161\u00ed \u0161kody.\u00a0Tamn\u00ed ministerstvo ve\u0159ejn\u00e9ho zdrav\u00ed \u0159\u00edzen\u00e9 Talibanem zat\u00edm potvrdilo v\u00edce ne\u017e 2 500 ob\u011bt\u00ed ve 21 osad\u00e1ch, i kdy\u017e se humanit\u00e1rn\u00ed skupiny ob\u00e1vaj\u00ed, \u017ee toto \u010d\u00edslo bude stoupat, proto\u017ee z\u00e1chran\u00e1\u0159i budou nad\u00e1le vytahovat t\u011bla z ruin.<\/span><\/p>\n<p><span>Afgh\u00e1nsk\u00fd \u0159editel organizace Save the Children Arshad Malik popsal rozsah \u0161kod jako\u00a0<\/span><em><span>\u201eskute\u010dn\u011b znepokojuj\u00edc\u00ed\u201c<\/span><\/em><span>\u00a0a dodal, \u017ee po\u010dty ob\u011bt\u00ed\u00a0<\/span><em><span>\u201eporostou, proto\u017ee lid\u00e9 jsou st\u00e1le uv\u011bzn\u011bni v trosk\u00e1ch sv\u00fdch domov\u016f v Her\u00e1tu\u201c.\u00a0<\/span><\/em><span>Vyzval k\u00a0<\/span><em><span>\u201eurgentn\u00ed injekci\u201c<\/span><\/em><span>\u00a0finan\u010dn\u00edch prost\u0159edk\u016f od mezin\u00e1rodn\u00edho spole\u010denstv\u00ed a vl\u00e1da v K\u00e1bulu \u00fadajn\u011b hled\u00e1 zahrani\u010dn\u00ed pomoc na potraviny, l\u00e9ky a dal\u0161\u00ed pomoc.<\/span><\/p>\n<p><span>Z\u00e1stupce mluv\u010d\u00edho OSN Farhan Haq v \u00fater\u00fd uvedl, \u017ee nejh\u016f\u0159e posti\u017eenou oblast\u00ed je Her\u00e1tsk\u00e1 \u010dtvr\u0165 Zinda Jan, a poznamenal, \u017ee 500 lid\u00ed se st\u00e1le poh\u0159e\u0161uje, krom\u011b 1300 potvrzen\u00fdch \u00famrt\u00ed.<\/span><\/p>\n<p><img decoding=\"async\" loading=\"lazy\" class=\"alignnone size-full wp-image-1185\" src=\"http:\/\/www.infokuryr.cz\/n\/wp-content\/uploads\/2021\/04\/kuryr-podpis.png\" alt=\"\" width=\"84\" height=\"24\" \/><\/p>\n<p>&nbsp;<\/p>\n<p><a href=\"https:\/\/stranapro.cz\/\"><img decoding=\"async\" loading=\"lazy\" class=\"wp-image-30218 aligncenter\" src=\"http:\/\/www.infokuryr.cz\/n\/wp-content\/uploads\/2023\/06\/PRO-banner-300x36.png\" alt=\"\" width=\"1358\" height=\"163\" srcset=\"https:\/\/www.infokuryr.cz\/n\/wp-content\/uploads\/2023\/06\/PRO-banner-300x36.png 300w, https:\/\/www.infokuryr.cz\/n\/wp-content\/uploads\/2023\/06\/PRO-banner-768x93.png 768w, https:\/\/www.infokuryr.cz\/n\/wp-content\/uploads\/2023\/06\/PRO-banner.png 849w\" sizes=\"(max-width: 1358px) 100vw, 1358px\" \/><\/a><\/p>\n<p>&nbsp;<\/p>\n<p>&nbsp;<\/p>\n","protected":false},"excerpt":{"rendered":"<p>Ot\u0159es p\u0159ich\u00e1z\u00ed v dob\u011b, kdy m\u00edstn\u00ed afgh\u00e1nsk\u00e9 \u00fa\u0159ady minul\u00fd v\u00edkend \u0159e\u0161ily n\u00e1sledky smrteln\u00e9ho zem\u011bt\u0159esen\u00ed Zem\u011bt\u0159esen\u00ed&#8230;<\/p>\n","protected":false},"author":2,"featured_media":38031,"comment_status":"closed","ping_status":"closed","sticky":false,"template":"","format":"standard","meta":[],"categories":[7],"tags":[118,871,1038],"_links":{"self":[{"href":"https:\/\/www.infokuryr.cz\/n\/wp-json\/wp\/v2\/posts\/38030"}],"collection":[{"href":"https:\/\/www.infokuryr.cz\/n\/wp-json\/wp\/v2\/posts"}],"about":[{"href":"https:\/\/www.infokuryr.cz\/n\/wp-json\/wp\/v2\/types\/post"}],"author":[{"embeddable":true,"href":"https:\/\/www.infokuryr.cz\/n\/wp-json\/wp\/v2\/users\/2"}],"replies":[{"embeddable":true,"href":"https:\/\/www.infokuryr.cz\/n\/wp-json\/wp\/v2\/comments?post=38030"}],"version-history":[{"count":0,"href":"https:\/\/www.infokuryr.cz\/n\/wp-json\/wp\/v2\/posts\/38030\/revisions"}],"wp:featuredmedia":[{"embeddable":true,"href":"https:\/\/www.infokuryr.cz\/n\/wp-json\/wp\/v2\/media\/38031"}],"wp:attachment":[{"href":"https:\/\/www.infokuryr.cz\/n\/wp-json\/wp\/v2\/media?parent=38030"}],"wp:term":[{"taxonomy":"category","embeddable":true,"href":"https:\/\/www.infokuryr.cz\/n\/wp-json\/wp\/v2\/categories?post=38030"},{"taxonomy":"post_tag","embeddable":true,"href":"https:\/\/www.infokuryr.cz\/n\/wp-json\/wp\/v2\/tags?post=38030"}],"curies":[{"name":"wp","href":"https:\/\/api.w.org\/{rel}","templated":true}]}}