{"id":37981,"date":"2023-10-11T06:46:01","date_gmt":"2023-10-11T04:46:01","guid":{"rendered":"http:\/\/www.infokuryr.cz\/n\/?p=37981"},"modified":"2023-10-11T06:46:01","modified_gmt":"2023-10-11T04:46:01","slug":"usa-oznacily-zmenu-moci-v-nigeru-za-prevrat","status":"publish","type":"post","link":"https:\/\/www.infokuryr.cz\/n\/2023\/10\/11\/usa-oznacily-zmenu-moci-v-nigeru-za-prevrat\/","title":{"rendered":"USA ozna\u010dily zm\u011bnu moci v Nigeru za \u201ep\u0159evrat\u201c"},"content":{"rendered":"<div id=\"fb-root\"><\/div>\n<p><span style=\"font-size: 18pt;\"><strong>Snahy o obnoven\u00ed \u201edemokracie\u201c v africk\u00e9m n\u00e1rod\u011b selhaly, \u0159\u00edk\u00e1 Washington<\/strong><\/span><\/p>\n<p><span>Washington ofici\u00e1ln\u011b ozna\u010dil \u010dervencov\u00e9 p\u0159evzet\u00ed moci novou vojenskou vl\u00e1dou v Nigeru za\u00a0<\/span><em><span>\u201ep\u0159evrat\u201c,<\/span><\/em><span>\u00a0co\u017e je krok, kter\u00fd omezuje schopnost USA spolupracovat se z\u00e1padoafrickou zem\u00ed. Administrativa prezidenta Joea Bidena s t\u00edmto krokem v\u00e1hala n\u011bkolik m\u011bs\u00edc\u016f. na politick\u00e9 d\u016fsledky, podle New York Times.\u00a0<\/span><\/p>\n<p><span>Amerika nyn\u00ed\u00a0<\/span><em><span>\u201epozastav\u00ed v\u011bt\u0161inu americk\u00e9 pomoci vl\u00e1d\u011b Nigeru,\u201c<\/span><\/em><span>\u00a0uvedlo v \u00fater\u00fd ministerstvo zahrani\u010d\u00ed.\u00a0Washington ji\u017e v srpnu pozastavil pomoc Nigeru v hodnot\u011b 200 milion\u016f dolar\u016f.\u00a0Tyto programy maj\u00ed b\u00fdt nyn\u00ed a\u017e do odvol\u00e1n\u00ed pozastaveny spolu s projektem Niger Regional Transportation Compact v hodnot\u011b 302 milion\u016f dolar\u016f a dal\u0161\u00edmi aktivitami.\u00a0<\/span><\/p>\n<p><span>Podle NYT m\u00e1 b\u00fdt rovn\u011b\u017e zastavena obchodn\u00ed a zem\u011bd\u011blsk\u00e1 pomoc ve v\u00fd\u0161i 442 milion\u016f dolar\u016f.<\/span><\/p>\n<p><em><span>\u201eHumanit\u00e1rn\u00ed, potravinov\u00e1 a zdravotn\u00ed pomoc zachra\u0148uj\u00edc\u00ed \u017eivoty ve prosp\u011bch lidu Nigeru\u201c<\/span><\/em><span>\u00a0bude pokra\u010dovat, uvedlo ministerstvo zahrani\u010d\u00ed s t\u00edm, \u017ee Washington hodl\u00e1 spolupracovat s\u00a0<\/span><em><span>\u201eregion\u00e1ln\u00edmi vl\u00e1dami\u201c<\/span><\/em><span>\u00a0v z\u00e1padn\u00ed Africe, v\u010detn\u011b t\u011bch v Nigeru, na\u00a0<\/span><em><span>\u201epokroku sd\u00edlen\u00fdch z\u00e1jmy.\u201d<\/span><\/em><\/p>\n<div class=\"read-more large\" data-has-alias=\"\"><a href=\"https:\/\/stranapro.cz\/\"><img decoding=\"async\" loading=\"lazy\" class=\"wp-image-30218 aligncenter\" src=\"http:\/\/www.infokuryr.cz\/n\/wp-content\/uploads\/2023\/06\/PRO-banner-300x36.png\" alt=\"\" width=\"1358\" height=\"163\" srcset=\"https:\/\/www.infokuryr.cz\/n\/wp-content\/uploads\/2023\/06\/PRO-banner-300x36.png 300w, https:\/\/www.infokuryr.cz\/n\/wp-content\/uploads\/2023\/06\/PRO-banner-768x93.png 768w, https:\/\/www.infokuryr.cz\/n\/wp-content\/uploads\/2023\/06\/PRO-banner.png 849w\" sizes=\"(max-width: 1358px) 100vw, 1358px\" \/><\/a><\/div>\n<p><span>Jak\u00e1koli pozastaven\u00e1 americk\u00e1 pomoc m\u016f\u017ee b\u00fdt obnovena pouze pot\u00e9, co vojensk\u00e1 vl\u00e1da, zn\u00e1m\u00e1 tak\u00e9 jako N\u00e1rodn\u00ed rada pro ochranu vlasti, obnov\u00ed to, co USA naz\u00fdvaly \u201e\u00a0<\/span><em><span>demokratickou spr\u00e1vou v\u011bc\u00ed ve\u0159ejn\u00fdch\u201c<\/span><\/em><span>\u00a0v\u00a0<\/span><em><span>\u201ev\u011brohodn\u00e9m \u010dasov\u00e9m r\u00e1mci\u201c.<\/span><\/em><\/p>\n<p><span>Arm\u00e1da p\u0159evzala moc v Nigeru 26. \u010dervence a svrhla prezidenta Mohameda Bazouma.\u00a0Nov\u00e1 vl\u00e1da rychle p\u0159istoupila k pozastaven\u00ed dohod o vojensk\u00e9 spolupr\u00e1ci s Franci\u00ed a vyhostila francouzsk\u00e9ho velvyslance.\u00a0Pa\u0159\u00ed\u017e zah\u00e1jila stahov\u00e1n\u00ed voj\u00e1k\u016f z Nigeru za\u010d\u00e1tkem tohoto m\u011bs\u00edce.<\/span><\/p>\n<p><span>Americk\u00e1 ambas\u00e1da v Niamey v\u0161ak pokra\u010dovala ve sv\u00e9 pr\u00e1ci a Pentagon \u00fadajn\u011b st\u00e1le posuzuje stav asi 1000 americk\u00fdch voj\u00e1k\u016f um\u00edst\u011bn\u00fdch v Nigeru.\u00a0Podle zpr\u00e1vy CNN z minul\u00e9ho t\u00fddne je nepravd\u011bpodobn\u00e9, \u017ee by USA st\u00e1hly sv\u00e9 voj\u00e1ky ze z\u00e1padoafrick\u00e9 zem\u011b \u00fapln\u011b, ale jejich operace se mohou omezit na shroma\u017e\u010fov\u00e1n\u00ed zpravodajsk\u00fdch informac\u00ed.\u00a0<\/span><\/p>\n<p><span>Washington m\u00e1 v Nigeru n\u011bkolik vojensk\u00fdch z\u00e1kladen, v\u010detn\u011b nejm\u00e9n\u011b dvou bezpilotn\u00edch z\u00e1kladen, na podporu protiteroristick\u00fdch mis\u00ed v Sahelu.\u00a0Americk\u00e9 jednotky \u00fazce spolupracovaly s francouzsk\u00fdmi silami v regionu.<\/span><\/p>\n<p><img decoding=\"async\" loading=\"lazy\" class=\"alignnone size-full wp-image-1185\" src=\"http:\/\/www.infokuryr.cz\/n\/wp-content\/uploads\/2021\/04\/kuryr-podpis.png\" alt=\"\" width=\"84\" height=\"24\" \/><\/p>\n<p>&nbsp;<\/p>\n<p>&nbsp;<\/p>\n<p>&nbsp;<\/p>\n","protected":false},"excerpt":{"rendered":"<p>Snahy o obnoven\u00ed \u201edemokracie\u201c v africk\u00e9m n\u00e1rod\u011b selhaly, \u0159\u00edk\u00e1 Washington Washington ofici\u00e1ln\u011b ozna\u010dil \u010dervencov\u00e9 p\u0159evzet\u00ed&#8230;<\/p>\n","protected":false},"author":2,"featured_media":37982,"comment_status":"closed","ping_status":"closed","sticky":false,"template":"","format":"standard","meta":[],"categories":[7],"tags":[5557,703,37],"_links":{"self":[{"href":"https:\/\/www.infokuryr.cz\/n\/wp-json\/wp\/v2\/posts\/37981"}],"collection":[{"href":"https:\/\/www.infokuryr.cz\/n\/wp-json\/wp\/v2\/posts"}],"about":[{"href":"https:\/\/www.infokuryr.cz\/n\/wp-json\/wp\/v2\/types\/post"}],"author":[{"embeddable":true,"href":"https:\/\/www.infokuryr.cz\/n\/wp-json\/wp\/v2\/users\/2"}],"replies":[{"embeddable":true,"href":"https:\/\/www.infokuryr.cz\/n\/wp-json\/wp\/v2\/comments?post=37981"}],"version-history":[{"count":0,"href":"https:\/\/www.infokuryr.cz\/n\/wp-json\/wp\/v2\/posts\/37981\/revisions"}],"wp:featuredmedia":[{"embeddable":true,"href":"https:\/\/www.infokuryr.cz\/n\/wp-json\/wp\/v2\/media\/37982"}],"wp:attachment":[{"href":"https:\/\/www.infokuryr.cz\/n\/wp-json\/wp\/v2\/media?parent=37981"}],"wp:term":[{"taxonomy":"category","embeddable":true,"href":"https:\/\/www.infokuryr.cz\/n\/wp-json\/wp\/v2\/categories?post=37981"},{"taxonomy":"post_tag","embeddable":true,"href":"https:\/\/www.infokuryr.cz\/n\/wp-json\/wp\/v2\/tags?post=37981"}],"curies":[{"name":"wp","href":"https:\/\/api.w.org\/{rel}","templated":true}]}}