{"id":37972,"date":"2023-10-11T06:08:01","date_gmt":"2023-10-11T04:08:01","guid":{"rendered":"http:\/\/www.infokuryr.cz\/n\/?p=37972"},"modified":"2023-10-11T06:08:01","modified_gmt":"2023-10-11T04:08:01","slug":"bojujeme-proti-lidskym-zviratum-rika-izraelsky-ministr-obrany","status":"publish","type":"post","link":"https:\/\/www.infokuryr.cz\/n\/2023\/10\/11\/bojujeme-proti-lidskym-zviratum-rika-izraelsky-ministr-obrany\/","title":{"rendered":"&#8222;Bojujeme proti lidsk\u00fdm zv\u00ed\u0159at\u016fm&#8220;, \u0159\u00edk\u00e1 izraelsk\u00fd ministr obrany"},"content":{"rendered":"<div id=\"fb-root\"><\/div>\n<section class=\"perex\"><\/section>\n<section class=\"clanek-obsah\">\n<section class=\"perex\"><span style=\"font-size: 18pt;\"><strong>Yoav Gallant odm\u00edtl Gaze p\u0159\u00edstup k \u201eelekt\u0159in\u011b, potravin\u00e1m a palivu<\/strong><\/span><\/p>\n<p>Izraelsk\u00fd ministr obrany ozna\u010dil Palestince za \u201elidsk\u00e1 zv\u00ed\u0159ata\u201c a sl\u00edbil, \u017ee \u201ebude podle toho jednat\u201c, zat\u00edmco st\u00edha\u010dky rozpoutaly masivn\u00ed bombardovac\u00ed kampa\u0148 na p\u00e1smo Gazy.<\/p>\n<\/section>\n<section class=\"clanek-obsah\">Yoav Gallant ozn\u00e1mil \u201e\u00faplnou blok\u00e1du\u201c P\u00e1sma Gazy o rozloze p\u0159ibli\u017en\u011b 365 km2, kde \u017eije 2,3 milionu Palestinc\u016f a kter\u00e9 je od roku 2007 pod blok\u00e1dou vedenou Izraelem.<\/p>\n<p>\u201eNa\u0159\u00eddil jsem \u00fapln\u00e9 obl\u00e9h\u00e1n\u00ed p\u00e1sma Gazy. Nebude tam \u017e\u00e1dn\u00e1 elekt\u0159ina, \u017e\u00e1dn\u00e9 potraviny, \u017e\u00e1dn\u00e9 palivo, v\u0161e je uzav\u0159eno,\u201c \u0159ekl Gallant.<\/p>\n<p>\u201eBojujeme proti lidsk\u00fdm zv\u00ed\u0159at\u016fm a podle toho jedn\u00e1me,\u201c dodal.<\/p>\n<p>Izraelsk\u00e9 letectvo svrhlo na Gazu za posledn\u00edch 20 hodin 2 000 kus\u016f munice a v\u00edce ne\u017e 1 000 tun bomb, uvedla v pond\u011bl\u00ed r\u00e1no arm\u00e1da, kter\u00e1 ost\u0159elovala 20 v\u00fd\u0161kov\u00fdch obytn\u00fdch budov, me\u0161ity, nemocnice, banky a dal\u0161\u00ed civiln\u00ed infrastrukturu.<\/p>\n<p>P\u0159i pokra\u010duj\u00edc\u00edch n\u00e1letech bylo zabito nejm\u00e9n\u011b 500 Palestinc\u016f, z toho 91 d\u011bt\u00ed. Dal\u0161\u00edch 2 700 lid\u00ed bylo zran\u011bno.<\/p>\n<div class=\"twitter-tweet twitter-tweet-rendered\"><iframe id=\"twitter-widget-0\" class=\"\" title=\"Twitter Tweet\" src=\"https:\/\/platform.twitter.com\/embed\/Tweet.html?dnt=false&amp;embedId=twitter-widget-0&amp;features=eyJ0ZndfdGltZWxpbmVfbGlzdCI6eyJidWNrZXQiOltdLCJ2ZXJzaW9uIjpudWxsfSwidGZ3X2ZvbGxvd2VyX2NvdW50X3N1bnNldCI6eyJidWNrZXQiOnRydWUsInZlcnNpb24iOm51bGx9LCJ0ZndfdHdlZXRfZWRpdF9iYWNrZW5kIjp7ImJ1Y2tldCI6Im9uIiwidmVyc2lvbiI6bnVsbH0sInRmd19yZWZzcmNfc2Vzc2lvbiI6eyJidWNrZXQiOiJvbiIsInZlcnNpb24iOm51bGx9LCJ0ZndfZm9zbnJfc29mdF9pbnRlcnZlbnRpb25zX2VuYWJsZWQiOnsiYnVja2V0Ijoib24iLCJ2ZXJzaW9uIjpudWxsfSwidGZ3X21peGVkX21lZGlhXzE1ODk3Ijp7ImJ1Y2tldCI6InRyZWF0bWVudCIsInZlcnNpb24iOm51bGx9LCJ0ZndfZXhwZXJpbWVudHNfY29va2llX2V4cGlyYXRpb24iOnsiYnVja2V0IjoxMjA5NjAwLCJ2ZXJzaW9uIjpudWxsfSwidGZ3X3Nob3dfYmlyZHdhdGNoX3Bpdm90c19lbmFibGVkIjp7ImJ1Y2tldCI6Im9uIiwidmVyc2lvbiI6bnVsbH0sInRmd19kdXBsaWNhdGVfc2NyaWJlc190b19zZXR0aW5ncyI6eyJidWNrZXQiOiJvbiIsInZlcnNpb24iOm51bGx9LCJ0ZndfdXNlX3Byb2ZpbGVfaW1hZ2Vfc2hhcGVfZW5hYmxlZCI6eyJidWNrZXQiOiJvbiIsInZlcnNpb24iOm51bGx9LCJ0ZndfdmlkZW9faGxzX2R5bmFtaWNfbWFuaWZlc3RzXzE1MDgyIjp7ImJ1Y2tldCI6InRydWVfYml0cmF0ZSIsInZlcnNpb24iOm51bGx9LCJ0ZndfbGVnYWN5X3RpbWVsaW5lX3N1bnNldCI6eyJidWNrZXQiOnRydWUsInZlcnNpb24iOm51bGx9LCJ0ZndfdHdlZXRfZWRpdF9mcm9udGVuZCI6eyJidWNrZXQiOiJvbiIsInZlcnNpb24iOm51bGx9fQ%3D%3D&amp;frame=false&amp;hideCard=false&amp;hideThread=false&amp;id=1711338295995551777&amp;lang=cs&amp;origin=https%3A%2F%2Fzvedavec.news%2Fkomentare%2F2023%2F10%2F9820-bojujeme-proti-lidskym-zviratum-rika-izraelsky-ministr-obrany.htm&amp;sessionId=b8d791352913dd927f7224e9dd140e1afeeefc85&amp;theme=light&amp;widgetsVersion=01917f4d1d4cb%3A1696883169554&amp;width=550px\" frameborder=\"0\" scrolling=\"no\" allowfullscreen=\"allowfullscreen\" data-tweet-id=\"1711338295995551777\" data-mce-fragment=\"1\"><\/iframe><\/div>\n<p>Bombardov\u00e1n\u00ed prob\u00edh\u00e1 v dob\u011b, kdy palestinsk\u00e9 ozbrojen\u00e9 skupiny pokra\u010duj\u00ed v boji proti izraelsk\u00fdm jednotk\u00e1m uvnit\u0159 izraelsk\u00e9ho \u00fazem\u00ed.<\/p>\n<p>P\u0159ekvapiv\u00fd palestinsk\u00fd \u00fatok, kter\u00fd za\u010dal v sobotu, si vy\u017e\u00e1dal nejm\u00e9n\u011b 700 mrtv\u00fdch Izraelc\u016f a v\u00edce ne\u017e 2 000 zran\u011bn\u00fdch.<\/p>\n<h2>Co je p\u00e1smo Gazy?<\/h2>\n<p>Gaza byla sou\u010d\u00e1st\u00ed historick\u00e9 Palestiny p\u0159ed vznikem st\u00e1tu Izrael v roce 1948.<\/p>\n<p>P\u0159ibli\u017en\u011b 750 000 Palestinc\u016f bylo z historick\u00e9 Palestiny vyhn\u00e1no v r\u00e1mci takzvan\u00e9\u00a0<a href=\"https:\/\/www.middleeasteye.net\/video\/nakba-why-palestinians-refuse-forget\" target=\"_blank\" rel=\"external noopener\">Al-Nakby<\/a>\u00a0neboli \u201ekatastrofy\u201c.<\/p>\n<p>V\u00edce ne\u017e 60 % Palestinc\u016f v Gaze jsou uprchl\u00edci po vyhn\u00e1n\u00ed rodin z jin\u00fdch \u010d\u00e1st\u00ed Palestiny v roce 1948.<\/p>\n<p>P\u00e1smo Gazy, kter\u00e9 hrani\u010d\u00ed s Izraelem a Egyptem na pob\u0159e\u017e\u00ed St\u0159edozemn\u00edho mo\u0159e, je jednou z nejhust\u011bji os\u00eddlen\u00fdch oblast\u00ed na sv\u011bt\u011b.<\/p>\n<p>P\u00e1smo Gazy bylo b\u011bhem\u00a0<a href=\"http:\/\/www.aljazeera.com\/programmes\/specialseries\/2013\/05\/20135612348774619.html\" target=\"_blank\" rel=\"external noopener\">arabsko-izraelsk\u00e9 v\u00e1lky v roce 1948<\/a>\u00a0obsazeno Egyptem a bylo pod egyptskou kontrolou a\u017e do arabsko-izraelsk\u00e9 v\u00e1lky v roce 1967, kdy bylo \u00fazem\u00ed spolu se Z\u00e1padn\u00edm b\u0159ehem Jord\u00e1nu a v\u00fdchodn\u00edm Jeruzal\u00e9mem zabr\u00e1no a okupov\u00e1no Izraelem.<\/p>\n<p>V roce 2005 se Izrael \u00fadajn\u011b st\u00e1hl z Gazy a p\u0159em\u00edstil p\u0159ibli\u017en\u011b 8 000 \u017eidovsk\u00fdch osadn\u00edk\u016f a izraelsk\u00fdch voj\u00e1k\u016f \u017eij\u00edc\u00edch v 21 osad\u00e1ch v okol\u00ed Gazy na okupovan\u00fd Z\u00e1padn\u00ed b\u0159eh Jord\u00e1nu.<\/p>\n<p>V roce 2007, po volebn\u00edm v\u00edt\u011bzstv\u00ed hnut\u00ed Ham\u00e1s v Gaze, v\u0161ak Izrael reagoval uvalen\u00edm leteck\u00e9, pozemn\u00ed a n\u00e1mo\u0159n\u00ed blok\u00e1dy p\u00e1sma Gazy.<\/p>\n<p>Podle mezin\u00e1rodn\u00edho pr\u00e1va se blok\u00e1da rovn\u00e1\u00a0<a href=\"https:\/\/www.cambridge.org\/core\/journals\/international-and-comparative-law-quarterly\/article\/abs\/status-of-gaza-as-occupied-territory-under-international-law\/654DB8FE844ED96C47AAA3B213D438F0\" target=\"_blank\" rel=\"external noopener\">okupaci p\u00e1sma<\/a>.<\/p>\n<p>Od roku 2008 Izrael podnikl \u010dty\u0159i invaze do Gazy, a to v letech 2008, 2012, 2014 a 2021, kter\u00e9 m\u011bly za n\u00e1sledek smrt tis\u00edc\u016f Palestinc\u016f, v\u011bt\u0161inou civilist\u016f a\u00a0<a href=\"https:\/\/interactive.aljazeera.com\/aje\/2021\/palestine-know-their-names\/index.html\" target=\"_blank\" rel=\"external noopener\">mnoha d\u011bt\u00ed<\/a>.<\/p>\n<p>V\u00fdsledkem kampan\u00ed bylo ni\u010den\u00ed dom\u016f a kancel\u00e1\u0159\u00ed, po\u0161kozen\u00ed potrub\u00ed a infrastruktury pro \u010di\u0161t\u011bn\u00ed odpadn\u00edch vod, co\u017e m\u011blo dopad na pitnou vodu a n\u00e1r\u016fst nemoc\u00ed p\u0159en\u00e1\u0161en\u00fdch vodou.<\/p>\n<p>P\u0159i posledn\u00ed velk\u00e9 operaci v roce 2021 bylo v Gaze zabito nejm\u00e9n\u011b 260 Palestinc\u016f, zat\u00edmco v Izraeli bylo zabito 13 lid\u00ed.<\/p>\n<h2>V\u011bzen\u00ed pod \u0161ir\u00fdm nebem<\/h2>\n<p>Izraelsk\u00e1 blok\u00e1da systematicky znemo\u017e\u0148uje Palestinc\u016fm p\u0159\u00edstup ke slu\u017eb\u00e1m, nemocnic\u00edm, bank\u00e1m a dal\u0161\u00ed \u017eivotn\u011b d\u016fle\u017eit\u00e9 infrastruktu\u0159e, tak\u017ee obyvatelstvo je nuceno existovat ve\u00a0<a href=\"https:\/\/www.middleeasteye.net\/news\/gaza-2020-what-palestinian-life-like-israeli-blockade\" target=\"_blank\" rel=\"external noopener\">zt\u00ed\u017een\u00fdch \u017eivotn\u00edch podm\u00ednk\u00e1ch<\/a>.<\/p>\n<p>V\u00fdsledkem blok\u00e1dy je tak\u00e9 trval\u00fd nedostatek \u010dist\u00e9 vody, elekt\u0159iny a zdravotnick\u00e9ho materi\u00e1lu v oblasti, kter\u00e1 je \u010dasto naz\u00fdv\u00e1na nejv\u011bt\u0161\u00edm v\u011bzen\u00edm pod \u0161ir\u00fdm nebem na sv\u011bt\u011b.<\/p>\n<p>Zhruba 97 % pitn\u00e9 vody v Gaze je kontaminov\u00e1no a obyvatel\u00e9 jsou nuceni \u017e\u00edt s neust\u00e1l\u00fdmi v\u00fdpadky proudu kv\u016fli elektrick\u00e9 s\u00edti, kter\u00e1 byla siln\u011b po\u0161kozena p\u0159i opakovan\u00fdch izraelsk\u00fdch \u00fatoc\u00edch.<\/p>\n<p>Mezit\u00edm \u017eije t\u00e9m\u011b\u0159 60 procent Palestinc\u016f v chudob\u011b a\u00a0<a href=\"http:\/\/www.pcbs.gov.ps\/site\/512\/default.aspx?lang=en&amp;ItemID=3787\" target=\"_blank\" rel=\"external noopener\">nezam\u011bstnanost mlad\u00fdch lid\u00ed dosahuje 63 procent<\/a>.<\/p>\n<p><a href=\"https:\/\/www.unrwa.org\/where-we-work\/gaza-strip\" target=\"_blank\" rel=\"external noopener\">Podle<\/a>\u00a0UNRWA, agentury OSN, kter\u00e1 se star\u00e1 o palestinsk\u00e9 uprchl\u00edky, je v d\u016fsledku dlouholet\u00e9ho konfliktu a blok\u00e1dy 80 procent obyvatel Gazy z\u00e1visl\u00fdch na mezin\u00e1rodn\u00ed pomoci.<\/p>\n<\/section>\n<div class=\"podcarou\">\n<p><a href=\"https:\/\/informationclearinghouse.blog\/2023\/10\/09\/israel-palestine-war-we-are-fighting-human-animals-israeli-defence-minister-says\/\" target=\"_blank\" rel=\"external noopener\">Israel-Palestine war: \u2018We are fighting human animals\u2019, Israeli defence minister says<\/a> vy\u0161el na ICH 9.10.2023. P\u0159eklad\u00a0<a href=\"https:\/\/zvedavec.news\/komentare\/2023\/10\/9820-bojujeme-proti-lidskym-zviratum-rika-izraelsky-ministr-obrany.htm\">Zvedavec.org<\/a><\/p>\n<\/div>\n<\/section>\n<p>&nbsp;<\/p>\n<p><a href=\"https:\/\/stranapro.cz\/\"><img decoding=\"async\" loading=\"lazy\" class=\"wp-image-30218 aligncenter\" src=\"http:\/\/www.infokuryr.cz\/n\/wp-content\/uploads\/2023\/06\/PRO-banner-300x36.png\" alt=\"\" width=\"1358\" height=\"163\" srcset=\"https:\/\/www.infokuryr.cz\/n\/wp-content\/uploads\/2023\/06\/PRO-banner-300x36.png 300w, https:\/\/www.infokuryr.cz\/n\/wp-content\/uploads\/2023\/06\/PRO-banner-768x93.png 768w, https:\/\/www.infokuryr.cz\/n\/wp-content\/uploads\/2023\/06\/PRO-banner.png 849w\" sizes=\"(max-width: 1358px) 100vw, 1358px\" \/><\/a><\/p>\n<p>&nbsp;<\/p>\n<p>&nbsp;<\/p>\n<p>&nbsp;<\/p>\n","protected":false},"excerpt":{"rendered":"<p>Yoav Gallant odm\u00edtl Gaze p\u0159\u00edstup k \u201eelekt\u0159in\u011b, potravin\u00e1m a palivu Izraelsk\u00fd ministr obrany ozna\u010dil Palestince&#8230;<\/p>\n","protected":false},"author":2,"featured_media":13233,"comment_status":"closed","ping_status":"closed","sticky":false,"template":"","format":"standard","meta":[],"categories":[7],"tags":[348,347,107,40],"_links":{"self":[{"href":"https:\/\/www.infokuryr.cz\/n\/wp-json\/wp\/v2\/posts\/37972"}],"collection":[{"href":"https:\/\/www.infokuryr.cz\/n\/wp-json\/wp\/v2\/posts"}],"about":[{"href":"https:\/\/www.infokuryr.cz\/n\/wp-json\/wp\/v2\/types\/post"}],"author":[{"embeddable":true,"href":"https:\/\/www.infokuryr.cz\/n\/wp-json\/wp\/v2\/users\/2"}],"replies":[{"embeddable":true,"href":"https:\/\/www.infokuryr.cz\/n\/wp-json\/wp\/v2\/comments?post=37972"}],"version-history":[{"count":1,"href":"https:\/\/www.infokuryr.cz\/n\/wp-json\/wp\/v2\/posts\/37972\/revisions"}],"predecessor-version":[{"id":37973,"href":"https:\/\/www.infokuryr.cz\/n\/wp-json\/wp\/v2\/posts\/37972\/revisions\/37973"}],"wp:featuredmedia":[{"embeddable":true,"href":"https:\/\/www.infokuryr.cz\/n\/wp-json\/wp\/v2\/media\/13233"}],"wp:attachment":[{"href":"https:\/\/www.infokuryr.cz\/n\/wp-json\/wp\/v2\/media?parent=37972"}],"wp:term":[{"taxonomy":"category","embeddable":true,"href":"https:\/\/www.infokuryr.cz\/n\/wp-json\/wp\/v2\/categories?post=37972"},{"taxonomy":"post_tag","embeddable":true,"href":"https:\/\/www.infokuryr.cz\/n\/wp-json\/wp\/v2\/tags?post=37972"}],"curies":[{"name":"wp","href":"https:\/\/api.w.org\/{rel}","templated":true}]}}