{"id":37909,"date":"2023-10-10T06:16:37","date_gmt":"2023-10-10T04:16:37","guid":{"rendered":"http:\/\/www.infokuryr.cz\/n\/?p=37909"},"modified":"2023-10-10T06:16:37","modified_gmt":"2023-10-10T04:16:37","slug":"hamas-izraelska-armada-se-ukazala-jako-papirovy-tygr","status":"publish","type":"post","link":"https:\/\/www.infokuryr.cz\/n\/2023\/10\/10\/hamas-izraelska-armada-se-ukazala-jako-papirovy-tygr\/","title":{"rendered":"Hamas: Izraelsk\u00e1 arm\u00e1da se uk\u00e1zala jako \u201epap\u00edrov\u00fd tygr\u201c"},"content":{"rendered":"<div id=\"fb-root\"><\/div>\n<p class=\"lead\"><strong>\u00datok Hamasu na Izrael pl\u00e1novalo v\u00edce ne\u017e rok asi p\u016fl tuctu vysok\u00fdch velitel\u016f v p\u00e1smu Gazy a jen mal\u00fd po\u010det v\u011bd\u011bl, kdy za\u010dne, \u0159ekl Ali Barakeh, \u010dlen veden\u00ed hnut\u00ed, The Associated\u00a0<a href=\"https:\/\/apnews.com\/article\/lebanon-israel-palestinian-hamas-hezbollah-iran-2ccfaa49139358e6d2add89878a0cfe4\" target=\"_blank\" rel=\"noopener\">.<\/a>\u00a0Lis.<\/strong><\/p>\n<p><em>\u201eByli jsme p\u0159ekvapeni t\u00edmto velk\u00fdm kolapsem.\u00a0Pl\u00e1novali jsme dos\u00e1hnout ur\u010dit\u00e9ho \u00fasp\u011bchu a vz\u00edt zajatce, abychom je vym\u011bnili.\u00a0Tato arm\u00e1da byla pap\u00edrov\u00fd tygr.&#8220;<span class=\"after-quote\">\u00a0&#8211; poznamenal.<\/span><\/em><\/p>\n<p><span>Ham\u00e1s podle n\u011bj zat\u00edm nasadil jen mal\u00fd po\u010det sv\u00fdch sil.\u00a0Posledn\u00edch boj\u016f se podle n\u011bj z\u00fa\u010dastnilo asi 2 000 bojovn\u00edk\u016f Ham\u00e1su ze 40 000\u010dlenn\u00e9 arm\u00e1dy v p\u00e1smu Gazy.\u00a0Hamas bude tak\u00e9 moci v p\u0159\u00edpad\u011b ne\u00fasp\u011bchu po\u010d\u00edtat se sv\u00fdmi spojenci, v\u010detn\u011b Hizball\u00e1hu, poznamenal Barake.<\/span><\/p>\n<p><span>\u0158ekl tak\u00e9, \u017ee des\u00edtky Izraelc\u016f zajat\u00fdch Hamasem jako rukojm\u00ed budou pou\u017eity k zaji\u0161t\u011bn\u00ed propu\u0161t\u011bn\u00ed v\u0161ech Arab\u016f dr\u017een\u00fdch v izraelsk\u00fdch v\u011bznic\u00edch a tak\u00e9 n\u011bkter\u00fdch Palestinc\u016f uv\u011bzn\u011bn\u00fdch ve Spojen\u00fdch st\u00e1tech na z\u00e1klad\u011b obvin\u011bn\u00ed z financov\u00e1n\u00ed Hamasu.\u00a0Mluv\u010d\u00ed hnut\u00ed varoval, \u017ee Ham\u00e1s je p\u0159ipraven v\u00e9st dlouhou v\u00e1lku s Izraelem.<\/span><\/p>\n<div class=\"bn_news_incut bn-cubes size-xs-s-m-hide bn-news-incut-filled\">\n<div>\n<div id=\"adfox_intext2\">\n<div id=\"yandex_rtb_2212367902\" class=\"UZznxc yandex_rtb_R-A-147144-17\">\n<div><a href=\"https:\/\/stranapro.cz\/\"><img decoding=\"async\" loading=\"lazy\" class=\"wp-image-30218 aligncenter\" src=\"http:\/\/www.infokuryr.cz\/n\/wp-content\/uploads\/2023\/06\/PRO-banner-300x36.png\" alt=\"\" width=\"1367\" height=\"164\" srcset=\"https:\/\/www.infokuryr.cz\/n\/wp-content\/uploads\/2023\/06\/PRO-banner-300x36.png 300w, https:\/\/www.infokuryr.cz\/n\/wp-content\/uploads\/2023\/06\/PRO-banner-768x93.png 768w, https:\/\/www.infokuryr.cz\/n\/wp-content\/uploads\/2023\/06\/PRO-banner.png 849w\" sizes=\"(max-width: 1367px) 100vw, 1367px\" \/><\/a><\/div>\n<\/div>\n<\/div>\n<\/div>\n<\/div>\n<p><span>Den p\u0159edt\u00edm mluv\u010d\u00ed Hamasu\u00a0<\/span><strong><span>Moussa Abu Marz\u00fak<\/span><\/strong><span>\u00a0\u0159ekl, \u017ee hnut\u00ed \u201edos\u00e1hlo v\u0161ech sv\u00fdch c\u00edl\u016f\u201c a je p\u0159ipraveno diskutovat o potenci\u00e1ln\u00edm p\u0159\u00edm\u011b\u0159\u00ed s Izraelem.\u00a0Z\u00e1rove\u0148 vyhro\u017eovali popravou rukojm\u00edch v reakci na ka\u017ed\u00fd <strong>\u201e\u00fader bez varov\u00e1n\u00ed\u201c<\/strong> z Izraele.<\/span><\/p>\n<p><span>7. \u0159\u00edjna Hamas ozn\u00e1mil vojenskou operaci proti Izraeli a zah\u00e1jil raketov\u00e9 \u00fatoky na zemi.\u00a0Jednotky Hamasu vtrhly do pohrani\u010dn\u00edch oblast\u00ed na jihu zem\u011b a zajaly rukojm\u00ed.\u00a0Premi\u00e9r\u00a0<\/span><strong><span>Benjamin Netanjahu<\/span><\/strong><span>\u00a0ozna\u010dil \u00fatok za v\u00e1lku a Izrael pozd\u011bji ofici\u00e1ln\u011b vstoupil do v\u00e1le\u010dn\u00e9ho stavu.\u00a0Den p\u0159edt\u00edm obrann\u00e1 arm\u00e1da zem\u011b ozn\u00e1mila, \u017ee arm\u00e1da p\u0159evzala kontrolu nad v\u0161emi osadami, kam vtrhly jednotky Hamasu.\u00a0Izraelsk\u00fd ministr obrany\u00a0<\/span><strong><span>Yoav Galant<\/span><\/strong><span>\u00a0na\u0159\u00eddil \u00faplnou blok\u00e1du p\u00e1sma Gazy.<\/span><\/p>\n<p><img decoding=\"async\" loading=\"lazy\" class=\"alignnone size-full wp-image-1185\" src=\"http:\/\/www.infokuryr.cz\/n\/wp-content\/uploads\/2021\/04\/kuryr-podpis.png\" alt=\"\" width=\"84\" height=\"24\" \/><\/p>\n<p>&nbsp;<\/p>\n<p>&nbsp;<\/p>\n<p>&nbsp;<\/p>\n","protected":false},"excerpt":{"rendered":"<p>\u00datok Hamasu na Izrael pl\u00e1novalo v\u00edce ne\u017e rok asi p\u016fl tuctu vysok\u00fdch velitel\u016f v p\u00e1smu&#8230;<\/p>\n","protected":false},"author":2,"featured_media":37709,"comment_status":"closed","ping_status":"closed","sticky":false,"template":"","format":"standard","meta":[],"categories":[7],"tags":[348,347,107,220],"_links":{"self":[{"href":"https:\/\/www.infokuryr.cz\/n\/wp-json\/wp\/v2\/posts\/37909"}],"collection":[{"href":"https:\/\/www.infokuryr.cz\/n\/wp-json\/wp\/v2\/posts"}],"about":[{"href":"https:\/\/www.infokuryr.cz\/n\/wp-json\/wp\/v2\/types\/post"}],"author":[{"embeddable":true,"href":"https:\/\/www.infokuryr.cz\/n\/wp-json\/wp\/v2\/users\/2"}],"replies":[{"embeddable":true,"href":"https:\/\/www.infokuryr.cz\/n\/wp-json\/wp\/v2\/comments?post=37909"}],"version-history":[{"count":0,"href":"https:\/\/www.infokuryr.cz\/n\/wp-json\/wp\/v2\/posts\/37909\/revisions"}],"wp:featuredmedia":[{"embeddable":true,"href":"https:\/\/www.infokuryr.cz\/n\/wp-json\/wp\/v2\/media\/37709"}],"wp:attachment":[{"href":"https:\/\/www.infokuryr.cz\/n\/wp-json\/wp\/v2\/media?parent=37909"}],"wp:term":[{"taxonomy":"category","embeddable":true,"href":"https:\/\/www.infokuryr.cz\/n\/wp-json\/wp\/v2\/categories?post=37909"},{"taxonomy":"post_tag","embeddable":true,"href":"https:\/\/www.infokuryr.cz\/n\/wp-json\/wp\/v2\/tags?post=37909"}],"curies":[{"name":"wp","href":"https:\/\/api.w.org\/{rel}","templated":true}]}}