{"id":37828,"date":"2023-10-09T06:42:44","date_gmt":"2023-10-09T04:42:44","guid":{"rendered":"http:\/\/www.infokuryr.cz\/n\/?p=37828"},"modified":"2023-10-09T06:42:44","modified_gmt":"2023-10-09T04:42:44","slug":"bily-dum-potvrdil-smrt-americkych-obcanu-pri-utoku-hamasu-na-izrael","status":"publish","type":"post","link":"https:\/\/www.infokuryr.cz\/n\/2023\/10\/09\/bily-dum-potvrdil-smrt-americkych-obcanu-pri-utoku-hamasu-na-izrael\/","title":{"rendered":"B\u00edl\u00fd d\u016fm potvrdil smrt americk\u00fdch ob\u010dan\u016f p\u0159i \u00fatoku Hamasu na Izrael"},"content":{"rendered":"<div id=\"fb-root\"><\/div>\n<p class=\"lead\"><strong>N\u011bkolik Ameri\u010dan\u016f zem\u0159elo v Izraeli po \u00fatoku Hamasu, uv\u00e1d\u00ed CBS News s odkazem na Radu n\u00e1rodn\u00ed bezpe\u010dnosti B\u00edl\u00e9ho domu.<\/strong><\/p>\n<p><em>\u201eVyjad\u0159ujeme hlubokou soustrast p\u0159\u00edbuzn\u00fdm ob\u011bt\u00ed a rodin\u00e1m v\u0161ech zran\u011bn\u00fdch a p\u0159ejeme brzk\u00e9 uzdraven\u00ed zran\u011bn\u00fdm. Situaci nad\u00e1le pe\u010dliv\u011b sledujeme a z\u016fst\u00e1v\u00e1me v kontaktu s na\u0161imi izraelsk\u00fdmi partnery, zejm\u00e9na m\u00edstn\u00edmi \u00fa\u0159ady.\u201c<span class=\"after-quote\">\u00a0\u2014 televizn\u00ed kan\u00e1l cituje prohl\u00e1\u0161en\u00ed z\u00e1stupce Rady.\u00a0Kolik lid\u00ed p\u0159esn\u011b zem\u0159elo, nen\u00ed uvedeno.<\/span><\/em><\/p>\n<p><span>CNN d\u0159\u00edve s odkazem na zdroj uvedla, \u017ee v Izraeli byli zabiti nejm\u00e9n\u011b t\u0159i Ameri\u010dan\u00e9.<\/span><\/p>\n<p><span>Ozbrojenci Hamasu za\u00fato\u010dili na Izrael 7. \u0159\u00edjna.\u00a0Skupina vyp\u00e1lila tis\u00edce raket na izraelsk\u00e9 \u00fazem\u00ed, ozbrojenci skupiny napadli pohrani\u010dn\u00ed osady a Izrael odpov\u011bd\u011bl ozn\u00e1men\u00edm zah\u00e1jen\u00ed operace \u017delezn\u00e9ho me\u010de a \u00faderem na c\u00edle Hamasu v p\u00e1smu Gazy.<\/span><\/p>\n<p><img decoding=\"async\" loading=\"lazy\" class=\"alignnone size-full wp-image-1185\" src=\"http:\/\/www.infokuryr.cz\/n\/wp-content\/uploads\/2021\/04\/kuryr-podpis.png\" alt=\"\" width=\"84\" height=\"24\" \/><\/p>\n<p>&nbsp;<\/p>\n<p><a href=\"https:\/\/stranapro.cz\/\"><img decoding=\"async\" loading=\"lazy\" class=\"wp-image-30218 aligncenter\" src=\"http:\/\/www.infokuryr.cz\/n\/wp-content\/uploads\/2023\/06\/PRO-banner-300x36.png\" alt=\"\" width=\"1358\" height=\"163\" srcset=\"https:\/\/www.infokuryr.cz\/n\/wp-content\/uploads\/2023\/06\/PRO-banner-300x36.png 300w, https:\/\/www.infokuryr.cz\/n\/wp-content\/uploads\/2023\/06\/PRO-banner-768x93.png 768w, https:\/\/www.infokuryr.cz\/n\/wp-content\/uploads\/2023\/06\/PRO-banner.png 849w\" sizes=\"(max-width: 1358px) 100vw, 1358px\" \/><\/a><\/p>\n<p>&nbsp;<\/p>\n<p>&nbsp;<\/p>\n","protected":false},"excerpt":{"rendered":"<p>N\u011bkolik Ameri\u010dan\u016f zem\u0159elo v Izraeli po \u00fatoku Hamasu, uv\u00e1d\u00ed CBS News s odkazem na Radu&#8230;<\/p>\n","protected":false},"author":2,"featured_media":37829,"comment_status":"closed","ping_status":"closed","sticky":false,"template":"","format":"standard","meta":[],"categories":[7],"tags":[898,347,107,871],"_links":{"self":[{"href":"https:\/\/www.infokuryr.cz\/n\/wp-json\/wp\/v2\/posts\/37828"}],"collection":[{"href":"https:\/\/www.infokuryr.cz\/n\/wp-json\/wp\/v2\/posts"}],"about":[{"href":"https:\/\/www.infokuryr.cz\/n\/wp-json\/wp\/v2\/types\/post"}],"author":[{"embeddable":true,"href":"https:\/\/www.infokuryr.cz\/n\/wp-json\/wp\/v2\/users\/2"}],"replies":[{"embeddable":true,"href":"https:\/\/www.infokuryr.cz\/n\/wp-json\/wp\/v2\/comments?post=37828"}],"version-history":[{"count":0,"href":"https:\/\/www.infokuryr.cz\/n\/wp-json\/wp\/v2\/posts\/37828\/revisions"}],"wp:featuredmedia":[{"embeddable":true,"href":"https:\/\/www.infokuryr.cz\/n\/wp-json\/wp\/v2\/media\/37829"}],"wp:attachment":[{"href":"https:\/\/www.infokuryr.cz\/n\/wp-json\/wp\/v2\/media?parent=37828"}],"wp:term":[{"taxonomy":"category","embeddable":true,"href":"https:\/\/www.infokuryr.cz\/n\/wp-json\/wp\/v2\/categories?post=37828"},{"taxonomy":"post_tag","embeddable":true,"href":"https:\/\/www.infokuryr.cz\/n\/wp-json\/wp\/v2\/tags?post=37828"}],"curies":[{"name":"wp","href":"https:\/\/api.w.org\/{rel}","templated":true}]}}