{"id":37815,"date":"2023-10-09T05:00:31","date_gmt":"2023-10-09T03:00:31","guid":{"rendered":"http:\/\/www.infokuryr.cz\/n\/?p=37815"},"modified":"2023-10-09T05:00:31","modified_gmt":"2023-10-09T03:00:31","slug":"jsou-boje-v-gaze-a-izraeli-falesnou-vlajkou-nechali-ho-probehnout-jejich-cilem-je-vymazat-gazu-z-mapy","status":"publish","type":"post","link":"https:\/\/www.infokuryr.cz\/n\/2023\/10\/09\/jsou-boje-v-gaze-a-izraeli-falesnou-vlajkou-nechali-ho-probehnout-jejich-cilem-je-vymazat-gazu-z-mapy\/","title":{"rendered":"Jsou boje v Gaze a Izraeli &#8222;fale\u0161nou vlajkou&#8220;? Nechali ho prob\u011bhnout. Jejich c\u00edlem je &#8222;vymazat Gazu z mapy&#8220;"},"content":{"rendered":"<div id=\"fb-root\"><\/div>\n<section class=\"perex\"><strong>V sobotu 7. \u0159\u00edjna 2023 brzy r\u00e1no zah\u00e1jil Ham\u00e1s operaci \u201eBou\u0159e Al-Aks\u00e1\u201c, kterou vedl vojensk\u00fd velitel Ham\u00e1su Mohammed Deif. T\u00e9ho\u017e dne Netanjahu potvrdil stav tzv. v\u00e1le\u010dn\u00e9 pohotovosti.<\/strong><\/p>\n<p>Izrael nyn\u00ed ofici\u00e1ln\u011b vyhl\u00e1sil v\u00e1lku Palestin\u011b.<\/p>\n<\/section>\n<section class=\"clanek-obsah\"><em>Vojensk\u00e9 operace jsou v\u017edy pl\u00e1nov\u00e1ny s velk\u00fdm p\u0159edstihem. Byla \u201eoperace Bou\u0159e Al-Aks\u00e1\u201c \u201ep\u0159ekvapiv\u00fdm \u00fatokem\u201c? V\u011bd\u011bl Netanjahu o \u00fatoku Ham\u00e1su p\u0159edem?<\/em><\/p>\n<p><em>Byl p\u0159ed zah\u00e1jen\u00edm \u201eoperace Bou\u0159e Al-Aks\u00e1\u201c pe\u010dliv\u011b zformulov\u00e1n pl\u00e1n veden\u00ed tot\u00e1ln\u00ed v\u00e1lky proti Palestin\u011b?<\/em><\/p>\n<p><em>Michel Chossudovsky, Global Research, 8. \u0159\u00edjna 2023.<\/em><\/p>\n<p>N\u00ed\u017ee si p\u0159e\u010dt\u011bte pronikavou anal\u00fdzu Dr. Philipa Giraldiho, kter\u00e1 poukazuje na pravd\u011bpodobnost \u201efale\u0161n\u00e9 vlajky\u201c a kterou zve\u0159ejnil na sv\u00e9 str\u00e1nce na Facebooku.<\/p>\n<p><em>Jsem jedin\u00fd, kdo \u010detl o projevu Netanjahua nebo n\u011bkoho z jeho kabinetu zhruba p\u0159ed t\u00fddnem, v n\u011bm\u017e se on\/oni mimod\u011bk zm\u00ednili o \u201ev\u00fdvoji bezpe\u010dnostn\u00ed situace\u201c, co\u017e (podle m\u011b) sp\u00ed\u0161e nazna\u010duje, \u017ee mo\u017en\u00e1 v\u011bd\u011bli o v\u00fdvoji v Gaze a rozhodli se ho nechat prob\u011bhnout, aby mohli v odvet\u011b vymazat Gazu z mapy a p\u0159\u00edpadn\u011b spol\u00e9hat na slib USA, \u017ee budou Izraeli \u201ekr\u00fdt z\u00e1da\u201c, a n\u00e1sledn\u011b do toho zat\u00e1hnout \u00cdr\u00e1n a za\u00fato\u010dit na tuto zemi.<\/em><\/p>\n<p><em>Nemohu na to naj\u00edt odkaz, ale m\u00e1m pom\u011brn\u011b silnou vzpom\u00ednku na to, co jsem \u010detl, proto\u017ee jsem si tehdy myslel, \u017ee to poslou\u017e\u00ed jako z\u00e1minka pro dal\u0161\u00ed masakr Palestinc\u016f.<\/em><\/p>\n<p><em>Jako b\u00fdval\u00fd zpravodajsk\u00fd d\u016fstojn\u00edk pova\u017euji za nemo\u017en\u00e9 uv\u011b\u0159it, \u017ee Izrael nem\u011bl uvnit\u0159 Gazy mnoho inform\u00e1tor\u016f a tak\u00e9 elektronick\u00e1 odposlouch\u00e1vac\u00ed za\u0159\u00edzen\u00ed pod\u00e9l cel\u00e9 hrani\u010dn\u00ed zdi, kter\u00e1 by zachytila pohyb skupin a vozidel.<\/em><\/p>\n<p><em>Jin\u00fdmi slovy, cel\u00e1 v\u011bc m\u016f\u017ee b\u00fdt jen tk\u00e1\u0148 l\u017e\u00ed, jak tomu \u010dasto b\u00fdv\u00e1.<\/em><\/p>\n<p>A jak u\u017e to tak b\u00fdv\u00e1, Joe Biden se chyst\u00e1 poslat chud\u00e1kovi mal\u00e9mu Izraeli n\u011bkolik miliard dolar\u016f na \u201eobranu\u201c.<\/p>\n<div class=\"podcarou\">\n<p><a href=\"https:\/\/www.globalresearch.ca\/is-the-gaza-israel-fighting-a-false-flag-they-let-it-happen-their-objective-is-to-wipe-gaza-off-the-map\/5835310\" target=\"_blank\" rel=\"external noopener\">Is the Gaza-Israel Fighting \u201cA False Flag\u201d? They Let it Happen. Their Objective is \u201cto Wipe Gaza off the Map\u201d<\/a>\u00a0vy\u0161el va Global Research 8.10.2023.<\/p>\n<\/div>\n<\/section>\n<p>&nbsp;<\/p>\n<p><a href=\"https:\/\/stranapro.cz\/\"><img decoding=\"async\" loading=\"lazy\" class=\"wp-image-30218 aligncenter\" src=\"http:\/\/www.infokuryr.cz\/n\/wp-content\/uploads\/2023\/06\/PRO-banner-300x36.png\" alt=\"\" width=\"1358\" height=\"163\" srcset=\"https:\/\/www.infokuryr.cz\/n\/wp-content\/uploads\/2023\/06\/PRO-banner-300x36.png 300w, https:\/\/www.infokuryr.cz\/n\/wp-content\/uploads\/2023\/06\/PRO-banner-768x93.png 768w, https:\/\/www.infokuryr.cz\/n\/wp-content\/uploads\/2023\/06\/PRO-banner.png 849w\" sizes=\"(max-width: 1358px) 100vw, 1358px\" \/><\/a><\/p>\n<p>&nbsp;<\/p>\n<p>&nbsp;<\/p>\n<p>&nbsp;<\/p>\n","protected":false},"excerpt":{"rendered":"<p>V sobotu 7. \u0159\u00edjna 2023 brzy r\u00e1no zah\u00e1jil Ham\u00e1s operaci \u201eBou\u0159e Al-Aks\u00e1\u201c, kterou vedl vojensk\u00fd&#8230;<\/p>\n","protected":false},"author":2,"featured_media":1599,"comment_status":"closed","ping_status":"closed","sticky":false,"template":"","format":"standard","meta":[],"categories":[7],"tags":[348,107,313,40],"_links":{"self":[{"href":"https:\/\/www.infokuryr.cz\/n\/wp-json\/wp\/v2\/posts\/37815"}],"collection":[{"href":"https:\/\/www.infokuryr.cz\/n\/wp-json\/wp\/v2\/posts"}],"about":[{"href":"https:\/\/www.infokuryr.cz\/n\/wp-json\/wp\/v2\/types\/post"}],"author":[{"embeddable":true,"href":"https:\/\/www.infokuryr.cz\/n\/wp-json\/wp\/v2\/users\/2"}],"replies":[{"embeddable":true,"href":"https:\/\/www.infokuryr.cz\/n\/wp-json\/wp\/v2\/comments?post=37815"}],"version-history":[{"count":0,"href":"https:\/\/www.infokuryr.cz\/n\/wp-json\/wp\/v2\/posts\/37815\/revisions"}],"wp:featuredmedia":[{"embeddable":true,"href":"https:\/\/www.infokuryr.cz\/n\/wp-json\/wp\/v2\/media\/1599"}],"wp:attachment":[{"href":"https:\/\/www.infokuryr.cz\/n\/wp-json\/wp\/v2\/media?parent=37815"}],"wp:term":[{"taxonomy":"category","embeddable":true,"href":"https:\/\/www.infokuryr.cz\/n\/wp-json\/wp\/v2\/categories?post=37815"},{"taxonomy":"post_tag","embeddable":true,"href":"https:\/\/www.infokuryr.cz\/n\/wp-json\/wp\/v2\/tags?post=37815"}],"curies":[{"name":"wp","href":"https:\/\/api.w.org\/{rel}","templated":true}]}}