{"id":37813,"date":"2023-10-09T04:57:48","date_gmt":"2023-10-09T02:57:48","guid":{"rendered":"http:\/\/www.infokuryr.cz\/n\/?p=37813"},"modified":"2023-10-09T04:57:48","modified_gmt":"2023-10-09T02:57:48","slug":"v-nemecku-uz-je-tolik-muslimu-ze-prestavaji-stacit-hrbitovy-na-jejich-pohrbivani","status":"publish","type":"post","link":"https:\/\/www.infokuryr.cz\/n\/2023\/10\/09\/v-nemecku-uz-je-tolik-muslimu-ze-prestavaji-stacit-hrbitovy-na-jejich-pohrbivani\/","title":{"rendered":"V N\u011bmecku u\u017e je tolik muslim\u016f, \u017ee p\u0159est\u00e1vaj\u00ed sta\u010dit h\u0159bitovy na jejich poh\u0159b\u00edv\u00e1n\u00ed\u2026."},"content":{"rendered":"<div id=\"fb-root\"><\/div>\n<p>V<strong>\u00a0N\u011bmecku prudce roste po\u010det muslim\u016f a to p\u0159in\u00e1\u0161\u00ed i praktick\u00e9 pot\u00ed\u017ee. P\u0159est\u00e1vaj\u00ed sta\u010dit muslimks\u00e9 h\u0159bitovy<\/strong>. V N\u011bmecku je aktu\u00e1ln\u011b kolem 10-12 milion\u016f muslim\u016f. Ofici\u00e1ln\u00ed \u010d\u00edsla sice mluv\u00ed o 5 milionech muslim\u016f, ale to je takov\u00e1 liber\u00e1ln\u011b demokratick\u00e1 matematika. Proto\u017ee p\u0159ed roke 2014 jich v zemi bylo 6 milion\u016f a dal\u0161\u00edch zhruba 4-6 p\u0159i\u0161lo v r\u00e1mci kampan\u011b \u201ev\u00e1le\u010dn\u00ed uprchl\u00edci z cel\u00e9 Afriky\u201c. Tak\u017ee jich celkem logicky nem\u016f\u017ee b\u00fdt nyn\u00ed 5 milion\u016f. Zapomenout nelze ani na vysokou porodnost muslimsk\u00fdch matek.<\/p>\n<p><strong>Muslimov\u00e9 proto po\u017eaduj\u00ed z\u0159\u00edzen\u00ed dal\u0161\u00edch\u00a0<a href=\"https:\/\/www.dw.com\/en\/germany-sees-shortage-of-graves-for-muslims\/a-64668362\">muslimsk\u00fdch poh\u0159ebi\u0161\u0165<\/a>, kter\u00e1 budou nejl\u00e9pe pod jejich spr\u00e1vou. Islamizace N\u011bmecka b\u011b\u017e\u00ed na pln\u00e9 obr\u00e1tky a zastavit j\u00ed u\u017e asi nejde. Bohu\u017eel na podobn\u00fd trend nasko\u010dilo i \u010cesko.<\/strong><\/p>\n<p><img decoding=\"async\" loading=\"lazy\" class=\"alignnone size-full wp-image-1185\" src=\"http:\/\/www.infokuryr.cz\/n\/wp-content\/uploads\/2021\/04\/kuryr-podpis.png\" alt=\"\" width=\"84\" height=\"24\" \/><\/p>\n<p>&nbsp;<\/p>\n<p><a href=\"https:\/\/stranapro.cz\/\"><img decoding=\"async\" loading=\"lazy\" class=\"wp-image-30218 aligncenter\" src=\"http:\/\/www.infokuryr.cz\/n\/wp-content\/uploads\/2023\/06\/PRO-banner-300x36.png\" alt=\"\" width=\"1367\" height=\"164\" srcset=\"https:\/\/www.infokuryr.cz\/n\/wp-content\/uploads\/2023\/06\/PRO-banner-300x36.png 300w, https:\/\/www.infokuryr.cz\/n\/wp-content\/uploads\/2023\/06\/PRO-banner-768x93.png 768w, https:\/\/www.infokuryr.cz\/n\/wp-content\/uploads\/2023\/06\/PRO-banner.png 849w\" sizes=\"(max-width: 1367px) 100vw, 1367px\" \/><\/a><\/p>\n<p>&nbsp;<\/p>\n<p>&nbsp;<\/p>\n<p>&nbsp;<\/p>\n","protected":false},"excerpt":{"rendered":"<p>V\u00a0N\u011bmecku prudce roste po\u010det muslim\u016f a to p\u0159in\u00e1\u0161\u00ed i praktick\u00e9 pot\u00ed\u017ee. P\u0159est\u00e1vaj\u00ed sta\u010dit muslimks\u00e9 h\u0159bitovy&#8230;.<\/p>\n","protected":false},"author":2,"featured_media":37814,"comment_status":"closed","ping_status":"closed","sticky":false,"template":"","format":"standard","meta":[],"categories":[7],"tags":[6064,44,84],"_links":{"self":[{"href":"https:\/\/www.infokuryr.cz\/n\/wp-json\/wp\/v2\/posts\/37813"}],"collection":[{"href":"https:\/\/www.infokuryr.cz\/n\/wp-json\/wp\/v2\/posts"}],"about":[{"href":"https:\/\/www.infokuryr.cz\/n\/wp-json\/wp\/v2\/types\/post"}],"author":[{"embeddable":true,"href":"https:\/\/www.infokuryr.cz\/n\/wp-json\/wp\/v2\/users\/2"}],"replies":[{"embeddable":true,"href":"https:\/\/www.infokuryr.cz\/n\/wp-json\/wp\/v2\/comments?post=37813"}],"version-history":[{"count":0,"href":"https:\/\/www.infokuryr.cz\/n\/wp-json\/wp\/v2\/posts\/37813\/revisions"}],"wp:featuredmedia":[{"embeddable":true,"href":"https:\/\/www.infokuryr.cz\/n\/wp-json\/wp\/v2\/media\/37814"}],"wp:attachment":[{"href":"https:\/\/www.infokuryr.cz\/n\/wp-json\/wp\/v2\/media?parent=37813"}],"wp:term":[{"taxonomy":"category","embeddable":true,"href":"https:\/\/www.infokuryr.cz\/n\/wp-json\/wp\/v2\/categories?post=37813"},{"taxonomy":"post_tag","embeddable":true,"href":"https:\/\/www.infokuryr.cz\/n\/wp-json\/wp\/v2\/tags?post=37813"}],"curies":[{"name":"wp","href":"https:\/\/api.w.org\/{rel}","templated":true}]}}