{"id":37793,"date":"2023-10-09T01:13:08","date_gmt":"2023-10-08T23:13:08","guid":{"rendered":"http:\/\/www.infokuryr.cz\/n\/?p=37793"},"modified":"2023-10-08T17:30:57","modified_gmt":"2023-10-08T15:30:57","slug":"jsme-naprosto-sokovani-skodami-co-rikaji-obycejni-lide-v-gaze-o-izraelske-odvete","status":"publish","type":"post","link":"https:\/\/www.infokuryr.cz\/n\/2023\/10\/09\/jsme-naprosto-sokovani-skodami-co-rikaji-obycejni-lide-v-gaze-o-izraelske-odvete\/","title":{"rendered":"&#8222;Jsme naprosto \u0161okov\u00e1ni \u0161kodami&#8220;: Co \u0159\u00edkaj\u00ed oby\u010dejn\u00ed lid\u00e9 v Gaze o izraelsk\u00e9 odvet\u011b?"},"content":{"rendered":"<div id=\"fb-root\"><\/div>\n<p><span style=\"font-size: 18pt;\"><strong>M\u00edstn\u00ed obyvatel \u0159\u00edk\u00e1, \u017ee \u017e\u00e1dn\u00e1 ulice nez\u016fstala nepo\u0161kozen\u00e1, proto\u017ee izraelsk\u00e9 \u00fatoky pokra\u010duj\u00ed<\/strong><\/span><\/p>\n<p>Od sobotn\u00edho zah\u00e1jen\u00ed operace \u201e\u017delezn\u00fd me\u010d\u201c Izrael zni\u010dil nebo po\u0161kodil v\u00edce ne\u017e 400 m\u00edst v Gaze. Bylo zabito p\u0159es 300 Palestinc\u016f, z nich\u017e mnoz\u00ed byli civilist\u00e9. Nejm\u00e9n\u011b 1990 bylo zran\u011bno.<\/p>\n<p>Sanaa Kamal, obyvatel Gazy, kter\u00fd tak\u00e9 pracuje jako m\u00edstn\u00ed report\u00e9rka, vid\u011bla a popsala \u0159adu konfrontac\u00ed mezi Izraelem a palestinsk\u00fdmi vojensk\u00fdmi frakcemi. Tvrd\u00ed v\u0161ak, \u017ee nikdy nevid\u011bla v\u011bt\u0161\u00ed zk\u00e1zu, ne\u017e jakou zp\u016fsobil Izrael v ned\u011bli po infiltraci izraelsk\u00fdch ji\u017en\u00edch komunit des\u00edtkami militant\u016f Ham\u00e1su.<\/p>\n<p>Dosud bylo podle ofici\u00e1ln\u00edch \u00fadaj\u016f zavra\u017ed\u011bno rukou palestinsk\u00fdch ozbrojenc\u016f v\u00edce ne\u017e 500 lid\u00ed.\u00a0V\u00edce ne\u017e 1900 dal\u0161\u00edch bylo zran\u011bno a 100 je \u00fadajn\u011b zadr\u017eov\u00e1no Ham\u00e1sem, skupinou pova\u017eovan\u00e1 Izraelem za teroristy, uvnit\u0159 Gazy.<\/p>\n<p><em>&#8222;Jsme naprosto \u0161okov\u00e1ni \u0161kodami, kter\u00e9 Izrael zp\u016fsobil. V Gaze doslova neexistuje \u017e\u00e1dn\u00e1 ulice, kter\u00e1 by z\u016fstala nedot\u010dena. Ka\u017ed\u00e1 ulice a ka\u017ed\u00fd kout byl zni\u010den nebo po\u0161kozen. N\u011bkter\u00e9 z nich byly pr\u00e1v\u011b rekonstruov\u00e1ny a nyn\u00ed se op\u011bt zm\u011bnily v ruiny.&#8220; ,\u201c<\/em>\u00a0\u0159ekla.<\/p>\n<p>Od soboty Izrael za\u00fato\u010dil na v\u00edce ne\u017e 400 c\u00edl\u016f, kter\u00e9 jsou podle n\u011bj \u201espojeny\u201c s Hamasem a palestinsk\u00fdm isl\u00e1msk\u00fdm d\u017eih\u00e1dem.\u00a0To samo o sob\u011b nen\u00ed nic neobvykl\u00e9ho.\u00a0Tentokr\u00e1t v\u0161ak trysk\u00e1\u010de zam\u00ed\u0159ily tak\u00e9 na domy nejvy\u0161\u0161\u00edch velitel\u016f Ham\u00e1su a politick\u00fdch v\u016fdc\u016f a vyslaly skupin\u011b zpr\u00e1vu, \u017ee jejich m\u00edsto pobytu je dob\u0159e zn\u00e1m\u00e9.\u00a0Paraleln\u011b s t\u00edm IDF tak\u00e9 bombardovaly infrastrukturu exkl\u00e1vy, v\u010detn\u011b me\u0161it, obytn\u00fdch budov, silnic, bank a nemocnic.<\/p>\n<p>Kamal nespala a \u0159\u00edk\u00e1, \u017ee t\u011b\u017ek\u00e9 bombardov\u00e1n\u00ed j\u00ed zabr\u00e1nilo v odpojen\u00ed.\u00a0Jej\u00ed rodina a v\u0161ichni kolem n\u00ed, p\u0159ipou\u0161t\u00ed, se ob\u00e1vaj\u00ed, \u017ee se mohou st\u00e1t posledn\u00edm \u010d\u00edslem v dlouh\u00e9 s\u00e9rii palestinsk\u00fdch ob\u011bt\u00ed.<\/p>\n<p>Nen\u00ed zdaleka jedinou obyvatelkou, kterou zaj\u00edm\u00e1, co vid\u00ed.\u00a0Maram Faraj \u0159\u00edk\u00e1, \u017ee tak\u00e9 nespala a byla mu\u010dena my\u0161lenkami na sv\u00e9ho p\u0159\u00edtele novin\u00e1\u0159e, kter\u00fd se ztratil.<\/p>\n<p><em>&#8222;M\u016fj p\u0159\u00edtel \u0161el spole\u010dn\u011b s militanty Hamasu do jedn\u00e9 z izraelsk\u00fdch osad, aby zajistil lep\u0161\u00ed pokryt\u00ed. Od t\u00e9 doby se mi neozval a m\u00e1me podez\u0159en\u00ed, \u017ee byl zast\u0159elen Izraelci spolu s dal\u0161\u00edmi agenty,&#8220; \u0159ekl Faraj<\/em>\u00a0.<\/p>\n<p><a href=\"https:\/\/stranapro.cz\/\"><img decoding=\"async\" loading=\"lazy\" class=\"wp-image-30218 aligncenter\" src=\"http:\/\/www.infokuryr.cz\/n\/wp-content\/uploads\/2023\/06\/PRO-banner-300x36.png\" alt=\"\" width=\"1375\" height=\"165\" srcset=\"https:\/\/www.infokuryr.cz\/n\/wp-content\/uploads\/2023\/06\/PRO-banner-300x36.png 300w, https:\/\/www.infokuryr.cz\/n\/wp-content\/uploads\/2023\/06\/PRO-banner-768x93.png 768w, https:\/\/www.infokuryr.cz\/n\/wp-content\/uploads\/2023\/06\/PRO-banner.png 849w\" sizes=\"(max-width: 1375px) 100vw, 1375px\" \/><\/a><\/p>\n<p>Palestinsk\u00e9 ministerstvo zdravotnictv\u00ed ji\u017e uvedlo, \u017ee p\u0159i izraelsk\u00fdch n\u00e1letech na Gazu bylo zabito v\u00edce ne\u017e 300 Palestinc\u016f.\u00a0V\u00edce ne\u017e 1990 bylo zran\u011bno.\u00a0Mnoho z nich, tvrd\u00ed Ham\u00e1s, byli civilist\u00e9, kte\u0159\u00ed byli poh\u0159beni pod troskami.<\/p>\n<h2>Kdo za to m\u016f\u017ee?<\/h2>\n<p>P\u0159i pohledu na zk\u00e1zu kolem sebe Kamal ukazuje prstem na Izrael a jeho \u201etvrdohlav\u00e9\u201c veden\u00ed, kter\u00e9 odm\u00edt\u00e1 d\u011blat \u00fastupky Palestinc\u016fm a kter\u00e9 se zdr\u017euje \u0159e\u0161en\u00ed desetilet\u00ed trvaj\u00edc\u00edho konfliktu.\u00a0Kritizuje ale tak\u00e9 Ham\u00e1s za to, \u017ee vystavil palestinsk\u00e9 obyvatelstvo dal\u0161\u00ed zkou\u0161ce.<\/p>\n<p>Od roku 2007, kdy Ham\u00e1s p\u0159evzal kontrolu nad Gazou, se isl\u00e1msk\u00e1 skupina zapojila do \u0159ady ozbrojen\u00fdch konfrontac\u00ed s Izraelem.\u00a0V\u0161ichni zp\u016fsobili exkl\u00e1v\u011b nenapraviteln\u00e9 \u0161kody.\u00a0Nejtraumati\u010dt\u011bj\u0161\u00ed z nich \u2013 operace Ochrann\u00e1 hrana \u2013 se odehr\u00e1la v roce 2014 a zaznamenala v\u00edce ne\u017e 2000 palestinsk\u00fdch ob\u011bt\u00ed.\u00a0Kamal se ale ob\u00e1v\u00e1, \u017ee sou\u010dasn\u00e1 situace se bude jen d\u00e1le zhor\u0161ovat a m\u016f\u017ee dos\u00e1hnout je\u0161t\u011b v\u011bt\u0161\u00edch \u010d\u00edsel.<\/p>\n<p><em>&#8222;Pokud si ob\u011b strany v dohledn\u00e9 dob\u011b nezasednou k jedn\u00e1n\u00ed, uvid\u00edme v\u00edce ob\u011bt\u00ed civilist\u016f na obou stran\u00e1ch. A to je d\u016fvod, pro\u010d pot\u0159ebujeme arabsk\u00e9 a evropsk\u00e9 vyjednava\u010de, aby vyvinuli maxim\u00e1ln\u00ed tlak na zastaven\u00ed nep\u0159\u00e1telsk\u00fdch akc\u00ed.&#8220;<\/em><\/p>\n<p>V sobotu se egyptsk\u00e1 delegace vydala z K\u00e1hiry do Izraele, aby urychlen\u011b zah\u00e1jila jedn\u00e1n\u00ed.\u00a0Zapojeni jsou i dal\u0161\u00ed zprost\u0159edkovatel\u00e9, v\u010detn\u011b Kataru a \u0159ady evropsk\u00fdch st\u00e1t\u016f.\u00a0Tyto snahy v\u0161ak zat\u00edm nep\u0159inesly ovoce, proto\u017ee ob\u011b strany p\u0159\u00edsahaj\u00ed, \u017ee zp\u016fsob\u00ed po\u0161kozen\u00ed jejich nep\u0159\u00edteli.<\/p>\n<p>V Izraeli premi\u00e9r Benjamin Netanjahu sl\u00edbil, \u017ee bude bojovat, dokud nebude dosa\u017eeno v\u0161ech c\u00edl\u016f, p\u0159i\u010dem\u017e izrael\u0161t\u00ed experti nazna\u010duj\u00ed, \u017ee by to mohlo zahrnovat pozemn\u00ed invazi kr\u00e1tce pot\u00e9, co budou vy\u010di\u0161t\u011bny v\u0161echny skupiny militant\u016f v ji\u017en\u00edch komunit\u00e1ch. Hamas tak\u00e9 nejev\u00ed \u017e\u00e1dn\u00e9 zn\u00e1mky oh\u00fdb\u00e1n\u00ed a \u0159\u00edk\u00e1, \u017ee v\u00e1lka proti \u201eokupaci\u201c pr\u00e1v\u011b za\u010dala.<\/p>\n<p><em>\u201eTady v Gaze sly\u0161\u00edm experty, kte\u0159\u00ed \u0159\u00edkaj\u00ed, \u017ee Hamas napl\u00e1noval [\u00fatok] tak, aby zru\u0161il&#8230; normaliza\u010dn\u00ed dohodu mezi Izraelem a Sa\u00fadskou Ar\u00e1bi\u00ed,\u201c<\/em>\u00a0\u0159ekl Kamal.<\/p>\n<p><em>&#8222;Nev\u00edm, jestli je to pravda. Ale podporuji tuto normalizaci a je\u0161t\u011b v\u00edce podporuji normalizaci palestinsk\u00fdch vztah\u016f s Izraelem, proto\u017ee nakonec v\u0161ichni sd\u00edl\u00edme tuto oblast a mus\u00edme spolu vych\u00e1zet,&#8220; \u0159ekla<\/em> .<\/p>\n<p>Stejn\u011b jako Kamal, Faraj tak\u00e9 v\u011b\u0159\u00ed v koexistenci.\u00a0Ob\u011b strany si podle n\u00ed pot\u0159ebuj\u00ed vydechnout, sednout si k rozhovor\u016fm, vym\u011bnit si v\u011bzn\u011b a dohodnout se.\u00a0Ale jak zu\u0159\u00ed boje a Izrael ofici\u00e1ln\u011b vyhl\u00e1s\u00ed v\u00e1lku a pos\u00edl\u00e1 tis\u00edce voj\u00e1k\u016f a z\u00e1silek tryskov\u00fdch letadel a vojensk\u00e9 techniky bl\u00ed\u017ee k hranici Gazy, zd\u00e1 se, \u017ee tento sc\u00e9n\u00e1\u0159 nen\u00ed nikde v dohledu.<\/p>\n<p><img decoding=\"async\" loading=\"lazy\" class=\"alignnone size-full wp-image-1185\" src=\"http:\/\/www.infokuryr.cz\/n\/wp-content\/uploads\/2021\/04\/kuryr-podpis.png\" alt=\"\" width=\"84\" height=\"24\" \/><\/p>\n<p>&nbsp;<\/p>\n<p>&nbsp;<\/p>\n","protected":false},"excerpt":{"rendered":"<p>M\u00edstn\u00ed obyvatel \u0159\u00edk\u00e1, \u017ee \u017e\u00e1dn\u00e1 ulice nez\u016fstala nepo\u0161kozen\u00e1, proto\u017ee izraelsk\u00e9 \u00fatoky pokra\u010duj\u00ed Od sobotn\u00edho zah\u00e1jen\u00ed&#8230;<\/p>\n","protected":false},"author":2,"featured_media":37794,"comment_status":"closed","ping_status":"closed","sticky":false,"template":"","format":"standard","meta":[],"categories":[7],"tags":[348,107,3535],"_links":{"self":[{"href":"https:\/\/www.infokuryr.cz\/n\/wp-json\/wp\/v2\/posts\/37793"}],"collection":[{"href":"https:\/\/www.infokuryr.cz\/n\/wp-json\/wp\/v2\/posts"}],"about":[{"href":"https:\/\/www.infokuryr.cz\/n\/wp-json\/wp\/v2\/types\/post"}],"author":[{"embeddable":true,"href":"https:\/\/www.infokuryr.cz\/n\/wp-json\/wp\/v2\/users\/2"}],"replies":[{"embeddable":true,"href":"https:\/\/www.infokuryr.cz\/n\/wp-json\/wp\/v2\/comments?post=37793"}],"version-history":[{"count":1,"href":"https:\/\/www.infokuryr.cz\/n\/wp-json\/wp\/v2\/posts\/37793\/revisions"}],"predecessor-version":[{"id":37795,"href":"https:\/\/www.infokuryr.cz\/n\/wp-json\/wp\/v2\/posts\/37793\/revisions\/37795"}],"wp:featuredmedia":[{"embeddable":true,"href":"https:\/\/www.infokuryr.cz\/n\/wp-json\/wp\/v2\/media\/37794"}],"wp:attachment":[{"href":"https:\/\/www.infokuryr.cz\/n\/wp-json\/wp\/v2\/media?parent=37793"}],"wp:term":[{"taxonomy":"category","embeddable":true,"href":"https:\/\/www.infokuryr.cz\/n\/wp-json\/wp\/v2\/categories?post=37793"},{"taxonomy":"post_tag","embeddable":true,"href":"https:\/\/www.infokuryr.cz\/n\/wp-json\/wp\/v2\/tags?post=37793"}],"curies":[{"name":"wp","href":"https:\/\/api.w.org\/{rel}","templated":true}]}}