{"id":37750,"date":"2023-10-08T01:14:52","date_gmt":"2023-10-07T23:14:52","guid":{"rendered":"http:\/\/www.infokuryr.cz\/n\/?p=37750"},"modified":"2023-10-07T17:31:13","modified_gmt":"2023-10-07T15:31:13","slug":"pocet-obeti-v-izraeli-dosahl-779-lidi","status":"publish","type":"post","link":"https:\/\/www.infokuryr.cz\/n\/2023\/10\/08\/pocet-obeti-v-izraeli-dosahl-779-lidi\/","title":{"rendered":"Po\u010det ob\u011bt\u00ed v Izraeli dos\u00e1hl 779 lid\u00ed"},"content":{"rendered":"<div id=\"fb-root\"><\/div>\n<p class=\"lead\"><strong>K 7. \u0159\u00edjnu 16:00 m\u00e9dia informovala o 779 ob\u011btech v d\u016fsledku konfliktu mezi Hamasem a Izraelem.\u00a0Na jihu zem\u011b pokra\u010duj\u00ed tvrd\u00e9 boje.<\/strong><\/p>\n<p>Velvyslanectv\u00ed zem\u011b v Moskv\u011b dnes informovalo o rozs\u00e1hl\u00e9 protiizraelsk\u00e9 \u201ekampani\u201c.\u00a0Izrael\u0161t\u00ed diplomat\u00e9 objasnili, \u017ee k eskalaci konfliktu do\u0161lo bez jak\u00fdchkoliv provokativn\u00edch akc\u00ed proti Ham\u00e1su.<\/p>\n<p><strong>InfoKur\u00fdr<\/strong>\u00a0p\u0159ipom\u00edn\u00e1, \u017ee sobotn\u00ed r\u00e1no pro sv\u011btov\u00e1 m\u00e9dia za\u010dalo zpr\u00e1vami o palestinsk\u00e9m \u00fato\u010dn\u00e9m p\u0159ist\u00e1n\u00ed na jihu Izraele.\u00a0R\u016fzn\u00e9 zdroje informuj\u00ed o rychl\u00e9m postupu sil Ham\u00e1su n\u011bkolika sm\u011bry najednou a tak\u00e9 o mo\u017en\u00e9m obsazen\u00ed izraelsk\u00e9 vojensk\u00e9 z\u00e1kladny na hranici s Egyptem.<\/p>\n<p>V Izraeli ministerstvo obrany zvedlo v\u0161echny z\u00e1lo\u017en\u00edky, vl\u00e1da zem\u011b po\u0159\u00e1d\u00e1 mimo\u0159\u00e1dn\u00e9 zased\u00e1n\u00ed.<\/p>\n<p><img decoding=\"async\" loading=\"lazy\" class=\"alignnone size-full wp-image-1185\" src=\"http:\/\/www.infokuryr.cz\/n\/wp-content\/uploads\/2021\/04\/kuryr-podpis.png\" alt=\"\" width=\"84\" height=\"24\" \/><\/p>\n<p>&nbsp;<\/p>\n<p><a href=\"https:\/\/stranapro.cz\/\"><img decoding=\"async\" loading=\"lazy\" class=\"wp-image-30218 aligncenter\" src=\"http:\/\/www.infokuryr.cz\/n\/wp-content\/uploads\/2023\/06\/PRO-banner-300x36.png\" alt=\"\" width=\"1358\" height=\"163\" srcset=\"https:\/\/www.infokuryr.cz\/n\/wp-content\/uploads\/2023\/06\/PRO-banner-300x36.png 300w, https:\/\/www.infokuryr.cz\/n\/wp-content\/uploads\/2023\/06\/PRO-banner-768x93.png 768w, https:\/\/www.infokuryr.cz\/n\/wp-content\/uploads\/2023\/06\/PRO-banner.png 849w\" sizes=\"(max-width: 1358px) 100vw, 1358px\" \/><\/a><\/p>\n<p>&nbsp;<\/p>\n<p>&nbsp;<\/p>\n<p>&nbsp;<\/p>\n","protected":false},"excerpt":{"rendered":"<p>K 7. \u0159\u00edjnu 16:00 m\u00e9dia informovala o 779 ob\u011btech v d\u016fsledku konfliktu mezi Hamasem a&#8230;<\/p>\n","protected":false},"author":2,"featured_media":37751,"comment_status":"closed","ping_status":"closed","sticky":false,"template":"","format":"standard","meta":[],"categories":[7],"tags":[107,871,40],"_links":{"self":[{"href":"https:\/\/www.infokuryr.cz\/n\/wp-json\/wp\/v2\/posts\/37750"}],"collection":[{"href":"https:\/\/www.infokuryr.cz\/n\/wp-json\/wp\/v2\/posts"}],"about":[{"href":"https:\/\/www.infokuryr.cz\/n\/wp-json\/wp\/v2\/types\/post"}],"author":[{"embeddable":true,"href":"https:\/\/www.infokuryr.cz\/n\/wp-json\/wp\/v2\/users\/2"}],"replies":[{"embeddable":true,"href":"https:\/\/www.infokuryr.cz\/n\/wp-json\/wp\/v2\/comments?post=37750"}],"version-history":[{"count":0,"href":"https:\/\/www.infokuryr.cz\/n\/wp-json\/wp\/v2\/posts\/37750\/revisions"}],"wp:featuredmedia":[{"embeddable":true,"href":"https:\/\/www.infokuryr.cz\/n\/wp-json\/wp\/v2\/media\/37751"}],"wp:attachment":[{"href":"https:\/\/www.infokuryr.cz\/n\/wp-json\/wp\/v2\/media?parent=37750"}],"wp:term":[{"taxonomy":"category","embeddable":true,"href":"https:\/\/www.infokuryr.cz\/n\/wp-json\/wp\/v2\/categories?post=37750"},{"taxonomy":"post_tag","embeddable":true,"href":"https:\/\/www.infokuryr.cz\/n\/wp-json\/wp\/v2\/tags?post=37750"}],"curies":[{"name":"wp","href":"https:\/\/api.w.org\/{rel}","templated":true}]}}