{"id":3774,"date":"2021-08-02T14:28:48","date_gmt":"2021-08-02T12:28:48","guid":{"rendered":"http:\/\/www.infokuryr.cz\/n\/?p=3774"},"modified":"2021-08-02T14:28:48","modified_gmt":"2021-08-02T12:28:48","slug":"vlada-pocita-s-tim-ze-se-obetmi-ockovani-stanou-deti","status":"publish","type":"post","link":"https:\/\/www.infokuryr.cz\/n\/2021\/08\/02\/vlada-pocita-s-tim-ze-se-obetmi-ockovani-stanou-deti\/","title":{"rendered":"Vl\u00e1da po\u010d\u00edt\u00e1 s t\u00edm, \u017ee se ob\u011b\u0165mi o\u010dkov\u00e1n\u00ed stanou d\u011bti"},"content":{"rendered":"<div id=\"fb-root\"><\/div>\n<p>Mgr. et Mgr. Adam Vojt\u011bch vypustil v posledn\u00edch hodin\u00e1ch do spole\u010densk\u00e9ho \u00e9teru informaci. Informaci, kter\u00e1 pr\u00e1vem vyvolala bou\u0159liv\u00e9 reakce.<\/p>\n<p>&#8222;St\u00e1t bude finan\u010dn\u011b od\u0161kod\u0148ovat rodi\u010de, kter\u00fdm na n\u00e1sledky o\u010dkov\u00e1n\u00ed zem\u0159ou d\u011bti&#8220;.<\/p>\n<p>Te\u010f opust\u00edm fakt, \u017ee za tragick\u00e9 n\u00e1sledky o\u010dkov\u00e1n\u00ed, kter\u00e9 n\u00e1m nut\u00ed vl\u00e1da, tat\u00e1\u017e vl\u00e1da p\u0159en\u00e1\u0161\u00ed ekonomickou odpov\u011bdnost ve form\u011b v\u00fdplaty od\u0161kodn\u00e9ho poz\u016fstal\u00fdm na n\u00e1s! Vl\u00e1da tedy za sv\u00e9 chyby \u010din\u00ed v d\u016fsledku odpov\u011bdn\u00e9 n\u00e1s v\u0161echny.<\/p>\n<p>Ale co vlastn\u011b ministr pokus\u016f na lidech Adam Vojt\u011bch mezi \u0159\u00e1dky \u0159ekl?<\/p>\n<p>Mezi \u0159\u00e1dky \u0159ekl, \u017ee vl\u00e1da nem\u00e1 pod kontrolou bezpe\u010dnost vakc\u00edn, kter\u00e9 n\u00e1m vnucuje. Mezi \u0159\u00e1dky \u0159ekl, \u017ee ztr\u00e1ty jsou povoleny.<\/p>\n<p>Vojt\u011bch vlastn\u011b, a\u010d si to z\u0159ejm\u011b neuv\u011bdomil, potvrdil slova n\u00e1s v\u0161ech, kte\u0159\u00ed k vakcinaci nemaj\u00ed d\u016fv\u011bru a nemaj\u00ed ji pr\u00e1vem. Potvrdil opr\u00e1vn\u011bnost v\u00fdtek n\u00e1s v\u0161ech, kter\u00e9 byly d\u0159\u00edve ozna\u010dov\u00e1ny za hoaxy, a byly trest\u00e1ny provozovateli soci\u00e1ln\u00edch s\u00edt\u00ed blokacemi a likvidac\u00ed profil\u016f.<\/p>\n<p>Vojt\u011bch se ale informac\u00ed o od\u0161kodn\u011bn\u00ed dotkl p\u0159\u00edmo sp\u00edna\u010de rozbu\u0161ky. T\u00e9matu, kter\u00e9 je n\u00e1m v\u0161em rodi\u010d\u016fm zcela ur\u010dit\u011b nejdra\u017e\u0161\u00ed &#8211; na\u0161ich d\u011bt\u00ed.<\/p>\n<p>Je evidentn\u00ed, \u017ee vl\u00e1da v\u00ed a po\u010d\u00edt\u00e1 s faktem, \u017ee se ob\u011b\u0165mi o\u010dkov\u00e1n\u00ed stanou d\u011bti. O\u010dkov\u00e1n\u00ed dostalo n\u00e1dech danajsk\u00e9ho daru, a \u00famrt\u00ed d\u011bt\u00ed je onou sk\u0159\u00ed\u0148kou Pandory, p\u0159in\u00e1\u0161ej\u00edc\u00ed zmar a smrt.<\/p>\n<p>Fakt \u017ee vl\u00e1da, pota\u017emo Adam Vojt\u011bch pohrd\u00e1 judik\u00e1ty soud\u016f je evidentn\u00ed. D\u011bl\u00e1 to dokonce ve\u0159ejn\u011b, a sebeblb\u011bj\u0161\u00edmi v\u00fdroky rozhodnut\u00ed soudu zpochyb\u0148uje. Jeho pohrd\u00e1n\u00ed soudem ale st\u00e1le ne\u0159e\u0161\u00ed org\u00e1ny \u010dinn\u00e9 v trestn\u00edm \u0159\u00edzen\u00ed, by\u0165 se jedn\u00e1 o ve\u0159ejn\u00e1 prohl\u00e1\u0161en\u00ed, je\u017e nelze p\u0159ehl\u00e9dnout, a hlavn\u011b se jedn\u00e1 o trestn\u00e9 \u010diny.<\/p>\n<p>M\u00e1m pocit, \u017ee si je Adam Vojt\u011bch natolik jist\u00fd svou beztrestnost\u00ed, \u017ee je mu \u00fapln\u011b jedno co kde prohl\u00e1s\u00ed.<\/p>\n<p>Nicm\u00e9n\u011b su\u0161e konstatovat, \u017ee budou d\u011btsk\u00e9 ob\u011bti o\u010dkov\u00e1n\u00ed je u\u017e hodn\u011b vysok\u00e1 hra.<\/p>\n<p>Vojt\u011bch si ale pravd\u011bpodobn\u011b v\u016fbec neuv\u011bdomuje, do jak\u00e9 discipl\u00edny se pustil.<br \/>\nPustil se do na\u0161ich d\u011bt\u00ed, a vyt\u00e1hl t\u00edm imagin\u00e1rn\u00ed rozbu\u0161ku n\u00e1lo\u017ee, kter\u00e1 tik\u00e1 u\u017e hodn\u011b dlouho. Rozbu\u0161ku rozs\u00e1hl\u00fdch ob\u010dansk\u00fdch nepokoj\u016f.<\/p>\n<p>A\u010dkoli se ministr Vojt\u011bch honos\u00ed vysoko\u0161kolsk\u00fdmi diplomy, sv\u00fdmi v\u00fdroky potvrzuje, jedin\u00e9 &#8211; neple\u0165te si inteligenci se vzd\u011bl\u00e1n\u00edm. Mnoho blb\u016f vlastn\u00ed vysoko\u0161kolsk\u00fd diplom.<\/p>\n<p>Pokud chce ministr Vojt\u011bch vyvolat krveprolit\u00ed, d\u011bl\u00e1 pro to skute\u010dn\u011b maximum. Pokud chce ob\u010dany je\u0161t\u011b v\u00edce odradit od povinn\u011b-dobrovoln\u00e9 vakcinace, d\u011bl\u00e1 pro to tak\u00e9 maximum.<\/p>\n<p>Pak se tak\u00e9 ale nem\u016f\u017ee v\u016fbec divit, pokud dostanete lidov\u011b &#8222;po dr\u017ece&#8220;. P\u0159i nejlep\u0161\u00edm.<\/p>\n<p>Petr Rajsk\u00fd<\/p>\n<p>&nbsp;<\/p>\n<p>&nbsp;<\/p>\n","protected":false},"excerpt":{"rendered":"<p>Mgr. et Mgr. Adam Vojt\u011bch vypustil v posledn\u00edch hodin\u00e1ch do spole\u010densk\u00e9ho \u00e9teru informaci. Informaci, kter\u00e1&#8230;<\/p>\n","protected":false},"author":2,"featured_media":1978,"comment_status":"closed","ping_status":"closed","sticky":false,"template":"","format":"standard","meta":[],"categories":[6],"tags":[213,474,99,491],"_links":{"self":[{"href":"https:\/\/www.infokuryr.cz\/n\/wp-json\/wp\/v2\/posts\/3774"}],"collection":[{"href":"https:\/\/www.infokuryr.cz\/n\/wp-json\/wp\/v2\/posts"}],"about":[{"href":"https:\/\/www.infokuryr.cz\/n\/wp-json\/wp\/v2\/types\/post"}],"author":[{"embeddable":true,"href":"https:\/\/www.infokuryr.cz\/n\/wp-json\/wp\/v2\/users\/2"}],"replies":[{"embeddable":true,"href":"https:\/\/www.infokuryr.cz\/n\/wp-json\/wp\/v2\/comments?post=3774"}],"version-history":[{"count":0,"href":"https:\/\/www.infokuryr.cz\/n\/wp-json\/wp\/v2\/posts\/3774\/revisions"}],"wp:featuredmedia":[{"embeddable":true,"href":"https:\/\/www.infokuryr.cz\/n\/wp-json\/wp\/v2\/media\/1978"}],"wp:attachment":[{"href":"https:\/\/www.infokuryr.cz\/n\/wp-json\/wp\/v2\/media?parent=3774"}],"wp:term":[{"taxonomy":"category","embeddable":true,"href":"https:\/\/www.infokuryr.cz\/n\/wp-json\/wp\/v2\/categories?post=3774"},{"taxonomy":"post_tag","embeddable":true,"href":"https:\/\/www.infokuryr.cz\/n\/wp-json\/wp\/v2\/tags?post=3774"}],"curies":[{"name":"wp","href":"https:\/\/api.w.org\/{rel}","templated":true}]}}