{"id":37738,"date":"2023-10-08T01:09:41","date_gmt":"2023-10-07T23:09:41","guid":{"rendered":"http:\/\/www.infokuryr.cz\/n\/?p=37738"},"modified":"2023-10-07T17:06:17","modified_gmt":"2023-10-07T15:06:17","slug":"desitky-izraelskych-letadel-utoci-na-gazu","status":"publish","type":"post","link":"https:\/\/www.infokuryr.cz\/n\/2023\/10\/08\/desitky-izraelskych-letadel-utoci-na-gazu\/","title":{"rendered":"Des\u00edtky izraelsk\u00fdch letadel \u00fato\u010d\u00ed na Gazu"},"content":{"rendered":"<div id=\"fb-root\"><\/div>\n<p><span style=\"font-size: 18pt;\"><strong>Hamas odp\u00e1lil tis\u00edce raket na Izrael a vyslal ozbrojence do izraelsk\u00fdch m\u011bst\u00a0<\/strong><\/span><\/p>\n<p>Des\u00edtky izraelsk\u00fdch trysk\u00e1\u010d\u016f za\u00fato\u010dily na c\u00edle Hamasu v Gaze, uvedly Izraelsk\u00e9 obrann\u00e9 s\u00edly (IDF).\u00a0N\u00e1lety byly zah\u00e1jeny v reakci na p\u0159ekvapiv\u00fd \u00fatok palestinsk\u00e9 ozbrojen\u00e9 skupiny proti Izraeli v sobotu r\u00e1no.<\/p>\n<p>Mluv\u010d\u00ed IDF kontradmir\u00e1l Daniel Hagari \u0159ekl, \u017ee\u00a0<em>\u201eterorist\u00e9 Hamasu\u201c<\/em>\u00a0pronikli na izraelsk\u00e9 \u00fazem\u00ed ze zem\u011b, mo\u0159e a vzduchu.<\/p>\n<p>Z Gazy bylo podle mluv\u010d\u00edho vyp\u00e1leno v\u00edce ne\u017e 2200 raket.\u00a0Hamas tvrdil, \u017ee b\u011bhem prvn\u00edch 20 minut sv\u00e9ho \u00fatoku pou\u017eil v\u00edce ne\u017e 5 000 projektil\u016f.<\/p>\n<p>Raketov\u00e9 sir\u00e9ny byly sly\u0161et na mnoha m\u00edstech po cel\u00e9m Izraeli, v\u010detn\u011b Jeruzal\u00e9ma, Tel Avivu, Beersheby a A\u0161kelonu.<\/p>\n<p>Do\u0161lo k nejm\u00e9n\u011b sedmi p\u0159\u00edpad\u016fm boj\u016f mezi jednotkami IDF a militanty Hamasu, \u0159ekl Hagari.<\/p>\n<div class=\"read-more read-more__right\" data-has-alias=\"\"><a href=\"https:\/\/stranapro.cz\/\"><img decoding=\"async\" loading=\"lazy\" class=\"wp-image-30218 aligncenter\" src=\"http:\/\/www.infokuryr.cz\/n\/wp-content\/uploads\/2023\/06\/PRO-banner-300x36.png\" alt=\"\" width=\"1358\" height=\"163\" srcset=\"https:\/\/www.infokuryr.cz\/n\/wp-content\/uploads\/2023\/06\/PRO-banner-300x36.png 300w, https:\/\/www.infokuryr.cz\/n\/wp-content\/uploads\/2023\/06\/PRO-banner-768x93.png 768w, https:\/\/www.infokuryr.cz\/n\/wp-content\/uploads\/2023\/06\/PRO-banner.png 849w\" sizes=\"(max-width: 1358px) 100vw, 1358px\" \/><\/a><\/div>\n<p>Podle listu Times of Israel prob\u00edhaj\u00ed p\u0159est\u0159elky ve m\u011bstech Kfar Aza, Sderot, Sufa, Nahal Oz, Magen, Be&#8217;eri a na vojensk\u00e9 z\u00e1kladn\u011b IDF Re&#8217;im a jejich okol\u00ed.<\/p>\n<p>V d\u0159\u00edv\u011bj\u0161\u00edm prohl\u00e1\u0161en\u00ed IDF uvedlo, \u017ee kv\u016fli \u00fatoku\u00a0vyhl\u00e1silo\u00a0<em>\u201estav p\u0159ipravenosti k v\u00e1lce\u201c .\u00a0<\/em><em>&#8222;Teroristick\u00e1 organizace Ham\u00e1s zaplat\u00ed velmi vysokou cenu,&#8220;<\/em>\u00a0varovalo.<\/p>\n<p>Izraelsk\u00fd ministr obrany Yoav Gallant uvedl, \u017ee v reakci na akce Hamasu schv\u00e1lil povol\u00e1n\u00ed z\u00e1lo\u017en\u00edk\u016f.<\/p>\n<p>P\u0159edpokl\u00e1d\u00e1 se, \u017ee v sobotu bylo v Izraeli zabito nejm\u00e9n\u011b \u0161est lid\u00ed.\u00a0\u010cty\u0159i zem\u0159eli p\u0159i raketov\u00fdch \u00fatoc\u00edch ve m\u011bst\u011b Kuseife a jeden v oblasti Gderot.<\/p>\n<p>P\u0159edstavitel m\u011bsta Sha&#8217;ar HaNegev Ofir Liebstein byl tak\u00e9 zast\u0159elen v p\u0159est\u0159elce s militanty Hamasu. <em>&#8222;Ofir byl zabit, kdy\u017e \u0161el br\u00e1nit m\u011bsto b\u011bhem teroristick\u00e9ho \u00fatoku,&#8220;<\/em>\u00a0uvedla m\u00edstn\u00ed spr\u00e1va.<\/p>\n<p>Informace poch\u00e1zej\u00edc\u00ed ze zdravotnick\u00fdch za\u0159\u00edzen\u00ed po cel\u00e9m Izraeli nazna\u010duj\u00ed, \u017ee v\u00edce ne\u017e 200 lid\u00ed bylo zran\u011bno, v\u010detn\u011b mnoha ve v\u00e1\u017en\u00e9m stavu.<\/p>\n<p>N\u011bkter\u00e1 videa nahran\u00e1 online b\u011bhem dne \u00fadajn\u011b ukazuj\u00ed, \u017ee n\u011bkolik voj\u00e1k\u016f IDF bylo zabito a zajato bojovn\u00edky Hamasu.\u00a0Na soci\u00e1ln\u00edch s\u00edt\u00edch jsou tak\u00e9 z\u00e1b\u011bry a fotografie toho, co vypad\u00e1 jako ho\u0159\u00edc\u00ed izraelsk\u00fd tank a Palestinci oslavuj\u00edc\u00ed zabaven\u00ed vojensk\u00e9ho vozidla Humvee americk\u00e9 v\u00fdroby od IDF.<\/p>\n<p><img decoding=\"async\" loading=\"lazy\" class=\"alignnone size-full wp-image-1185\" src=\"http:\/\/www.infokuryr.cz\/n\/wp-content\/uploads\/2021\/04\/kuryr-podpis.png\" alt=\"\" width=\"84\" height=\"24\" \/><\/p>\n<p>&nbsp;<\/p>\n<p>&nbsp;<\/p>\n<p>&nbsp;<\/p>\n","protected":false},"excerpt":{"rendered":"<p>Hamas odp\u00e1lil tis\u00edce raket na Izrael a vyslal ozbrojence do izraelsk\u00fdch m\u011bst\u00a0 Des\u00edtky izraelsk\u00fdch trysk\u00e1\u010d\u016f&#8230;<\/p>\n","protected":false},"author":2,"featured_media":37739,"comment_status":"closed","ping_status":"closed","sticky":false,"template":"","format":"standard","meta":[],"categories":[7],"tags":[348,347,107,313],"_links":{"self":[{"href":"https:\/\/www.infokuryr.cz\/n\/wp-json\/wp\/v2\/posts\/37738"}],"collection":[{"href":"https:\/\/www.infokuryr.cz\/n\/wp-json\/wp\/v2\/posts"}],"about":[{"href":"https:\/\/www.infokuryr.cz\/n\/wp-json\/wp\/v2\/types\/post"}],"author":[{"embeddable":true,"href":"https:\/\/www.infokuryr.cz\/n\/wp-json\/wp\/v2\/users\/2"}],"replies":[{"embeddable":true,"href":"https:\/\/www.infokuryr.cz\/n\/wp-json\/wp\/v2\/comments?post=37738"}],"version-history":[{"count":0,"href":"https:\/\/www.infokuryr.cz\/n\/wp-json\/wp\/v2\/posts\/37738\/revisions"}],"wp:featuredmedia":[{"embeddable":true,"href":"https:\/\/www.infokuryr.cz\/n\/wp-json\/wp\/v2\/media\/37739"}],"wp:attachment":[{"href":"https:\/\/www.infokuryr.cz\/n\/wp-json\/wp\/v2\/media?parent=37738"}],"wp:term":[{"taxonomy":"category","embeddable":true,"href":"https:\/\/www.infokuryr.cz\/n\/wp-json\/wp\/v2\/categories?post=37738"},{"taxonomy":"post_tag","embeddable":true,"href":"https:\/\/www.infokuryr.cz\/n\/wp-json\/wp\/v2\/tags?post=37738"}],"curies":[{"name":"wp","href":"https:\/\/api.w.org\/{rel}","templated":true}]}}