{"id":3771,"date":"2021-08-02T07:44:32","date_gmt":"2021-08-02T05:44:32","guid":{"rendered":"http:\/\/www.infokuryr.cz\/n\/?p=3771"},"modified":"2021-08-02T07:44:32","modified_gmt":"2021-08-02T05:44:32","slug":"nedelnik-adama-b-bartose-47-formalni-kroky-splneny-jdeme-do-toho-posledni-sance-pro-ty-kteri-se-nedokazali-dohodnout","status":"publish","type":"post","link":"https:\/\/www.infokuryr.cz\/n\/2021\/08\/02\/nedelnik-adama-b-bartose-47-formalni-kroky-splneny-jdeme-do-toho-posledni-sance-pro-ty-kteri-se-nedokazali-dohodnout\/","title":{"rendered":"NED\u011aLN\u00cdK ADAMA B. BARTO\u0160E (47) FORM\u00c1LN\u00cd KROKY SPLN\u011aNY, JDEME DO TOHO. POSLEDN\u00cd \u0160ANCE PRO TY, KTE\u0158\u00cd SE NEDOK\u00c1ZALI DOHODNOUT"},"content":{"rendered":"<div id=\"fb-root\"><\/div>\n<p>P\u0159eji v\u00e1m p\u011bknou ned\u011bli. Je za n\u00e1mi hektick\u00fd t\u00fdden, proto\u017ee jsme pod\u00e1vali kandid\u00e1tn\u00ed listiny ve v\u0161ech kraj\u00edch, co\u017e je v\u017edy tak trochu o nervy. Mohu v\u00e1m ale sd\u011blit, \u017ee jsme to \u201edali\u201c, tedy podali, co\u017e tak\u00e9 znamen\u00e1, \u017ee jsme \u2013 i d\u00edky va\u0161im dar\u016fm \u2013 byli schopni zaplatit v\u00edce ne\u017e \u010dtvrt milionu, kter\u00e9 jsou pot\u0159eba na zaplacen\u00ed kauc\u00ed (19.000 K\u010d za kraj).<span id=\"more-12191\"><\/span><\/p>\n<p>N\u011bkdo by mohl nam\u00edtnout, \u017ee to je vyhazov\u00e1n\u00ed pen\u011bz, ale kdy\u017e je to podm\u00ednka pro \u00fa\u010dast ve volb\u00e1ch, tak s t\u00edm moc nenad\u011bl\u00e1te. Takov\u00fd je volebn\u00ed z\u00e1kon. Alternativa byla nekandidovat v\u016fbec \u2013 ale pro tu je\u0161t\u011b \u010das nenastal. Pokud n\u00e1s v\u0161ak budete volit v dostate\u010dn\u00e9 m\u00ed\u0159e, st\u00e1t n\u00e1m pen\u00edze na kauce vr\u00e1t\u00ed zp\u011bt. Slou\u017e\u00ed pro n\u011bj jako pojistka, aby nekandidoval, kdokoli si zamane.<\/p>\n<p>Tento t\u00fdden tak\u00e9 byl ur\u010dit\u00fdm mezn\u00edkem, po kter\u00e9m se uvid\u00ed, kdo z t\u011bch, kte\u0159\u00ed o sv\u00e9 \u00fa\u010dasti ve volb\u00e1ch jen \u0159e\u010dnili, byli tak\u00e9 schopni ud\u011blat pat\u0159i\u010dn\u00e9 administrativn\u00ed kroky, bez kter\u00fdch to nejde. Mnoho \u201evlastenc\u016f\u201c se do posledn\u00ed chv\u00edle h\u00e1dalo, \u0159e\u0161ilo kdo, s k\u00fdm a jak a nedivil bych se, kdyby ani nem\u011bli nastudov\u00e1n harmonogram voleb. N\u011bkte\u0159\u00ed \u201evlastenci\u201c budou mo\u017en\u00e1 jednat i p\u0159\u00ed\u0161t\u00ed t\u00fdden, jakou spole\u010dnou kandid\u00e1tku splichtit, ani\u017e by si uv\u011bdomili, \u017ee \u010das na jej\u00ed pod\u00e1n\u00ed se u\u017e po\u010d\u00edt\u00e1 sp\u00ed\u0161e v hodin\u00e1ch. Jin\u00e9 strany zase byly p\u0159ekvapeny, kdy\u017e se dozv\u011bd\u011bly o kauc\u00edch, respektive o tom, \u017ee kauce 19.000,- K\u010d plat\u00ed jen pro jeden kraj a je nutno ji vyn\u00e1sobit \u010dtrn\u00e1cti, pokud chcete kandidovat v cel\u00e9 zemi. Ano \u2013 i takov\u00ed \u201eexperti\u201c se na\u0161li. Asi to nakonec zaplatili, ale je vtipn\u00e9, kdy\u017e ani po tolika letech v politice (a to i parlamentn\u00ed) nev\u011bd\u00ed tak z\u00e1sadn\u00ed v\u011bc.<\/p>\n<p>Na to, kdo nakonec kandidovat bude, si ale budeme muset je\u0161t\u011b n\u011bjak\u00fd ten t\u00fdden po\u010dkat, proto\u017ee strany mohou dal\u0161\u00ed t\u00fdden kandid\u00e1tky dopl\u0148ovat a dal\u0161\u00ed dva t\u00fddny pak bude st\u00e1t kandid\u00e1tky kontrolovat, ne\u017e je definitivn\u011b zaregistruje. A\u017e koncem srpna budeme v\u011bd\u011bt, kdo v\u0161e je ve h\u0159e a kdo z kola vypadl, proto\u017ee nesplnil podm\u00ednky \u201esouboje\u201c.<\/p>\n<p>Je ale mo\u017en\u00e9, \u017ee u\u017e p\u0159\u00ed\u0161t\u00ed t\u00fdden za\u010dnou n\u011bjak\u00e9 dal\u0161\u00ed posuny, proto\u017ee ti, kte\u0159\u00ed to podat nezvl\u00e1dli, si uv\u011bdom\u00ed, \u017ee jim te\u010de do bot a budou se sna\u017eit je\u0161t\u011b na posledn\u00ed chv\u00edli n\u011bkde uchytit. Pokud n\u011bkdo cht\u011bl kandidovat, ale nestihl si to zprocesovat, bude se mo\u017en\u00e1 sna\u017eit dostat na kandid\u00e1tku toho, kdo sice m\u00e9n\u011b mluvil a m\u00e9n\u011b se bil v prsa, ale alespo\u0148 to stihl v z\u00e1konn\u00e9m \u010dase podat. Um\u00edm si p\u0159edstavit, \u017ee bychom n\u011bkomu, komu takto \u201eujel vlak\u201c, hodili laso. Ale budeme si p\u0159irozen\u011b vyb\u00edrat.<\/p>\n<p>Zaj\u00edmavost\u00ed je, \u017ee t\u0159eba\u017ee jsme kandid\u00e1tky pod\u00e1vali tak trochu na posledn\u00ed chv\u00edli (nebo n\u00e1m to tak alespo\u0148 p\u0159ipadalo), p\u0159esto jsme byli jedni z prvn\u00edch. To je tak\u00e9 zaj\u00edmav\u00e9. Pro\u010d s t\u00edm mnoh\u00e9 strany vy\u010dk\u00e1vaj\u00ed rovn\u011b\u017e na posledn\u00ed chv\u00edli? Potvrzuje to m\u016fj pocit, \u017ee leto\u0161n\u00ed volby jsou skute\u010dn\u011b (i co do p\u0159\u00edprav) neskute\u010dn\u011b komplikovan\u00e9, a\u017e bych \u0159ekl p\u0159ekombinovan\u00e9. Jednalo se doslova a do p\u00edsmene do posledn\u00ed chv\u00edle\u2026<br \/>\nMnohde jsme tak\u00e9 podali kandid\u00e1tku d\u0159\u00edve ne\u017e Voln\u00fd blok. A tak\u00e9 v\u00edme, \u017ee Voln\u00fd blok nem\u00e1 pln\u00e9 kandid\u00e1tky. Pln\u00e9 je zat\u00edm nem\u00e1me sice ani my, ale u Voln\u00e9ho bloku to vylo\u017een\u011b p\u0159ekvapuje. N\u011bkdo, kdo se tv\u00e1\u0159\u00ed, \u017ee je u\u017e m\u00e1lem v\u00edt\u011bzem voleb?<\/p>\n<p>A to z\u0159ejm\u011b nen\u00ed posledn\u00ed novinka, kter\u00e9 se u Voln\u00e9ho bloku do\u010dk\u00e1me. P\u0159\u00ed\u0161t\u00ed t\u00fdden se z\u0159ejm\u011b stane n\u011bco, co na vlasteneck\u00e9 sc\u00e9n\u011b m\u00e1lokdo \u010dek\u00e1, respektive ne\u010dek\u00e1 to nikdo. Pokud se tato informace potvrd\u00ed, trochu to je\u0161t\u011b zam\u00edch\u00e1 kartami\u2026 A potvrzuje to m\u016fj odhad, \u017ee je\u0161t\u011b na posledn\u00ed chv\u00edli budou prob\u00edhat r\u016fzn\u00e1 \u0161katulata\u2026<\/p>\n<p>Pokud jsou strany \u010di spolky (p\u0159\u00edpadn\u011b vlastenci-jednotlivci, aktivist\u00e9), kter\u00e9 tak dlouho jednaly, a\u017e prop\u00e1sly okam\u017eik pod\u00e1n\u00ed kandid\u00e1ty, pak nastal \u010das, aby nyn\u00ed jednaly s ANS a ND. Pokud je shled\u00e1me zaj\u00edmav\u00fdmi, r\u00e1di je na na\u0161e kandid\u00e1tky vezmeme \u2013 voln\u00e1 m\u00edsta je\u0161t\u011b m\u00e1me. Je to posledn\u00ed \u0161ance pro ty, kte\u0159\u00ed se nedok\u00e1zali rozhodnout a dohodnout. Jak jsem ale u\u017e \u0159ekl, nebereme v\u0161echny. Ne toti\u017e ka\u017ed\u00fd, kdo se \u00fa\u010dastn\u00ed r\u016fzn\u00fdch kulat\u00fdch stol\u016f, je vlastenec. N\u011bkdo se jich toti\u017e \u00fa\u010dastn\u00ed i se z\u00e1m\u011brem, aby se k \u017e\u00e1dn\u00e9 dohod\u011b nikdy nedosp\u011blo\u2026 Mysl\u00edm, \u017ee na tyto lidi u\u017e m\u00e1me \u010duch a t\u011bmto lidem m\u00edsto na kandid\u00e1tce nenab\u00edz\u00edme. Nab\u00edz\u00edme ho t\u011bm, kter\u00fdm jde skute\u010dn\u011b o v\u011bc\u2026<\/p>\n<p>M\u011bjte se fajn a pro zasm\u00e1n\u00ed zase jedna vtipn\u00e1 kol\u00e1\u017e z produkce cd89.cz<\/p>\n<p><em>Adam B. Barto\u0161, p\u0159edseda N\u00e1rodn\u00ed demokracie a l\u00eddr pro \u00dasteck\u00fd kraj na kandid\u00e1tce Aliance n\u00e1rodn\u00edch sil<\/em><\/p>\n<p><img decoding=\"async\" loading=\"lazy\" class=\"alignnone size-full wp-image-678\" src=\"http:\/\/www.infokuryr.cz\/n\/wp-content\/uploads\/2021\/04\/narodni_demokracie_logo.jpg\" alt=\"\" width=\"300\" height=\"85\" \/><\/p>\n<p>&nbsp;<\/p>\n","protected":false},"excerpt":{"rendered":"<p>P\u0159eji v\u00e1m p\u011bknou ned\u011bli. Je za n\u00e1mi hektick\u00fd t\u00fdden, proto\u017ee jsme pod\u00e1vali kandid\u00e1tn\u00ed listiny ve&#8230;<\/p>\n","protected":false},"author":2,"featured_media":679,"comment_status":"closed","ping_status":"closed","sticky":false,"template":"","format":"standard","meta":[],"categories":[6],"tags":[367,85,27],"_links":{"self":[{"href":"https:\/\/www.infokuryr.cz\/n\/wp-json\/wp\/v2\/posts\/3771"}],"collection":[{"href":"https:\/\/www.infokuryr.cz\/n\/wp-json\/wp\/v2\/posts"}],"about":[{"href":"https:\/\/www.infokuryr.cz\/n\/wp-json\/wp\/v2\/types\/post"}],"author":[{"embeddable":true,"href":"https:\/\/www.infokuryr.cz\/n\/wp-json\/wp\/v2\/users\/2"}],"replies":[{"embeddable":true,"href":"https:\/\/www.infokuryr.cz\/n\/wp-json\/wp\/v2\/comments?post=3771"}],"version-history":[{"count":0,"href":"https:\/\/www.infokuryr.cz\/n\/wp-json\/wp\/v2\/posts\/3771\/revisions"}],"wp:featuredmedia":[{"embeddable":true,"href":"https:\/\/www.infokuryr.cz\/n\/wp-json\/wp\/v2\/media\/679"}],"wp:attachment":[{"href":"https:\/\/www.infokuryr.cz\/n\/wp-json\/wp\/v2\/media?parent=3771"}],"wp:term":[{"taxonomy":"category","embeddable":true,"href":"https:\/\/www.infokuryr.cz\/n\/wp-json\/wp\/v2\/categories?post=3771"},{"taxonomy":"post_tag","embeddable":true,"href":"https:\/\/www.infokuryr.cz\/n\/wp-json\/wp\/v2\/tags?post=3771"}],"curies":[{"name":"wp","href":"https:\/\/api.w.org\/{rel}","templated":true}]}}