{"id":37706,"date":"2023-10-07T08:12:03","date_gmt":"2023-10-07T06:12:03","guid":{"rendered":"http:\/\/www.infokuryr.cz\/n\/?p=37706"},"modified":"2023-10-07T08:12:03","modified_gmt":"2023-10-07T06:12:03","slug":"francouzsky-starosta-sundal-ukrajinskou-vlajku-kvuli-telefonatu-zelenskeho","status":"publish","type":"post","link":"https:\/\/www.infokuryr.cz\/n\/2023\/10\/07\/francouzsky-starosta-sundal-ukrajinskou-vlajku-kvuli-telefonatu-zelenskeho\/","title":{"rendered":"Francouzsk\u00fd starosta sundal ukrajinskou vlajku kv\u016fli telefon\u00e1tu Zelensk\u00e9ho"},"content":{"rendered":"<div id=\"fb-root\"><\/div>\n<p><span style=\"font-size: 18pt;\"><strong>Thierry Kovacs obvinil ukrajinsk\u00e9ho prezidenta z podpory \u201edikt\u00e1torsk\u00e9ho\u201c \u00c1zerb\u00e1jd\u017e\u00e1nu<\/strong><\/span><\/p>\n<p><span>Starosta m\u011bsta Vienne na jihov\u00fdchod\u011b Francie se rozhodl odstranit ukrajinskou vlajku z radnice s odkazem na\u00a0<\/span><em><span>\u201enep\u0159ijateln\u00fd\u201c<\/span><\/em><span>\u00a0telefon\u00e1t mezi ukrajinsk\u00fdm prezidentem Vladimirem Zelensk\u00fdm a \u00e1zerb\u00e1jd\u017e\u00e1nsk\u00fdm prezidentem Ilhamem Alijevem.\u00a0<\/span><\/p>\n<p><span>Thierry Kovacs vysv\u011btlil, \u017ee vlajka byla p\u016fvodn\u011b vzty\u010dena jako projev solidarity s Kyjevem v jeho ozbrojen\u00e9m konfliktu s Ruskem.\u00a0Tvrdil v\u0161ak, \u017ee je\u00a0<\/span><em><span>\u201enemo\u017en\u00e9 tvrdit z\u00e1padn\u00ed hodnoty a volat po Z\u00e1padu, aby p\u0159i\u0161el na pomoc\u201c,<\/span><\/em><span>\u00a0zat\u00edmco podporoval \u00c1zerb\u00e1jd\u017e\u00e1n a\u00a0<\/span><em><span>\u201eetnick\u00e9 \u010distky\u201c\u00a0<\/span><\/em><span>\u00a0Arm\u00e9n\u016f v N\u00e1horn\u00edm Karabachu.\u00a0<\/span><\/p>\n<p><em><span>\u201eTo nic neub\u00edr\u00e1 na podpo\u0159e Vienne ukrajinsk\u00e9mu lidu, ale nem\u016f\u017eeme bojovat proti totalitn\u00edmu re\u017eimu ve jm\u00e9nu evropsk\u00fdch hodnot a z\u00e1rove\u0148 podporovat dal\u0161\u00ed dikt\u00e1torsk\u00fd a barbarsk\u00fd re\u017eim.\u00a0Je to ot\u00e1zka d\u016fslednosti,\u201c<\/span><\/em><span>\u00a0napsal ve \u010dtvrtek starosta na Facebooku.<\/span><\/p>\n<div class=\"read-more large\" data-has-alias=\"\"><a href=\"https:\/\/stranapro.cz\/\"><img decoding=\"async\" loading=\"lazy\" class=\"wp-image-30218 aligncenter\" src=\"http:\/\/www.infokuryr.cz\/n\/wp-content\/uploads\/2023\/06\/PRO-banner-300x36.png\" alt=\"\" width=\"1375\" height=\"165\" srcset=\"https:\/\/www.infokuryr.cz\/n\/wp-content\/uploads\/2023\/06\/PRO-banner-300x36.png 300w, https:\/\/www.infokuryr.cz\/n\/wp-content\/uploads\/2023\/06\/PRO-banner-768x93.png 768w, https:\/\/www.infokuryr.cz\/n\/wp-content\/uploads\/2023\/06\/PRO-banner.png 849w\" sizes=\"(max-width: 1375px) 100vw, 1375px\" \/><\/a><\/div>\n<p><span>Zelenskyj \u0159ekl, \u017ee b\u011bhem st\u0159ede\u010dn\u00edho telefon\u00e1tu pod\u011bkoval Alijevovi za\u00a0<\/span><em><span>\u201ev\u00fdznamnou humanit\u00e1rn\u00ed pomoc sv\u00e9 zem\u011b\u201c<\/span><\/em><span>\u00a0a \u017ee oba v\u016fdci\u00a0<\/span><em><span>\u201eznovu potvrdili n\u00e1\u0161 z\u00e1vazek k z\u00e1sad\u00e1m suverenity a \u00fazemn\u00ed celistvosti st\u00e1t\u016f\u201c.<\/span><\/em><\/p>\n<p><em><span>Minul\u00fd m\u011bs\u00edc \u00c1zerb\u00e1jd\u017e\u00e1n b\u011bhem kr\u00e1tk\u00e9 \u201eprotiteroristick\u00e9\u201c<\/span><\/em><span>\u00a0operace obnovil kontrolu nad odtr\u017eenou oblast\u00ed N\u00e1horn\u00edho Karabachu\u00a0.\u00a0Enkl\u00e1va, kter\u00e1 byla os\u00eddlena p\u0159ev\u00e1\u017en\u011b etnick\u00fdmi Arm\u00e9ny, vyhl\u00e1sila nez\u00e1vislost na Baku na za\u010d\u00e1tku 90. let, ale nebyla uzn\u00e1na \u017e\u00e1dnou zem\u00ed, v\u010detn\u011b Arm\u00e9nie.\u00a0<\/span><\/p>\n<p><span>P\u0159esto\u017ee Baku sl\u00edbilo chr\u00e1nit civilisty, v\u00edce ne\u017e 100 000 Arm\u00e9n\u016f \u2013 tedy zhruba 90 % odhadovan\u00e9 populace N\u00e1horn\u00edho Karabachu \u2013 uprchlo z enkl\u00e1vy pot\u00e9, co bylo koncem z\u00e1\u0159\u00ed dosa\u017eeno p\u0159\u00edm\u011b\u0159\u00ed.<\/span><\/p>\n<p><img decoding=\"async\" loading=\"lazy\" class=\"alignnone size-full wp-image-1185\" src=\"http:\/\/www.infokuryr.cz\/n\/wp-content\/uploads\/2021\/04\/kuryr-podpis.png\" alt=\"\" width=\"84\" height=\"24\" \/><\/p>\n<p>&nbsp;<\/p>\n<p>&nbsp;<\/p>\n","protected":false},"excerpt":{"rendered":"<p>Thierry Kovacs obvinil ukrajinsk\u00e9ho prezidenta z podpory \u201edikt\u00e1torsk\u00e9ho\u201c \u00c1zerb\u00e1jd\u017e\u00e1nu Starosta m\u011bsta Vienne na jihov\u00fdchod\u011b Francie&#8230;<\/p>\n","protected":false},"author":2,"featured_media":37707,"comment_status":"closed","ping_status":"closed","sticky":false,"template":"","format":"standard","meta":[],"categories":[7],"tags":[130,2965,1614,2568,1000],"_links":{"self":[{"href":"https:\/\/www.infokuryr.cz\/n\/wp-json\/wp\/v2\/posts\/37706"}],"collection":[{"href":"https:\/\/www.infokuryr.cz\/n\/wp-json\/wp\/v2\/posts"}],"about":[{"href":"https:\/\/www.infokuryr.cz\/n\/wp-json\/wp\/v2\/types\/post"}],"author":[{"embeddable":true,"href":"https:\/\/www.infokuryr.cz\/n\/wp-json\/wp\/v2\/users\/2"}],"replies":[{"embeddable":true,"href":"https:\/\/www.infokuryr.cz\/n\/wp-json\/wp\/v2\/comments?post=37706"}],"version-history":[{"count":0,"href":"https:\/\/www.infokuryr.cz\/n\/wp-json\/wp\/v2\/posts\/37706\/revisions"}],"wp:featuredmedia":[{"embeddable":true,"href":"https:\/\/www.infokuryr.cz\/n\/wp-json\/wp\/v2\/media\/37707"}],"wp:attachment":[{"href":"https:\/\/www.infokuryr.cz\/n\/wp-json\/wp\/v2\/media?parent=37706"}],"wp:term":[{"taxonomy":"category","embeddable":true,"href":"https:\/\/www.infokuryr.cz\/n\/wp-json\/wp\/v2\/categories?post=37706"},{"taxonomy":"post_tag","embeddable":true,"href":"https:\/\/www.infokuryr.cz\/n\/wp-json\/wp\/v2\/tags?post=37706"}],"curies":[{"name":"wp","href":"https:\/\/api.w.org\/{rel}","templated":true}]}}