{"id":37704,"date":"2023-10-07T08:04:39","date_gmt":"2023-10-07T06:04:39","guid":{"rendered":"http:\/\/www.infokuryr.cz\/n\/?p=37704"},"modified":"2023-10-07T08:15:02","modified_gmt":"2023-10-07T06:15:02","slug":"lubomir-man-je-prezident-pavel-svuj-ci-petra-kolare","status":"publish","type":"post","link":"https:\/\/www.infokuryr.cz\/n\/2023\/10\/07\/lubomir-man-je-prezident-pavel-svuj-ci-petra-kolare\/","title":{"rendered":"Lubom\u00edr Man: Je prezident Pavel sv\u016fj, \u010di Petra Kol\u00e1\u0159e?"},"content":{"rendered":"<div id=\"fb-root\"><\/div>\n<p>Ta ot\u00e1zka je na m\u00edst\u011b. A to ani ne proto, \u017ee o z\u00e1sluze n\u011bkdej\u0161\u00edho diplomata a jednoho z nejfanati\u010dt\u011bj\u0161\u00edch \u010desk\u00fdch rusofob\u016f Petra Kol\u00e1\u0159e na vznik na\u0161eho sou\u010dasn\u00e9ho prezidenta Petra Pavla jde dnes \u0159e\u010d nap\u0159\u00ed\u010d v\u0161emi \u010desk\u00fdmi hospodami i salony politik\u016f, ale hlavn\u011b proto, \u017ee se z t\u00e9to z\u00e1sluhy \u017e\u00e1dn\u00e9 tajemstv\u00ed ned\u011blalo a ned\u011bl\u00e1. Ba dokonce\u00a0 se zd\u00e1, jako by oba protagonist\u00e9 uveden\u00e9ho p\u0159\u00edb\u011bhu poci\u0165ovali jak\u00e9si nutk\u00e1n\u00ed d\u00e1t o n\u011bm lidu v\u011bd\u011bt. A to navzdory faktu, \u017ee motivace pro toto \u201enezaml\u010dov\u00e1n\u00ed\u201c je na stran\u011b obou z\u00fa\u010dastn\u011bn\u00fdch z\u00e1sadn\u011b odli\u0161n\u00e1, p\u0159esn\u011bji \u0159e\u010deno opa\u010dn\u00e1. Petr Kol\u00e1\u0159 nezaml\u010duje nic proto, \u017ee jeho egu d\u011bl\u00e1 dob\u0159e \u0161\u00ed\u0159en\u00e1 pov\u011bst \u010dertovsk\u00e9ho chlap\u00edka, kter\u00fd od sv\u00e9ho pracovn\u00edho stolu vedl cestu j\u00edm vybran\u00e9ho \u010dlov\u011bka z jeho vojensk\u00e9ho d\u016fchodu a\u017e na \u010desk\u00fd Hrad, zat\u00edmco Petr Pavel nezaml\u010duje nic proto, \u017ee tak n\u011bjak po skoutsku nepova\u017euje za poctiv\u00e9 p\u0159edst\u00edrat, \u017ee se do prezidentsk\u00e9 funkce vypracoval d\u00edky sv\u00fdm schopnostem, v\u016fl\u00ed a pracovitosti, kdy\u017e v\u00ed dob\u0159e, \u017ee jde o schopnosti, v\u016fli a pracovitost n\u011bkoho jin\u00e9ho. Proto t\u00e9\u017e o Petru Kol\u00e1\u0159ovi \u0159ekl, \u017ee je to \u201ejeho p\u0159\u00edtel po boku\u201c (i kdy\u017e v\u00fdsti\u017en\u011bj\u0161\u00ed by mo\u017en\u00e1 bylo \u0159\u00edct, p\u0159\u00edtel u ucha), a t\u00e9\u017e, \u017ee je to \u201ekl\u00ed\u010dov\u00fd \u010dlov\u011bk\u201c.<\/p>\n<p>Kl\u00ed\u010dov\u00fd \u010dlov\u011bk pro co? Pt\u00e1te se, ale sp\u00ed\u0161 jen form\u00e1ln\u011b, proto\u017ee odpov\u011b\u010f na tu ot\u00e1zku zn\u00e1te. Byl to kl\u00ed\u010dov\u00fd \u010dlov\u011bk pro ustaven\u00ed Pavla prezidentem a sou\u010dasn\u011b s t\u00edm i pro jeho druhou p\u0159em\u011bnu politickou, kdy\u017e tou prvn\u00ed byla jeho p\u0159em\u011bna z mladistv\u00e9ho p\u0159edsedy stranick\u00e9 organizace KS\u010c v arm\u00e1d\u011b v p\u0159edsedu vojensk\u00e9ho v\u00fdboru organizace NATO v roce 2015. Co\u017e byla doba, kdy, jak tu\u0161\u00edm, nebyl je\u0161t\u011b Petr Pavel tak zcela pod vlivem Petra Kol\u00e1\u0159e, a tu\u0161\u00edm tak z jeho tehdej\u0161\u00edho t\u00e1p\u00e1n\u00ed v kardin\u00e1ln\u00ed ot\u00e1zce tehdej\u0161\u00ed i dne\u0161n\u00ed doby.\u00a0 A to nakolik je \u010di nen\u00ed Rusko pro Evropu i sv\u011bt\u00a0 hrozbou. A dod\u00e1v\u00e1m: t\u00e1pan\u00ed, kter\u00e9, kdyby byl gener\u00e1lovi nabl\u00edzku Petr Kol\u00e1\u0159, by prost\u011b nebylo. A Rusko by viselo na pran\u00fd\u0159i.<\/p>\n<p><a href=\"https:\/\/stranapro.cz\/\"><img decoding=\"async\" loading=\"lazy\" class=\"wp-image-30218 aligncenter\" src=\"http:\/\/www.infokuryr.cz\/n\/wp-content\/uploads\/2023\/06\/PRO-banner-300x36.png\" alt=\"\" width=\"1367\" height=\"164\" srcset=\"https:\/\/www.infokuryr.cz\/n\/wp-content\/uploads\/2023\/06\/PRO-banner-300x36.png 300w, https:\/\/www.infokuryr.cz\/n\/wp-content\/uploads\/2023\/06\/PRO-banner-768x93.png 768w, https:\/\/www.infokuryr.cz\/n\/wp-content\/uploads\/2023\/06\/PRO-banner.png 849w\" sizes=\"(max-width: 1367px) 100vw, 1367px\" \/><\/a><\/p>\n<p>Vra\u0165me se pro utvrzen\u00ed t\u00e9to teze nap\u0159. do roku 2016 a tedy do \u010dasu, kdy si gener\u00e1l odsluhoval prvn\u00ed rok ve slu\u017eb\u011b NATO. 20.\u010dervna toho roku prohl\u00e1sil, \u017ee Rusko invazi do Pobalt\u00ed pravd\u011bpodobn\u011b nechyst\u00e1, a proto pr\u00fd Aliance neuva\u017euje o tom, \u017ee by do Pobalt\u00ed \u010di na svou v\u00fdchodn\u00ed hranici p\u0159esunula n\u011bjak\u00e9 v\u00fdznamn\u00e9 vojensk\u00e9 s\u00edly. A zhruba 14 dn\u00ed pot\u00e9, to je 4. srpna, \u0159ekl gener\u00e1l serveru Aktu\u00e1ln\u011b CZ, \u017ee pro NATO je v tuto chv\u00edli isl\u00e1msk\u00fd terorizmus mnohem urgentn\u011bj\u0161\u00ed hrozbou ne\u017e Rusko, k \u010demu\u017e dodal: \u201eNeexistuje jedin\u00fd dokumentovan\u00fd z\u00e1m\u011br, \u017ee by Rusko cht\u011blo alianci p\u0159\u00edmo vojensky ohrozit. Rusk\u00e9 z\u00e1m\u011bry jsou pro n\u00e1s v jist\u00e9 m\u00ed\u0159e srozumiteln\u00e9. Rusko z hlediska urgentnosti nep\u0159edstavuje v sou\u010dasn\u00e9 dob\u011b z\u00e1sadn\u00ed hrozbu&#8230; S p\u0159isp\u011bn\u00edm spole\u010dn\u00fdch k\u0159es\u0165ansk\u00fdch ko\u0159en\u016f je zde prostor pro nach\u00e1zen\u00ed spole\u010dn\u00fdch stanovisek s Ruskem\u201c.<\/p>\n<p>Ale u\u017e v z\u00e1\u0159\u00ed stejn\u00e9ho roku 2016 gener\u00e1l v interview pro \u010dasopis Xantypa \u0159ekl:\u00a0 \u201eRusko je pro n\u00e1s v\u011bt\u0161\u00ed hrozbou ne\u017e terorizmus\u201c. A dovysv\u011btlil: \u201eZ hlediska hrozeb pro st\u00e1t, ne pro jednotlivce, je Rusko hrozbou mnohem z\u00e1va\u017en\u011bj\u0161\u00ed\u201c.<\/p>\n<p>Srovnejme tento divok\u00fd tanec gener\u00e1la Pavla mezi stanovisky z roku 2016 s jeho p\u0159epevnou a jednolitou politickou i vojenskou lini\u00ed dne\u0161n\u00ed, a m\u016f\u017eeme h\u00e1dat, kdy se p\u00e1nem my\u0161lenek na\u0161eho nov\u00e9ho prezidenta stal Petr Kol\u00e1\u0159. Zapojme do toho dum\u00e1n\u00ed v\u0161echny sty\u010dn\u00e9 body jejich cest, zaberme do toho rozj\u00edm\u00e1n\u00ed i fakt, \u017ee v prezidentov\u011b doprovodu na z\u00e1\u0159ijov\u00e9 cest\u011b na 78. zased\u00e1n\u00ed Valn\u00e9ho shrom\u00e1\u017ed\u011bn\u00ed OSN Petr Kol\u00e1\u0159 v roli ofici\u00e1ln\u00edho prezidentova poradce u\u017e chyb\u011bt nemohl, a byl v n\u00ed z\u0159ejm\u011b (i kdy\u017e ne navenek), figurou nejv\u00fdznamn\u011bj\u0161\u00ed, a polo\u017eme si\u00a0 i ot\u00e1zku, do jak\u00e9 asi m\u00edry se prezident\u016fv poradce zaslou\u017eil o vyzn\u011bn\u00ed projevu na\u0161eho prezidenta jako jednoho z nejost\u0159ej\u0161\u00edch protirusk\u00fdch projev\u016f, je\u017e byly na zased\u00e1n\u00ed Valn\u00e9ho shrom\u00e1\u017ed\u011bn\u00ed proneseny.\u00a0 A to v\u010detn\u011b po\u017eadavku, aby p\u0159edstavitel\u00e9 Kremlu byli postaveni p\u0159ed soud, kter\u00fd\u017eto po\u017eadavek pak prezident Pavel o den pozd\u011bji opakoval i v Rad\u011b bezpe\u010dnosti OSN.<\/p>\n<p>A tak na z\u00e1v\u011br tohoto pojedn\u00e1n\u00ed snad u\u017e jen povzdech nad t\u00edm, \u017ee z jak\u00e9hosi ujedn\u00e1n\u00ed n\u00e1m nezn\u00e1m\u00fdch sil nem\u016f\u017eeme m\u00edt prezidenta, kter\u00e9mu bychom mohli v\u011b\u0159it, \u017ee to, co \u0159\u00edk\u00e1, poch\u00e1z\u00ed z jeho a ne z jak\u00e9si b\u011bsy st\u00edhan\u00e9 a utajovan\u00e9 ciz\u00ed hlavy.<\/p>\n<p>Zat\u00edm v\u0161ak Seznam.CZ pomalu rozj\u00ed\u017ed\u00ed kampa\u0148 za p\u0159\u00ed\u0161t\u00ed prezidenstv\u00ed Michaela Koc\u00e1ba (bez n\u011bj by\u00a0 snad sametu nebylo!), tak\u017ee po lou\u017ei se mo\u017en\u00e1 ocitneme hned pod Niagarou.<\/p>\n<p>Lubom\u00edr Man<\/p>\n<p><img decoding=\"async\" loading=\"lazy\" class=\"alignnone size-full wp-image-860\" src=\"http:\/\/www.infokuryr.cz\/n\/wp-content\/uploads\/2021\/04\/lub_man.jpg\" alt=\"\" width=\"143\" height=\"200\" \/><\/p>\n<p>&nbsp;<\/p>\n<p>&nbsp;<\/p>\n","protected":false},"excerpt":{"rendered":"<p>Ta ot\u00e1zka je na m\u00edst\u011b. A to ani ne proto, \u017ee o z\u00e1sluze n\u011bkdej\u0161\u00edho diplomata&#8230;<\/p>\n","protected":false},"author":2,"featured_media":30957,"comment_status":"closed","ping_status":"closed","sticky":false,"template":"","format":"standard","meta":[],"categories":[6],"tags":[29,4297,1173,122,165],"_links":{"self":[{"href":"https:\/\/www.infokuryr.cz\/n\/wp-json\/wp\/v2\/posts\/37704"}],"collection":[{"href":"https:\/\/www.infokuryr.cz\/n\/wp-json\/wp\/v2\/posts"}],"about":[{"href":"https:\/\/www.infokuryr.cz\/n\/wp-json\/wp\/v2\/types\/post"}],"author":[{"embeddable":true,"href":"https:\/\/www.infokuryr.cz\/n\/wp-json\/wp\/v2\/users\/2"}],"replies":[{"embeddable":true,"href":"https:\/\/www.infokuryr.cz\/n\/wp-json\/wp\/v2\/comments?post=37704"}],"version-history":[{"count":0,"href":"https:\/\/www.infokuryr.cz\/n\/wp-json\/wp\/v2\/posts\/37704\/revisions"}],"wp:featuredmedia":[{"embeddable":true,"href":"https:\/\/www.infokuryr.cz\/n\/wp-json\/wp\/v2\/media\/30957"}],"wp:attachment":[{"href":"https:\/\/www.infokuryr.cz\/n\/wp-json\/wp\/v2\/media?parent=37704"}],"wp:term":[{"taxonomy":"category","embeddable":true,"href":"https:\/\/www.infokuryr.cz\/n\/wp-json\/wp\/v2\/categories?post=37704"},{"taxonomy":"post_tag","embeddable":true,"href":"https:\/\/www.infokuryr.cz\/n\/wp-json\/wp\/v2\/tags?post=37704"}],"curies":[{"name":"wp","href":"https:\/\/api.w.org\/{rel}","templated":true}]}}