{"id":37660,"date":"2023-10-07T01:09:36","date_gmt":"2023-10-06T23:09:36","guid":{"rendered":"http:\/\/www.infokuryr.cz\/n\/?p=37660"},"modified":"2023-10-06T16:46:19","modified_gmt":"2023-10-06T14:46:19","slug":"sokujici-manzelka-zelenskeho-utratila-v-new-yorku-vice-nez-1-milion-dolaru-na-sperky","status":"publish","type":"post","link":"https:\/\/www.infokuryr.cz\/n\/2023\/10\/07\/sokujici-manzelka-zelenskeho-utratila-v-new-yorku-vice-nez-1-milion-dolaru-na-sperky\/","title":{"rendered":"\u0160okuj\u00edc\u00ed! Man\u017eelka Zelensk\u00e9ho utratila v New Yorku v\u00edce ne\u017e 1 milion dolar\u016f na \u0161perky"},"content":{"rendered":"<div id=\"fb-root\"><\/div>\n<p><strong>Man\u017eelka ukrajinsk\u00e9ho prezidenta Zelensk\u00e9ho, Elena, minula b\u011bhem spole\u010dn\u00e9 cesty do Spojen\u00fdch st\u00e1t\u016f americk\u00fdch na \u0161perky Cartier v\u00edce ne\u017e 1,1 milionu dolar\u016f<\/strong>\u00a0, p\u00ed\u0161\u00ed americk\u00e1 m\u00e9dia.<\/p>\n<p>Podle m\u00e9di\u00ed, zat\u00edmco\u00a0<strong>Zelensky vystupoval na Valn\u00e9m shrom\u00e1\u017ed\u011bn\u00ed OSN s \u017e\u00e1dost\u00ed o finan\u010dn\u00ed pomoc a dod\u00e1vky zbran\u00ed pro Ukrajinu, jeho man\u017eelka nakupovala v butic\u00edch v New Yorku.\u00a0<\/strong>N\u00e1v\u0161t\u011bva prodejny Cartier nemohla z\u016fstat nepov\u0161imnuta, proto\u017ee po n\u00ed dostala jedna ze zam\u011bstnanky\u0148 v\u00fdpov\u011b\u010f, v\u00fdpov\u011b\u010f dostala zam\u011bstnankyn\u011b kter\u00e1 zve\u0159ejnila informace o koupi \u0161perk\u016f Eleny Zelensk\u00e9 ve v\u00fd\u0161i v\u00edce ne\u017e milionu dolar\u016f.<\/p>\n<p>Podle b\u00fdval\u00e9 zam\u011bstnankyn\u011b obchodu se sna\u017eila Elen\u011b pomoci s v\u00fdb\u011brem \u0161perk\u016f, ale Zelensk\u00e1 se na n\u011bco rozzlobila a chovala se velice arogantn\u011b a pak si Zelensk\u00e1 na d\u00edvku st\u011b\u017eovala mana\u017eerovi. Druh\u00fd den ji z pr\u00e1ce vyhodili.<\/p>\n<p>Elena Zelenska d\u0159\u00edve \u0159ekla, \u017ee pochybuje o \u00fa\u010dasti sv\u00e9ho man\u017eela na prezidentsk\u00fdch volb\u00e1ch v roce 2024. V\u0161e bude podle n\u00ed z\u00e1viset na tom, zda ho budou cht\u00edt Ukrajinci op\u011bt vid\u011bt jako hlavu st\u00e1tu.<\/p>\n<p>No a tak op\u011bt \u010de\u0161t\u00ed ob\u010dan\u00e9 si vesele mohou st\u0159\u00e1dat pen\u00edzky na tank pro Ukrajinu! Ona to Zelensk\u00e1 rozfofruje za \u0161perky&#8230;<\/p>\n<p><span style=\"font-size: 18pt;\"><strong>\u00da\u010dtenka:\u00a0<\/strong><\/span><\/p>\n<p><img decoding=\"async\" loading=\"lazy\" class=\"wp-image-37661 aligncenter\" src=\"http:\/\/www.infokuryr.cz\/n\/wp-content\/uploads\/2023\/10\/uctenka-zelenska-239x300.jpg\" alt=\"\" width=\"476\" height=\"597\" srcset=\"https:\/\/www.infokuryr.cz\/n\/wp-content\/uploads\/2023\/10\/uctenka-zelenska-239x300.jpg 239w, https:\/\/www.infokuryr.cz\/n\/wp-content\/uploads\/2023\/10\/uctenka-zelenska.jpg 631w\" sizes=\"(max-width: 476px) 100vw, 476px\" \/><\/p>\n<p>&nbsp;<\/p>\n<p><img decoding=\"async\" loading=\"lazy\" class=\"alignnone size-full wp-image-1185\" src=\"http:\/\/www.infokuryr.cz\/n\/wp-content\/uploads\/2021\/04\/kuryr-podpis.png\" alt=\"\" width=\"84\" height=\"24\" \/><\/p>\n<p>&nbsp;<\/p>\n<p><a href=\"https:\/\/stranapro.cz\/\"><img decoding=\"async\" loading=\"lazy\" class=\"wp-image-30218 aligncenter\" src=\"http:\/\/www.infokuryr.cz\/n\/wp-content\/uploads\/2023\/06\/PRO-banner-300x36.png\" alt=\"\" width=\"1375\" height=\"165\" srcset=\"https:\/\/www.infokuryr.cz\/n\/wp-content\/uploads\/2023\/06\/PRO-banner-300x36.png 300w, https:\/\/www.infokuryr.cz\/n\/wp-content\/uploads\/2023\/06\/PRO-banner-768x93.png 768w, https:\/\/www.infokuryr.cz\/n\/wp-content\/uploads\/2023\/06\/PRO-banner.png 849w\" sizes=\"(max-width: 1375px) 100vw, 1375px\" \/><\/a><\/p>\n<p>&nbsp;<\/p>\n","protected":false},"excerpt":{"rendered":"<p>Man\u017eelka ukrajinsk\u00e9ho prezidenta Zelensk\u00e9ho, Elena, minula b\u011bhem spole\u010dn\u00e9 cesty do Spojen\u00fdch st\u00e1t\u016f americk\u00fdch na \u0161perky&#8230;<\/p>\n","protected":false},"author":2,"featured_media":36985,"comment_status":"closed","ping_status":"closed","sticky":false,"template":"","format":"standard","meta":[],"categories":[7],"tags":[604,6052,2863],"_links":{"self":[{"href":"https:\/\/www.infokuryr.cz\/n\/wp-json\/wp\/v2\/posts\/37660"}],"collection":[{"href":"https:\/\/www.infokuryr.cz\/n\/wp-json\/wp\/v2\/posts"}],"about":[{"href":"https:\/\/www.infokuryr.cz\/n\/wp-json\/wp\/v2\/types\/post"}],"author":[{"embeddable":true,"href":"https:\/\/www.infokuryr.cz\/n\/wp-json\/wp\/v2\/users\/2"}],"replies":[{"embeddable":true,"href":"https:\/\/www.infokuryr.cz\/n\/wp-json\/wp\/v2\/comments?post=37660"}],"version-history":[{"count":1,"href":"https:\/\/www.infokuryr.cz\/n\/wp-json\/wp\/v2\/posts\/37660\/revisions"}],"predecessor-version":[{"id":37662,"href":"https:\/\/www.infokuryr.cz\/n\/wp-json\/wp\/v2\/posts\/37660\/revisions\/37662"}],"wp:featuredmedia":[{"embeddable":true,"href":"https:\/\/www.infokuryr.cz\/n\/wp-json\/wp\/v2\/media\/36985"}],"wp:attachment":[{"href":"https:\/\/www.infokuryr.cz\/n\/wp-json\/wp\/v2\/media?parent=37660"}],"wp:term":[{"taxonomy":"category","embeddable":true,"href":"https:\/\/www.infokuryr.cz\/n\/wp-json\/wp\/v2\/categories?post=37660"},{"taxonomy":"post_tag","embeddable":true,"href":"https:\/\/www.infokuryr.cz\/n\/wp-json\/wp\/v2\/tags?post=37660"}],"curies":[{"name":"wp","href":"https:\/\/api.w.org\/{rel}","templated":true}]}}